{"id":8619,"date":"2023-11-08T13:30:48","date_gmt":"2023-11-08T13:30:48","guid":{"rendered":"https:\/\/millinews.az\/xeber\/prezident-az%C9%99rbaycani-q%C9%99l%C9%99b%C9%99y%C9%99-aparan-%C9%99sas-amill%C9%99ri-aciqladi\/"},"modified":"2023-11-08T13:30:48","modified_gmt":"2023-11-08T13:30:48","slug":"prezident-az%C9%99rbaycani-q%C9%99l%C9%99b%C9%99y%C9%99-aparan-%C9%99sas-amill%C9%99ri-aciqladi","status":"publish","type":"post","link":"https:\/\/millitv.net\/?p=8619","title":{"rendered":"Prezident Az\u0259rbaycan\u0131 Q\u0259l\u0259b\u0259y\u0259 aparan \u0259sas amill\u0259ri a\u00e7\u0131qlad\u0131"},"content":{"rendered":"<div id=\"maincontent\">&#13;<br \/>\n        &#13;<\/p>\n<p><strong>Biz 20 il \u0259rzind\u0259 bu g\u00fcn\u0259 do\u011fru gedirdik, haz\u0131rl\u0131q i\u015fl\u0259ri gedirdi, beyn\u0259lxalq h\u00fcquq m\u00fcst\u0259visind\u0259 Az\u0259rbaycan m\u00f6vqel\u0259ri m\u00f6hk\u0259ml\u0259ndirilirdi. Siyasi m\u00fcst\u0259vid\u0259 apard\u0131\u011f\u0131m\u0131z u\u011furlu f\u0259aliyy\u0259t n\u0259tic\u0259sind\u0259 b\u00fct\u00fcn d\u00fcnya art\u0131q bilm\u0259y\u0259 ba\u015flam\u0131\u015fd\u0131r ki, haql\u0131 t\u0259r\u0259f bizik. \u0130qtisadi sah\u0259d\u0259 apard\u0131\u011f\u0131m\u0131z islahatlar imkan verdi ki, m\u00fcst\u0259qil iqtisadiyyat quraq, he\u00e7 kimd\u0259n as\u0131l\u0131 olmayaq, \u00f6z h\u0259yat\u0131m\u0131z\u0131 \u00f6z\u00fcm\u00fcz quraq. G\u00fccl\u00fc siyasi irad\u0259 imkan verdi ki, m\u00fcst\u0259qil xarici siyas\u0259t aparaq, daxili siyas\u0259t aparaq, imkan verm\u0259y\u0259k, kims\u0259 bizim i\u015fimiz\u0259 m\u00fcdaxil\u0259 etsin. Halbuki bel\u0259 c\u0259hdl\u0259r tarixd\u0259 \u00e7ox olmu\u015fdur. D\u00f6vl\u0259timizi, milli l\u0259yaq\u0259timizi, h\u0259yat t\u0259rzimizi, \u0259n\u0259n\u0259l\u0259rimizi qorumu\u015fuq ki, he\u00e7 kim bizim i\u015fl\u0259rimiz\u0259 burnunu soxmas\u0131n.<\/strong><\/p>\n<p><a href=\"https:\/\/Millinews.az\" target=\"_blank\" class=\"kw-link\" rel=\"noopener\">Millinews.az<\/a> x\u0259b\u0259r verir ki, bu s\u00f6zl\u0259ri Az\u0259rbaycan Prezidenti \u0130lham \u018fliyev 8 Noyabr \u2013 Z\u0259f\u0259r G\u00fcn\u00fc m\u00fcnasib\u0259til\u0259 Xank\u0259ndi \u015f\u0259h\u0259rind\u0259 ke\u00e7iril\u0259n h\u0259rbi paradda \u00e7\u0131x\u0131\u015f\u0131nda s\u00f6yl\u0259yib. &#13;\n<\/p>\n<p>\u018flb\u0259tt\u0259, ordu quruculu\u011funun birinci n\u00f6mr\u0259li v\u0259zif\u0259 hesab edildiyini diqq\u0259t\u0259 \u00e7atd\u0131ran d\u00f6vl\u0259t ba\u015f\u00e7\u0131s\u0131 Az\u0259rbaycan\u0131 Q\u0259l\u0259b\u0259y\u0259 aparan \u0259sas amill\u0259rin maddi-texniki t\u0259chizat, silah-sursatla t\u0259chizat, ordumuzun d\u00f6y\u00fc\u015f qabiliyy\u0259tinin qald\u0131r\u0131lmas\u0131 v\u0259 ilk n\u00f6vb\u0259d\u0259, g\u0259ncl\u0259rimizin v\u0259t\u0259np\u0259rv\u0259rlik ruhunda t\u0259rbiy\u0259 edilm\u0259si oldu\u011funu bildirib.&#13;<br \/>\n        &#13;<br \/>\n&#13;<br \/>\n        &#13;<br \/>\n&#13;\n        <\/p>\n<p><noscript><\/p>\n<p>You must enable Javascript on your browser for the site to work optimally and display sections completely.<\/p>\n<p><\/noscript>\t\t&#13;<br \/>\n\t\t&#13;\n    <\/div>\n<p><script type=\"text\/javascript\">jQuery(document).ready(function () {\n(function(d, s, id) {\n    var js, fjs = d.getElementsByTagName(s)[0];\n    if (d.getElementById(id))\n        return;\n    js = d.createElement(s);\n    js.id = id;\n    js.src = \"\/\/connect.facebook.net\/az_AZ\/all.js#xfbml=1&appId=1002485763137712\";\n    fjs.parentNode.insertBefore(js, fjs);\n}(document, 'script', 'facebook-jssdk'));                \n});<\/script><\/p>\n","protected":false},"excerpt":{"rendered":"<p>&#13; &#13; Biz 20 il \u0259rzind\u0259 bu g\u00fcn\u0259 do\u011fru gedirdik, haz\u0131rl\u0131q i\u015fl\u0259ri gedirdi, beyn\u0259lxalq h\u00fcquq m\u00fcst\u0259visind\u0259 Az\u0259rbaycan m\u00f6vqel\u0259ri m\u00f6hk\u0259ml\u0259ndirilirdi. Siyasi m\u00fcst\u0259vid\u0259 apard\u0131\u011f\u0131m\u0131z u\u011furlu f\u0259aliyy\u0259t n\u0259tic\u0259sind\u0259 b\u00fct\u00fcn d\u00fcnya art\u0131q bilm\u0259y\u0259 ba\u015flam\u0131\u015fd\u0131r ki, haql\u0131 t\u0259r\u0259f bizik. \u0130qtisadi sah\u0259d\u0259 apard\u0131\u011f\u0131m\u0131z islahatlar imkan verdi ki, m\u00fcst\u0259qil iqtisadiyyat quraq, he\u00e7 kimd\u0259n as\u0131l\u0131 olmayaq, \u00f6z h\u0259yat\u0131m\u0131z\u0131 \u00f6z\u00fcm\u00fcz quraq. G\u00fccl\u00fc siyasi irad\u0259 &hellip;<\/p>\n","protected":false},"author":1,"featured_media":8620,"comment_status":"open","ping_status":"closed","sticky":false,"template":"","format":"standard","meta":{"footnotes":""},"categories":[9],"tags":[],"class_list":["post-8619","post","type-post","status-publish","format-standard","has-post-thumbnail","hentry","category-xeber"],"_links":{"self":[{"href":"https:\/\/millitv.net\/index.php?rest_route=\/wp\/v2\/posts\/8619","targetHints":{"allow":["GET"]}}],"collection":[{"href":"https:\/\/millitv.net\/index.php?rest_route=\/wp\/v2\/posts"}],"about":[{"href":"https:\/\/millitv.net\/index.php?rest_route=\/wp\/v2\/types\/post"}],"author":[{"embeddable":true,"href":"https:\/\/millitv.net\/index.php?rest_route=\/wp\/v2\/users\/1"}],"replies":[{"embeddable":true,"href":"https:\/\/millitv.net\/index.php?rest_route=%2Fwp%2Fv2%2Fcomments&post=8619"}],"version-history":[{"count":0,"href":"https:\/\/millitv.net\/index.php?rest_route=\/wp\/v2\/posts\/8619\/revisions"}],"wp:featuredmedia":[{"embeddable":true,"href":"https:\/\/millitv.net\/index.php?rest_route=\/wp\/v2\/media\/8620"}],"wp:attachment":[{"href":"https:\/\/millitv.net\/index.php?rest_route=%2Fwp%2Fv2%2Fmedia&parent=8619"}],"wp:term":[{"taxonomy":"category","embeddable":true,"href":"https:\/\/millitv.net\/index.php?rest_route=%2Fwp%2Fv2%2Fcategories&post=8619"},{"taxonomy":"post_tag","embeddable":true,"href":"https:\/\/millitv.net\/index.php?rest_route=%2Fwp%2Fv2%2Ftags&post=8619"}],"curies":[{"name":"wp","href":"https:\/\/api.w.org\/{rel}","templated":true}]}}