{"id":8617,"date":"2023-11-08T13:24:58","date_gmt":"2023-11-08T13:24:58","guid":{"rendered":"https:\/\/millinews.az\/xeber\/erm%C9%99nistan-r%C9%99hb%C9%99rliyi-sozl%C9%99rim%C9%99-qulaq-assaydi-ikinci-qarabag-muharib%C9%99sin%C9%99-ehtiyac-qalmazdi\/"},"modified":"2023-11-08T13:24:58","modified_gmt":"2023-11-08T13:24:58","slug":"erm%C9%99nistan-r%C9%99hb%C9%99rliyi-sozl%C9%99rim%C9%99-qulaq-assaydi-ikinci-qarabag-muharib%C9%99sin%C9%99-ehtiyac-qalmazdi","status":"publish","type":"post","link":"https:\/\/millitv.net\/?p=8617","title":{"rendered":"Erm\u0259nistan r\u0259hb\u0259rliyi s\u00f6zl\u0259rim\u0259 qulaq assayd\u0131, \u0130kinci Qaraba\u011f m\u00fcharib\u0259sin\u0259 ehtiyac qalmazd\u0131"},"content":{"rendered":"<div id=\"maincontent\">&#13;<br \/>\n        &#13;<\/p>\n<p><strong>Erm\u0259nistan-Az\u0259rbaycan m\u00fcnaqi\u015f\u0259sinin nizamlanmas\u0131 il\u0259 m\u0259\u015f\u011ful olmu\u015f vasit\u0259\u00e7il\u0259r faktiki olaraq v\u0259ziyy\u0259ti dondurma\u011fa \u00e7al\u0131\u015f\u0131rd\u0131lar, hesab edirdil\u0259r ki, Az\u0259rbaycan xalq\u0131 bu v\u0259ziyy\u0259tl\u0259 bar\u0131\u015facaq. Ancaq Az\u0259rbaycan xalq\u0131 he\u00e7 vaxt bu v\u0259ziyy\u0259tl\u0259 bar\u0131\u015fmaq fikrind\u0259 deyildi. M\u0259n d\u0259f\u0259l\u0259rl\u0259 bunu m\u00fcxt\u0259lif k\u00fcrs\u00fcl\u0259rd\u0259n b\u0259yan etmi\u015fdim ki, biz bu v\u0259ziyy\u0259tl\u0259 bar\u0131\u015fmayaca\u011f\u0131q, Az\u0259rbaycan torpa\u011f\u0131nda ikinci erm\u0259ni d\u00f6vl\u0259tinin yarad\u0131lmas\u0131na icaz\u0259 verm\u0259y\u0259c\u0259yik v\u0259 dan\u0131\u015f\u0131qlar n\u0259tic\u0259siz ba\u015fa \u00e7atsa, g\u00fcc t\u0259tbiq ed\u0259r\u0259k beyn\u0259lxalq h\u00fcquq \u0259sas\u0131nda \u00f6z do\u011fma torpaqlar\u0131m\u0131z\u0131 d\u00f6y\u00fc\u015f meydan\u0131nda i\u015f\u011fal\u00e7\u0131lardan azad ed\u0259c\u0259yik.<\/strong><\/p>\n<p><a href=\"https:\/\/Millinews.az\" target=\"_blank\" class=\"kw-link\" rel=\"noopener\">Millinews.az<\/a> x\u0259b\u0259r verir ki, bu s\u00f6zl\u0259ri Az\u0259rbaycan Prezidenti \u0130lham \u018fliyev 8 Noyabr \u2013 Z\u0259f\u0259r G\u00fcn\u00fc m\u00fcnasib\u0259til\u0259 Xank\u0259ndi \u015f\u0259h\u0259rind\u0259 ke\u00e7iril\u0259n h\u0259rbi paradda \u00e7\u0131x\u0131\u015f\u0131nda deyib. &#13;\n<\/p>\n<p>D\u00f6vl\u0259timizin ba\u015f\u00e7\u0131s\u0131 bildirib: \u201c\u018fg\u0259r Erm\u0259nistan r\u0259hb\u0259rliyi v\u0259 onun arxas\u0131nda o vaxt v\u0259 bu g\u00fcn duran b\u0259zi xarici q\u00fcvv\u0259l\u0259r m\u0259nim s\u00f6zl\u0259rim\u0259 qulaq assayd\u0131lar, \u0130kinci Qaraba\u011f m\u00fcharib\u0259sin\u0259 ehtiyac qalmazd\u0131. M\u0259n d\u0259f\u0259l\u0259rl\u0259 deyirdim, Erm\u0259nistan r\u0259hb\u0259rliyin\u0259 m\u00fcraci\u0259t ed\u0259r\u0259k deyirdim ki, \u0259g\u0259r siz bizim torpa\u011f\u0131m\u0131zdan \u00e7\u0131xmasan\u0131z, d\u00f6y\u00fc\u015f meydan\u0131nda biziml\u0259 \u00fcz-\u00fcz\u0259 g\u0259l\u0259c\u0259ksiniz v\u0259 sizin arxan\u0131zda kim ist\u0259yirs\u0259 dursun, bu, bizi haqq yolumuzdan d\u00f6nd\u0259r\u0259 bilm\u0259z. 44 g\u00fcnl\u00fck V\u0259t\u0259n m\u00fcharib\u0259si bunu bir daha g\u00f6st\u0259rdi\u201d.&#13;<br \/>\n        &#13;<br \/>\n&#13;<br \/>\n        &#13;<br \/>\n&#13;\n        <\/p>\n<p><noscript><\/p>\n<p>You must enable Javascript on your browser for the site to work optimally and display sections completely.<\/p>\n<p><\/noscript>\t\t&#13;<br \/>\n\t\t&#13;\n    <\/div>\n<p><script type=\"text\/javascript\">jQuery(document).ready(function () {\n(function(d, s, id) {\n    var js, fjs = d.getElementsByTagName(s)[0];\n    if (d.getElementById(id))\n        return;\n    js = d.createElement(s);\n    js.id = id;\n    js.src = \"\/\/connect.facebook.net\/az_AZ\/all.js#xfbml=1&appId=1002485763137712\";\n    fjs.parentNode.insertBefore(js, fjs);\n}(document, 'script', 'facebook-jssdk'));                \n});<\/script><\/p>\n","protected":false},"excerpt":{"rendered":"<p>&#13; &#13; Erm\u0259nistan-Az\u0259rbaycan m\u00fcnaqi\u015f\u0259sinin nizamlanmas\u0131 il\u0259 m\u0259\u015f\u011ful olmu\u015f vasit\u0259\u00e7il\u0259r faktiki olaraq v\u0259ziyy\u0259ti dondurma\u011fa \u00e7al\u0131\u015f\u0131rd\u0131lar, hesab edirdil\u0259r ki, Az\u0259rbaycan xalq\u0131 bu v\u0259ziyy\u0259tl\u0259 bar\u0131\u015facaq. Ancaq Az\u0259rbaycan xalq\u0131 he\u00e7 vaxt bu v\u0259ziyy\u0259tl\u0259 bar\u0131\u015fmaq fikrind\u0259 deyildi. M\u0259n d\u0259f\u0259l\u0259rl\u0259 bunu m\u00fcxt\u0259lif k\u00fcrs\u00fcl\u0259rd\u0259n b\u0259yan etmi\u015fdim ki, biz bu v\u0259ziyy\u0259tl\u0259 bar\u0131\u015fmayaca\u011f\u0131q, Az\u0259rbaycan torpa\u011f\u0131nda ikinci erm\u0259ni d\u00f6vl\u0259tinin yarad\u0131lmas\u0131na icaz\u0259 verm\u0259y\u0259c\u0259yik v\u0259 dan\u0131\u015f\u0131qlar n\u0259tic\u0259siz &hellip;<\/p>\n","protected":false},"author":1,"featured_media":8618,"comment_status":"open","ping_status":"closed","sticky":false,"template":"","format":"standard","meta":{"footnotes":""},"categories":[9],"tags":[],"class_list":["post-8617","post","type-post","status-publish","format-standard","has-post-thumbnail","hentry","category-xeber"],"_links":{"self":[{"href":"https:\/\/millitv.net\/index.php?rest_route=\/wp\/v2\/posts\/8617","targetHints":{"allow":["GET"]}}],"collection":[{"href":"https:\/\/millitv.net\/index.php?rest_route=\/wp\/v2\/posts"}],"about":[{"href":"https:\/\/millitv.net\/index.php?rest_route=\/wp\/v2\/types\/post"}],"author":[{"embeddable":true,"href":"https:\/\/millitv.net\/index.php?rest_route=\/wp\/v2\/users\/1"}],"replies":[{"embeddable":true,"href":"https:\/\/millitv.net\/index.php?rest_route=%2Fwp%2Fv2%2Fcomments&post=8617"}],"version-history":[{"count":0,"href":"https:\/\/millitv.net\/index.php?rest_route=\/wp\/v2\/posts\/8617\/revisions"}],"wp:featuredmedia":[{"embeddable":true,"href":"https:\/\/millitv.net\/index.php?rest_route=\/wp\/v2\/media\/8618"}],"wp:attachment":[{"href":"https:\/\/millitv.net\/index.php?rest_route=%2Fwp%2Fv2%2Fmedia&parent=8617"}],"wp:term":[{"taxonomy":"category","embeddable":true,"href":"https:\/\/millitv.net\/index.php?rest_route=%2Fwp%2Fv2%2Fcategories&post=8617"},{"taxonomy":"post_tag","embeddable":true,"href":"https:\/\/millitv.net\/index.php?rest_route=%2Fwp%2Fv2%2Ftags&post=8617"}],"curies":[{"name":"wp","href":"https:\/\/api.w.org\/{rel}","templated":true}]}}