{"id":861,"date":"2023-09-27T12:25:31","date_gmt":"2023-09-27T12:25:31","guid":{"rendered":"https:\/\/millinews.az\/?p=861"},"modified":"2023-09-27T12:25:32","modified_gmt":"2023-09-27T12:25:32","slug":"vardanyan-bel%c9%99-saxlanildi","status":"publish","type":"post","link":"https:\/\/millitv.net\/?p=861","title":{"rendered":"Vardanyan bel\u0259 saxlan\u0131ld\u0131"},"content":{"rendered":"\n<p><strong>Sentyabr\u0131n 27-d\u0259 \u201cLa\u00e7\u0131n\u201d d\u00f6vl\u0259t s\u0259rh\u0259dind\u0259n burax\u0131l\u0131\u015f m\u0259nt\u0259q\u0259sind\u0259 D\u00f6vl\u0259t S\u0259rh\u0259d Xidm\u0259tinin h\u0259rbi qulluq\u00e7ular\u0131n\u0131n say\u0131ql\u0131\u011f\u0131 n\u0259tic\u0259sind\u0259 \u00f6lk\u0259 \u0259razisin\u0259 qeyri-qanuni g\u0259l\u0259r\u0259k qondarma \u201cDa\u011fl\u0131q Qaraba\u011f Respublikas\u0131n\u0131n D\u00f6vl\u0259t naziri\u201d v\u0259zif\u0259sind\u0259 \u00e7al\u0131\u015fm\u0131\u015f 1968-ci il t\u0259v\u0259ll\u00fcdl\u00fc Ruben Karleni Vardanyan Az\u0259rbaycan Respublikas\u0131ndan Erm\u0259nistan istiqam\u0259tind\u0259 h\u0259r\u0259k\u0259t ed\u0259rk\u0259n saxlan\u0131l\u0131b.<\/strong><\/p>\n\n\n\n<p>Vardanyan\u0131n saxlanma an\u0131n\u0131 t\u0259qdim edirik:<\/p>\n\n\n\n<figure class=\"wp-block-video\"><video controls src=\"<iframe width=&quot;560&quot; height=&quot;315&quot; src=&quot;\/\/ok.ru\/videoembed\/7183877278284&quot; frameborder=&quot;0&quot; allow=&quot;autoplay&quot; allowfullscreen&gt;<\/iframe&gt;\"><\/video><\/figure>\n","protected":false},"excerpt":{"rendered":"<p>Sentyabr\u0131n 27-d\u0259 \u201cLa\u00e7\u0131n\u201d d\u00f6vl\u0259t s\u0259rh\u0259dind\u0259n burax\u0131l\u0131\u015f m\u0259nt\u0259q\u0259sind\u0259 D\u00f6vl\u0259t S\u0259rh\u0259d Xidm\u0259tinin h\u0259rbi qulluq\u00e7ular\u0131n\u0131n say\u0131ql\u0131\u011f\u0131 n\u0259tic\u0259sind\u0259 \u00f6lk\u0259 \u0259razisin\u0259 qeyri-qanuni g\u0259l\u0259r\u0259k qondarma \u201cDa\u011fl\u0131q Qaraba\u011f Respublikas\u0131n\u0131n D\u00f6vl\u0259t naziri\u201d v\u0259zif\u0259sind\u0259 \u00e7al\u0131\u015fm\u0131\u015f 1968-ci il t\u0259v\u0259ll\u00fcdl\u00fc Ruben Karleni Vardanyan Az\u0259rbaycan Respublikas\u0131ndan Erm\u0259nistan istiqam\u0259tind\u0259 h\u0259r\u0259k\u0259t ed\u0259rk\u0259n saxlan\u0131l\u0131b. Vardanyan\u0131n saxlanma an\u0131n\u0131 t\u0259qdim edirik:<\/p>\n","protected":false},"author":1,"featured_media":862,"comment_status":"open","ping_status":"closed","sticky":false,"template":"","format":"standard","meta":{"footnotes":""},"categories":[3],"tags":[],"class_list":["post-861","post","type-post","status-publish","format-standard","has-post-thumbnail","hentry","category-olke"],"_links":{"self":[{"href":"https:\/\/millitv.net\/index.php?rest_route=\/wp\/v2\/posts\/861","targetHints":{"allow":["GET"]}}],"collection":[{"href":"https:\/\/millitv.net\/index.php?rest_route=\/wp\/v2\/posts"}],"about":[{"href":"https:\/\/millitv.net\/index.php?rest_route=\/wp\/v2\/types\/post"}],"author":[{"embeddable":true,"href":"https:\/\/millitv.net\/index.php?rest_route=\/wp\/v2\/users\/1"}],"replies":[{"embeddable":true,"href":"https:\/\/millitv.net\/index.php?rest_route=%2Fwp%2Fv2%2Fcomments&post=861"}],"version-history":[{"count":0,"href":"https:\/\/millitv.net\/index.php?rest_route=\/wp\/v2\/posts\/861\/revisions"}],"wp:featuredmedia":[{"embeddable":true,"href":"https:\/\/millitv.net\/index.php?rest_route=\/wp\/v2\/media\/862"}],"wp:attachment":[{"href":"https:\/\/millitv.net\/index.php?rest_route=%2Fwp%2Fv2%2Fmedia&parent=861"}],"wp:term":[{"taxonomy":"category","embeddable":true,"href":"https:\/\/millitv.net\/index.php?rest_route=%2Fwp%2Fv2%2Fcategories&post=861"},{"taxonomy":"post_tag","embeddable":true,"href":"https:\/\/millitv.net\/index.php?rest_route=%2Fwp%2Fv2%2Ftags&post=861"}],"curies":[{"name":"wp","href":"https:\/\/api.w.org\/{rel}","templated":true}]}}