{"id":8601,"date":"2023-11-08T11:51:01","date_gmt":"2023-11-08T11:51:01","guid":{"rendered":"https:\/\/millinews.az\/xeber\/h%C9%99yatda-olan-milli-q%C9%99hr%C9%99manlarimiz-hazirda-n%C9%99-isl%C9%99-m%C9%99sguldurlar\/"},"modified":"2023-11-08T11:51:01","modified_gmt":"2023-11-08T11:51:01","slug":"h%C9%99yatda-olan-milli-q%C9%99hr%C9%99manlarimiz-hazirda-n%C9%99-isl%C9%99-m%C9%99sguldurlar","status":"publish","type":"post","link":"https:\/\/millitv.net\/?p=8601","title":{"rendered":"H\u0259yatda olan Milli Q\u0259hr\u0259manlar\u0131m\u0131z haz\u0131rda n\u0259 i\u015fl\u0259 m\u0259\u015f\u011fuldurlar?"},"content":{"rendered":"<div id=\"maincontent\">&#13;<br \/>\n        &#13;<\/p>\n<p><strong>Ke\u00e7\u0259n \u0259srin 90-c\u0131 ill\u0259rinin \u0259vv\u0259ll\u0259rind\u0259n bu yana torpaqlar\u0131m\u0131z\u0131n azadl\u0131\u011f\u0131 u\u011frunda m\u00fcharib\u0259d\u0259 i\u015ftirak ed\u0259n Az\u0259rbaycan Ordusunun 218 n\u0259f\u0259r h\u0259rbi qulluq\u00e7usu \u201cMilli Q\u0259hr\u0259man\u201d ad\u0131na layiq g\u00f6r\u00fcl\u00fcb. V\u0259t\u0259nimizin m\u00fcdafi\u0259si u\u011frunda x\u00fcsusi \u015f\u00fcca\u0259t g\u00f6st\u0259rib, \u201cMilli Q\u0259hr\u0259man\u201d ad\u0131n\u0131 qazanan 14 n\u0259f\u0259r is\u0259 h\u0259yatdad\u0131r.<\/strong><\/p>\n<p>B\u0259s, h\u0259min Milli Q\u0259hr\u0259manlar indi haradad\u0131rlar? &#13;\n<\/p>\n<p><a href=\"https:\/\/Millinews.az\" target=\"_blank\" class=\"kw-link\" rel=\"noopener\">Millinews.az<\/a> x\u0259b\u0259r verir ki, Bizim.media bu bar\u0259d\u0259 ara\u015fd\u0131rma apar\u0131b.<\/p>\n<p>\u015eahin Ta\u011f\u0131yev<\/p>\n<p>\u015eahin Tal\u0131b o\u011flu Ta\u011f\u0131yev 1949-cu il fevral\u0131n 3-d\u0259 anadan olub. 1992-ci ild\u0259 Milli Q\u0259hr\u0259man ad\u0131na layiq g\u00f6r\u00fcl\u00fcb. T\u0259rt\u0259r, Seysulan, Yar\u0131mca, Levonarx \u0259traf\u0131ndak\u0131 d\u00f6y\u00fc\u015fl\u0259rd\u0259 i\u015ftirak edib. O, \u201cQurtulu\u015f\u201d batalyonunun komandiri olub. 1993-c\u00fc ilin mart\u0131nda d\u00f6y\u00fc\u015fl\u0259rin birind\u0259 a\u011f\u0131r yaralan\u0131b, hospitalda uzunm\u00fcdd\u0259tli m\u00fcalic\u0259d\u0259n sonra polkovnik-leytenant r\u00fctb\u0259si il\u0259 ordudan t\u0259rxis olunub. Haz\u0131rda \u0130sve\u00e7d\u0259 ya\u015fay\u0131r.<\/p>\n<p><img decoding=\"async\" src=\"https:\/\/baku.ws\/uploads\/posts\/2023-11\/1699439946_1699354472_photo_5352747630414910099_w.jpg\" alt=\"\" title=\"\"><\/p>\n<p>Sahil M\u0259mm\u0259dov<\/p>\n<p>Sahil \u018fl\u0259mdar o\u011flu M\u0259mm\u0259dov 1964-c\u00fc il fevral\u0131n 25-d\u0259 anadan olub. 1992-ci ild\u0259n h\u0259rbi polis alay\u0131nda rota komandiri kimi xidm\u0259t\u0259 ba\u015flay\u0131b. Sahil M\u0259mm\u0259dovun komandirlik etdiyi b\u00f6l\u00fck Birinci Qaraba\u011f m\u00fcharib\u0259si zaman\u0131 Z\u0259ngilan rayonunun Qazan\u00e7\u0131, A\u011fk\u0259nd, D\u0259r\u0259li k\u0259ndl\u0259rind\u0259 f\u0259aliyy\u0259t g\u00f6st\u0259rib. Qazan\u00e7\u0131 k\u0259ndi \u0259traf\u0131nda d\u00f6y\u00fc\u015fl\u0259r zaman\u0131 Sahil M\u0259mm\u0259dovun yan\u0131nda m\u0259rmi partlay\u0131b v\u0259 o, sa\u011f qolundan v\u0259 sa\u011f aya\u011f\u0131ndan a\u011f\u0131r yaralan\u0131b.<\/p>\n<p>1992-ci ilin oktyabr\u0131n 8-d\u0259 \u201cAz\u0259rbaycan\u0131n Milli Q\u0259hr\u0259man\u0131\u201d ad\u0131na layiq g\u00f6r\u00fcl\u00fcb. Aya\u011f\u0131 amputasiya olunan Milli Q\u0259hr\u0259man haz\u0131rda ehtiyatda olan zabitdir.<\/p>\n<p><img decoding=\"async\" src=\"https:\/\/baku.ws\/uploads\/posts\/2023-11\/1699439899_1699354406_photo_5352747630414910100_w.jpg\" alt=\"\" title=\"\"><\/p>\n<p>Vahid Quliyev<\/p>\n<p>Vahid H\u0259bibulla o\u011flu Quliyev 1955-ci ilin sentyabr\u0131n 20-d\u0259 anadan olub. Birinci Qaraba\u011f m\u00fcharib\u0259si zaman\u0131 A\u011fdam v\u0259 Qubadl\u0131 istiqam\u0259tind\u0259ki d\u00f6y\u00fc\u015fl\u0259rd\u0259 i\u015ftirak edib. V.Quliyev xidm\u0259t\u0259 ba\u015flayan g\u00fcnd\u0259n at\u0259\u015fk\u0259s elan olunana q\u0259d\u0259r d\u00fc\u015fm\u0259nin on zirehli texnikas\u0131n\u0131 s\u0131radan \u00e7\u0131xar\u0131b.<\/p>\n<p>Az\u0259rbaycan Prezidentinin 9 noyabr 1994-c\u00fc il tarixli f\u0259rman\u0131 il\u0259 \u201cAz\u0259rbaycan\u0131n Milli Q\u0259hr\u0259man\u0131\u201d ad\u0131na layiq g\u00f6r\u00fcl\u00fcb.<\/p>\n<p>O, 1996-c\u0131 ild\u0259 BDU-nun h\u0259rbi kafedras\u0131nda m\u00fc\u0259llim, 2000-ci ilin avqust ay\u0131ndan 2002-ci ilin oktyabr ay\u0131na q\u0259d\u0259r Az\u0259rbaycan Ali H\u0259rbi M\u0259kt\u0259bind\u0259 ba\u015f m\u00fc\u0259llim kimi f\u0259aliyy\u0259tini davam etdirib. 26 oktyabr 2002-ci ild\u0259 is\u0259 ordudan t\u0259rxis olunub. Haz\u0131rda ehtiyatda olan zabitdir.<\/p>\n<p><img decoding=\"async\" src=\"https:\/\/baku.ws\/uploads\/posts\/2023-11\/1699439886_1699354713_photo_5352747630414910101_w-1.jpg\" alt=\"\" title=\"\"><\/p>\n<p>F\u0259xr\u0259ddin C\u0259bray\u0131lov<\/p>\n<p>General-mayor F\u0259xr\u0259ddin M\u00f6vs\u00fcm o\u011flu C\u0259bray\u0131lov 1958-ci ilin avqustun 12-d\u0259 anadan olub. 1986-c\u0131 ild\u0259 Ali Zabitl\u0259r Kursunu bitirib. 1992-ci il M\u00fcdafi\u0259 Nazirliyind\u0259 Beyn\u0259lxalq \u018flaq\u0259l\u0259r \u0130dar\u0259sind\u0259 m\u00fcqavil\u0259l\u0259rin imzalanmas\u0131 \u015f\u00f6b\u0259sinin r\u0259isi i\u015fl\u0259yib. 1992-ci il \u201cN\u201d sayl\u0131 taborun komandiri v\u0259zif\u0259sin\u0259 t\u0259yin olunub. Beyl\u0259qan, F\u00fczuli, K\u0259lb\u0259c\u0259r istiqam\u0259tind\u0259 ged\u0259n d\u00f6y\u00fc\u015fl\u0259rd\u0259 d\u00fc\u015fm\u0259ni a\u011f\u0131r itkil\u0259r\u0259 m\u0259ruz qoyub. Az\u0259rbaycan Prezidentinin 4 aprel 1995-ci il tarixli 307 sayl\u0131 f\u0259rman\u0131 il\u0259 polkovnik F\u0259xr\u0259ddin M\u00f6vs\u00fcm o\u011flu C\u0259bray\u0131lov \u201cAz\u0259rbaycan\u0131n Milli Q\u0259hr\u0259man\u0131\u201d ad\u0131na layiq g\u00f6r\u00fcl\u00fcb.<\/p>\n<p>Milli Q\u0259hr\u0259man 1996-c\u0131 ild\u0259n etibar\u0259n Qarada\u011f rayonunda H\u0259rbi Komissarl\u0131qda \u00e7al\u0131\u015f\u0131b. 2013-c\u00fc ilin oktyabr\u0131nda is\u0259 Az\u0259rbaycan Silahl\u0131 Q\u00fcvv\u0259l\u0259rinin Ba\u015f \u0130nspeksiyas\u0131n\u0131n r\u0259isi v\u0259zif\u0259sin\u0259 t\u0259yin edilib. 2017-ci ild\u0259n ehtiyata burax\u0131l\u0131b.<\/p>\n<p><img decoding=\"async\" src=\"https:\/\/baku.ws\/uploads\/posts\/2023-11\/1699439947_1699354734_photo_5352747630414910102_w-1.jpg\" alt=\"\" title=\"\"><\/p>\n<p>Ehtiram \u018fliyev<\/p>\n<p>Ehtiram \u0130sray\u0131l o\u011flu \u018fliyev 1972-ci il avqustun 1-d\u0259 anadan olub. 1992-ci il iyunun 5-d\u0259n 1996-c\u0131 ilin avqustuna q\u0259d\u0259r h\u0259rbi xidm\u0259t ke\u00e7ib.<\/p>\n<p>1995-ci ild\u0259 V\u0259t\u0259n qar\u015f\u0131s\u0131nda borcunu yerin\u0259 yetir\u0259rk\u0259n g\u00f6st\u0259rdiyi igidliy\u0259 v\u0259 \u015f\u00fcca\u0259t\u0259 g\u00f6r\u0259 ona Az\u0259rbaycan Respublikas\u0131 Prezidentinin 1995-ci il aprel tarixli 307 sayl\u0131 F\u0259rman\u0131 il\u0259 \u201cAz\u0259rbaycan\u0131n Milli Q\u0259hr\u0259man\u0131\u201d ad\u0131 verilib. Ehtiram \u018fliyev 1996-c\u0131 ild\u0259 ordudan t\u0259rxis edilib.<\/p>\n<p>1997-98-ci ill\u0259rd\u0259 Bak\u0131n\u0131n Sabun\u00e7u Rayon Polis \u0130dar\u0259sind\u0259 i\u015fl\u0259yib. Haz\u0131rda Bak\u0131 Beyn\u0259lxalq v\u0259 \u015e\u0259h\u0259rl\u0259raras\u0131 Avtova\u011fzal\u0131nda r\u0259is m\u00fcavini v\u0259zif\u0259sind\u0259 \u00e7al\u0131\u015f\u0131r.<\/p>\n<p><img decoding=\"async\" src=\"https:\/\/baku.ws\/uploads\/posts\/2023-11\/1699439936_1699354407_photo_5352747630414910103_w.jpg\" alt=\"\" title=\"\"><\/p>\n<p>Zabit Quliyev<\/p>\n<p>Zabit Adil o\u011flu Quliyev 1975-ci il iyunun 6-da anadan olub. F\u00fczuli, A\u011fdam, A\u011fd\u0259r\u0259, T\u0259rt\u0259r c\u0259bh\u0259l\u0259rind\u0259 f\u0259rql\u0259nib. D\u00fc\u015fm\u0259nin \u00e7oxsayl\u0131 zirehli texnikalar\u0131n\u0131 s\u0131radan \u00e7\u0131xar\u0131b. T\u0259kc\u0259 Seysulan k\u0259ndind\u0259 ged\u0259n d\u00f6y\u00fc\u015fl\u0259r zaman\u0131 erm\u0259nil\u0259rin d\u00f6rd tank\u0131n\u0131 m\u0259hv edib. Az\u0259rbaycan Respublikas\u0131 Prezidentinin 4 aprel 1995-ci il tarixli 307 sayl\u0131 f\u0259rman\u0131 il\u0259 Quliyev Zabit Adil o\u011flu \u201cAz\u0259rbaycan\u0131n Milli Q\u0259hr\u0259man\u0131\u201d ad\u0131na layiq g\u00f6r\u00fcl\u00fcb. 2019-cu ild\u0259 insult ke\u00e7ir\u0259n Milli Q\u0259hr\u0259man haz\u0131rda ictimai f\u0259aliyy\u0259tl\u0259 m\u0259\u015f\u011fuldur.<\/p>\n<p><img decoding=\"async\" src=\"https:\/\/baku.ws\/uploads\/posts\/2023-11\/1699439898_1699354465_photo_5352747630414910104_w.jpg\" alt=\"\" title=\"\"><\/p>\n<p>Mirz\u0259 Quliyev<\/p>\n<p>Mirz\u0259 M\u0259cid o\u011flu Quliyev 1974-c\u00fc il yanvar\u0131n 11-d\u0259 anadan olub. 1992-ci il h\u0259rbi xidm\u0259t\u0259 \u00e7a\u011f\u0131r\u0131l\u0131b. Polis Akademiyas\u0131n\u0131 bitirdikd\u0259n sonra D\u0130N-d\u0259 i\u015f\u0259 q\u0259bul edilib. S\u0259d\u0259r\u0259k c\u0259bh\u0259sind\u0259 d\u00f6y\u00fc\u015fl\u0259rd\u0259 Mirz\u0259 Quliyev onlarla erm\u0259ni yaraql\u0131s\u0131n\u0131 m\u0259hv edib. Daha sonra A\u011fdam, F\u00fczuli, T\u0259rt\u0259r, A\u011fd\u0259r\u0259 u\u011frunda ged\u0259n d\u00f6y\u00fc\u015fl\u0259r\u0259 at\u0131l\u0131b v\u0259 idar\u0259 etdiyi PDM il\u0259 xeyli erm\u0259ni tank\u0131n\u0131 z\u0259r\u0259rsizl\u0259\u015fdirib.<\/p>\n<p>Az\u0259rbaycan Respublikas\u0131 Prezidentinin 4 aprel 1995-ci il tarixli 307 sayl\u0131 f\u0259rman\u0131 il\u0259 Quliyev Mirz\u0259 M\u0259cid o\u011flu d\u00f6y\u00fc\u015fl\u0259rd\u0259 g\u00f6st\u0259rdiyi igidlikl\u0259r\u0259 g\u00f6r\u0259 \u201cAz\u0259rbaycan\u0131n Milli Q\u0259hr\u0259man\u0131\u201d ad\u0131na layiq g\u00f6r\u00fcl\u00fcb. Q\u0259hr\u0259man\u0131m\u0131z haz\u0131rda polis polkovnik leytenant\u0131 kimi N\u0259simi Rayon Polis \u0130dar\u0259sinin 20-ci Polis B\u00f6lm\u0259sinin ba\u015f \u0259m\u0259liyyat m\u00fcv\u0259kkili v\u0259zif\u0259sind\u0259 \u00e7al\u0131\u015f\u0131r.<\/p>\n<p><img decoding=\"async\" src=\"https:\/\/baku.ws\/uploads\/posts\/2023-11\/1699439889_1699354711_photo_5352747630414910106_w-1.jpg\" alt=\"\" title=\"\"><\/p>\n<p>\u0130ntiqam Ataki\u015fiyev<\/p>\n<p>\u0130ntiqam Vahid o\u011flu Ataki\u015fiyev 1974-c\u00fc ilin aprelin 7-d\u0259 anadan olub. \u0130ntiqam Ataki\u015fiyev 1992-1995-ci ill\u0259rd\u0259 M\u00fcdafi\u0259 Nazirliyinin 776 sayl\u0131 h\u0259rbi hiss\u0259sind\u0259 m\u00fcdd\u0259tli h\u0259qiqi h\u0259rbi xidm\u0259td\u0259 olark\u0259n at\u0131c\u0131dan taq\u0131m komandirinin m\u00fcavini v\u0259zif\u0259sin\u0259d\u0259k y\u00fcks\u0259lib. O, 1995-ci ild\u0259 Bak\u0131 Ali Birl\u0259\u015fmi\u015f Komandirl\u0259r M\u0259kt\u0259bininin n\u0259zdind\u0259 taq\u0131m komandirl\u0259ri m\u0259kt\u0259bini, 1997-ci ild\u0259 is\u0259 T\u00fcrkiy\u0259 Respublikas\u0131n\u0131n Jandarma Komandirl\u0259ri m\u0259kt\u0259bini bitirib.<br \/>1995-ci ild\u0259n 2004-c\u00fc il\u0259d\u0259k \u201cN\u201d sayl\u0131 h\u0259rbi hiss\u0259d\u0259 taq\u0131m komandiri v\u0259zif\u0259sind\u0259n h\u0259rbi hiss\u0259 komandirinin m\u00fcavini v\u0259zif\u0259sin\u0259d\u0259k y\u00fcks\u0259lib.<\/p>\n<p>1992-94-c\u00fc ill\u0259rd\u0259 Qubadl\u0131, La\u00e7\u0131n, A\u011fdam, F\u00fczuli, A\u011fd\u0259r\u0259 v\u0259 T\u0259rt\u0259r b\u00f6lg\u0259l\u0259rind\u0259 erm\u0259ni i\u015f\u011fal\u00e7\u0131lar\u0131na qar\u015f\u0131 d\u00f6y\u00fc\u015fl\u0259rd\u0259 i\u015ftirak edib. 1995-ci ilin mart hadis\u0259l\u0259ri zaman\u0131 d\u00f6vl\u0259t \u00e7evrili\u015fi etm\u0259k ist\u0259y\u0259n q\u00fcvv\u0259l\u0259rin z\u0259r\u0259rsizl\u0259\u015fdirilm\u0259sind\u0259 \u015f\u0259xsi igidlik v\u0259 \u015f\u00fcca\u0259t g\u00f6st\u0259rib. O, D\u00f6vl\u0259t S\u0259rh\u0259d Xidm\u0259ti X\u00fcsusi m\u0259kt\u0259binin ilk r\u0259isi v\u0259zif\u0259sind\u0259 \u00e7al\u0131\u015f\u0131b.<\/p>\n<p>Az\u0259rbaycan Respublikas\u0131 Prezidentinin 4 aprel 1995-ci il tarixli 307 sayl\u0131 f\u0259rman\u0131 il\u0259 Ataki\u015fiyev \u0130ntiqam Vahid o\u011flu \u201cAz\u0259rbaycan\u0131n Milli Q\u0259hr\u0259man\u0131\u201d ad\u0131na layiq g\u00f6r\u00fcl\u00fcb.<\/p>\n<p><img decoding=\"async\" src=\"https:\/\/baku.ws\/uploads\/posts\/2023-11\/1699439908_1699354443_photo_5352747630414910108_w.jpg\" alt=\"\" title=\"\"><\/p>\n<p>B\u0259xtiyar Allahverdiyev<\/p>\n<p>B\u0259xtiyar \u018fzizulla o\u011flu Allahverdiyev 1974-c\u00fc ilin iyunun 10-da anadan olub. Birinci Qaraba\u011f m\u00fcharib\u0259sind\u0259 F\u00fczuli, Murovda\u011f \u0259m\u0259liyyatlar\u0131nda xeyli erm\u0259ni quldurunu m\u0259hv edib. Az\u0259rbaycan Respublikas\u0131 Prezidentinin 4 aprel 1995-ci il tarixli 307 sayl\u0131 f\u0259rman\u0131 il\u0259 \u201cAz\u0259rbaycan\u0131n Milli Q\u0259hr\u0259man\u0131\u201d ad\u0131na layiq g\u00f6r\u00fcl\u00fcb.<\/p>\n<p>1995-ci il M\u00fcdafi\u0259 Nazirliyi onu T\u00fcrkiy\u0259y\u0259 g\u00f6nd\u0259rib. Burada h\u0259rbi kurs ke\u00e7ib. 1997-ci il gizir r\u00fctb\u0259si al\u0131b v\u0259 \u201cN\u201d sayl\u0131 h\u0259rbi hiss\u0259y\u0259 taq\u0131m komandiri t\u0259yin edilib. 2000-ci ild\u0259 ordudan t\u0259rxis olunub. 2001-ci ild\u0259 i\u015fl\u0259y\u0259-i\u015fl\u0259y\u0259 Polis Akademiyas\u0131nda t\u0259hsil al\u0131b. Haz\u0131rda \u0130smay\u0131ll\u0131 rayonunda sah\u0259 m\u00fcv\u0259kkili v\u0259zif\u0259sind\u0259 \u00e7al\u0131\u015f\u0131r.<\/p>\n<p><img decoding=\"async\" src=\"https:\/\/baku.ws\/uploads\/posts\/2023-11\/1699439914_1699354393_photo_5352747630414910109_w.jpg\" alt=\"\" title=\"\"><\/p>\n<p>Fariz Q\u0259hr\u0259manov<\/p>\n<p>Polkovnik-leytenant Fariz Q\u0259hr\u0259manov 1974-c\u00fc il mart\u0131n 29-da anadan olub. \u201cN\u201d sayl\u0131 h\u0259rbi hiss\u0259nin t\u0259rkibind\u0259 A\u011fdam, A\u011fd\u0259r\u0259, F\u00fczuli, K\u0259lb\u0259c\u0259r, T\u0259rt\u0259r rayonunda ged\u0259n d\u00f6y\u00fc\u015fl\u0259rd\u0259 i\u015ftirak edib. 1995-ci ilin mart hadis\u0259l\u0259ri zaman\u0131 silahl\u0131 d\u0259st\u0259nin z\u0259r\u0259rsizl\u0259\u015fdirilm\u0259sind\u0259 i\u015ftirak edib. 1995-96-c\u0131 ill\u0259rd\u0259 T\u00fcrkiy\u0259d\u0259 Jandarm v\u0259 Komanda M\u0259kt\u0259bind\u0259 t\u0259hsil al\u0131b.<\/p>\n<p>Az\u0259rbaycan Respublikas\u0131 Prezidentinin 4 aprel 1995-ci il tarixli 307 sayl\u0131 f\u0259rman\u0131 il\u0259 Fariz \u00c7oban o\u011flu Q\u0259hr\u0259manov \u201cAz\u0259rbaycan\u0131n Milli Q\u0259hr\u0259man\u0131\u201d ad\u0131na layiq g\u00f6r\u00fcl\u00fcb. Haz\u0131rda zabitdir.<\/p>\n<p><img decoding=\"async\" src=\"https:\/\/baku.ws\/uploads\/posts\/2023-11\/1699439946_1699354409_photo_5352747630414910111_w.jpg\" alt=\"\" title=\"\"><\/p>\n<p>Fariz M\u0259d\u0259tov<\/p>\n<p>Fariz \u018fl\u00f6vs\u0259t o\u011flu M\u0259d\u0259tov 1972-ci il aprelin 18-d\u0259 anadan olub. \u0130lk d\u00f6y\u00fc\u015f\u00fc Qubadl\u0131n\u0131n Ba\u015farat k\u0259ndind\u0259 olub.<\/p>\n<p>Sonra F\u00fczuli, K\u0259lb\u0259c\u0259r, Goranboy rayonlar\u0131nda d\u00f6y\u00fc\u015fl\u0259rd\u0259 i\u015ftirak edib. Az\u0259rbaycan Respublikas\u0131 Prezidentinin 4 aprel 1995-ci il tarixli 307 sayl\u0131 f\u0259rman\u0131 il\u0259 M\u0259d\u0259tov Fariz \u018fl\u00f6vs\u0259t o\u011flu \u201cAz\u0259rbaycan\u0131n Milli Q\u0259hr\u0259man\u0131\u201d ad\u0131na layiq g\u00f6r\u00fcl\u00fcb.<\/p>\n<p>1996-c\u0131 il ordudan t\u0259rxis olunub v\u0259 Yevlax Rayon Polis \u0130dar\u0259sind\u0259 \u00e7al\u0131\u015f\u0131b. 1998-2003-c\u00fc ill\u0259rd\u0259 Polis Akademiyas\u0131nda t\u0259hsil al\u0131b. Haz\u0131rda Yevlax Rayon Polis \u0130dar\u0259sind\u0259 i\u015fl\u0259yir.<\/p>\n<p><img decoding=\"async\" src=\"https:\/\/baku.ws\/uploads\/posts\/2023-11\/1699439918_1699354404_photo_5352747630414910112_w.jpg\" alt=\"\" title=\"\"><\/p>\n<p>M\u0259d\u0259t Quliyev<\/p>\n<p>General-polkovnik M\u0259d\u0259t Q\u0259z\u0259nf\u0259r o\u011flu Quliyev 1958-ci il sentyabr\u0131n 27-d\u0259 anadan olub. Haz\u0131rda Az\u0259rbaycan m\u00fcdafi\u0259 s\u0259nayesi naziri v\u0259zif\u0259sind\u0259 \u00e7al\u0131\u015f\u0131r.<\/p>\n<p>Ona q\u0259d\u0259r is\u0259 Az\u0259rbaycan Respublikas\u0131 D\u00f6vl\u0259t T\u0259hl\u00fck\u0259sizliyi Xidm\u0259tinin r\u0259isi (2015-19), Az\u0259rbaycan Respublikas\u0131 milli t\u0259hl\u00fck\u0259sizlik nazirinin birinci m\u00fcavini, (oktyabr-dekabr 2015), Az\u0259rbaycan Respublikas\u0131 \u0259dliyy\u0259 nazirinin m\u00fcavini v\u0259 Penitensiar Xidm\u0259tin r\u0259isi (2011-15), Az\u0259rbaycan Respublikas\u0131nda \u0130nterpolun Milli M\u0259rk\u0259zi B\u00fcrosunun r\u0259isi (2004-06), Az\u0259rbaycan Respublikas\u0131 Daxili \u0130\u015fl\u0259r Nazirliyinin Ba\u015f M\u00fchafiz\u0259 \u0130dar\u0259sinin r\u0259isi (2006-11), Az\u0259rbaycan Respublikas\u0131 Daxili \u0130\u015fl\u0259r Nazirliyinin Narkotikl\u0259 M\u00fcbariz\u0259 \u0130dar\u0259sinin r\u0259isi (2002-04), Az\u0259rbaycan Respublikas\u0131 Daxili \u0130\u015fl\u0259r Nazirliyinin M\u00fct\u0259\u015f\u0259kkil Cinay\u0259tkarl\u0131qla M\u00fcbariz\u0259 \u0130dar\u0259sinin r\u0259isi (2001-02) v\u0259zif\u0259l\u0259rind\u0259 i\u015fl\u0259yib.<\/p>\n<p>Sambo \u00fczr\u0259 idman ustas\u0131d\u0131r. 26 noyabr 2021-ci il tarixind\u0259n Az\u0259rbaycan Velosiped Federasiyas\u0131n\u0131n prezidentidir. Az\u0259rbaycan Respublikas\u0131 Prezidenti Heyd\u0259r \u018fliyevin 26 dekabr 1995-ci il tarixli F\u0259rman\u0131 il\u0259 M\u0259d\u0259t Quliyev\u0259 \u201cAz\u0259rbaycan\u0131n Milli Q\u0259hr\u0259man\u0131\u201d ad\u0131 verilib.<\/p>\n<p><img decoding=\"async\" src=\"https:\/\/baku.ws\/uploads\/posts\/2023-11\/1699439929_1699354396_photo_5352747630414910113_w.jpg\" alt=\"\" title=\"\"><\/p>\n<p>M\u00f6vs\u00fcm M\u0259mm\u0259dov<\/p>\n<p>M\u00f6vs\u00fcm \u015eahin o\u011flu M\u0259mm\u0259dov 1967-ci ilin iyunun 6-da anadan olub. 1990-c\u0131 ild\u0259n h\u0259yat\u0131n\u0131 daxili i\u015fl\u0259r orqanlar\u0131na ba\u011flay\u0131b. 1992-93-c\u00fc ill\u0259rd\u0259 erm\u0259ni i\u015f\u011fal\u00e7\u0131lar\u0131na qar\u015f\u0131 vuru\u015faraq, xeyli qulduru m\u0259hv edib. Xocal\u0131 faci\u0259si zaman\u0131 onlarla insan\u0131n h\u0259yat\u0131n\u0131 xilas edib. 1994-c\u00fc ild\u0259 \u015eu\u015fa Rayon Polis \u0130dar\u0259sind\u0259 b\u00f6l\u00fck komandiri t\u0259yin edilib.<\/p>\n<p>Az\u0259rbaycan Prezidentinin 25 fevral 1997-ci il tarixli 533 sayl\u0131 f\u0259rman\u0131 il\u0259 M\u0259mm\u0259dov M\u00f6vs\u00fcm \u201cAz\u0259rbaycan\u0131n Milli Q\u0259hr\u0259man\u0131\u201d ad\u0131na layiq g\u00f6r\u00fcl\u00fcb. 1998-ci ild\u0259 D\u0130N-in Polis Akademiyas\u0131n\u0131n H\u00fcquq fak\u00fclt\u0259sini bitirib. Aprel d\u00f6y\u00fc\u015fl\u0259rinin v\u0259 \u201cD\u0259mir yumruq\u201d \u0259m\u0259liyyat\u0131n\u0131n aktiv i\u015ftirak\u00e7\u0131s\u0131 olub. Polis polkovnikidir, Bak\u0131 \u015e\u0259h\u0259r Ba\u015f Polis \u0130dar\u0259sind\u0259 i\u015fl\u0259yir.<\/p>\n<p><img decoding=\"async\" src=\"https:\/\/baku.ws\/uploads\/posts\/2023-11\/1699439904_1699354452_photo_5352747630414910115_w.jpg\" alt=\"\" title=\"\"><\/p>\n<p>\u0130bad H\u00fcseynov<\/p>\n<p>\u0130bad M\u00f6vs\u00fcm o\u011flu H\u00fcseynov 1970-ci ilin oktyabr\u0131n 18-d\u0259 anadan olub. Az\u0259rbaycan Silahl\u0131 Q\u00fcvv\u0259l\u0259rinin ehtiyatda olan ba\u015f \u00e7avu\u015fudur. Sovet ordusunda xidm\u0259t ed\u0259rk\u0259n, bu ordunun Bak\u0131da 20 Yanvar q\u0131r\u011f\u0131n\u0131 t\u00f6r\u0259tdiyini \u00f6yr\u0259n\u0259n \u0130bad H\u00fcseynov Az\u0259rbaycandan olan dig\u0259r h\u0259rb\u00e7il\u0259r il\u0259 birlikd\u0259 V\u0259t\u0259n\u0259 burax\u0131lmas\u0131 m\u0259qs\u0259dil\u0259 m\u00fcdd\u0259tsiz acl\u0131q aksiyas\u0131 ke\u00e7irir. N\u0259tic\u0259d\u0259 r\u0259hb\u0259rlik \u0130bad H\u00fcseynov v\u0259 acl\u0131q aksiyas\u0131nda i\u015ftirak ed\u0259n bir ne\u00e7\u0259 n\u0259f\u0259r \u0259sg\u0259r yolda\u015f\u0131n\u0131 d\u00f6rd ay \u00f6nc\u0259d\u0259n t\u0259rxis edir.<\/p>\n<p>\u0130bad H\u00fcseynov 1990-c\u0131 ild\u0259 Az\u0259rbaycana qay\u0131td\u0131qdan sonra Xocav\u0259ndd\u0259 yerli h\u0259rbi \u00f6z\u00fcn\u00fcm\u00fcdafi\u0259 birl\u0259\u015fm\u0259l\u0259ri yarad\u0131r. H\u00fcseynov \u201ck\u0259\u015ffiyyat-diversiya d\u0259st\u0259si\u201d yarad\u0131r v\u0259 erm\u0259ni t\u0259r\u0259f\u0259 ke\u00e7\u0259r\u0259k, onlar\u0131n \u00e7oxlu sayda h\u0259rbi silah v\u0259 t\u0259chizatlar\u0131n\u0131 \u0259l\u0259 ke\u00e7irm\u0259y\u0259 ba\u015flay\u0131r.<\/p>\n<p>26 dekabr 1993-c\u00fc ild\u0259 \u0130bad minaya d\u00fc\u015f\u0259r\u0259k a\u011f\u0131r yaralan\u0131r. Q\u0259lp\u0259l\u0259r ba\u015fa, \u0259l\u0259 v\u0259 ayaqlara girir v\u0259 H\u00fcseynov komaya d\u00fc\u015f\u00fcr. \u0130bad H\u00fcseynov u\u015faql\u0131qdan idmanla m\u0259\u015f\u011ful oldu\u011fu \u00fc\u00e7\u00fcn \u00f6z sa\u011flaml\u0131\u011f\u0131n\u0131 tezlikl\u0259 b\u0259rpa edir. Hospitaldan \u00e7\u0131xd\u0131qdan d\u0259rhal sonra \u00f6z h\u0259rbi hiss\u0259sin\u0259 qay\u0131d\u0131r.<\/p>\n<p>2020-ci il dekabr ay\u0131n\u0131n 9-da Az\u0259rbaycan Prezidentinin imzalad\u0131\u011f\u0131 f\u0259rmanla \u201cAz\u0259rbaycan\u0131n Milli Q\u0259hr\u0259man\u0131\u201d ad\u0131na layiq g\u00f6r\u00fcl\u00fcb.<\/p>\n<p><img decoding=\"async\" src=\"https:\/\/baku.ws\/uploads\/posts\/2023-11\/1699439912_1699354405_photo_5352747630414910116_w.jpg\" alt=\"\" title=\"\"><strong\/>&#13;<br \/>\n        &#13;<br \/>\n&#13;<br \/>\n        &#13;<br \/>\n&#13;\n        <\/p>\n<p><noscript><\/p>\n<p>You must enable Javascript on your browser for the site to work optimally and display sections completely.<\/p>\n<p><\/noscript>\t\t&#13;<br \/>\n\t\t&#13;\n    <\/div>\n<p><script type=\"text\/javascript\">jQuery(document).ready(function () {\n(function(d, s, id) {\n    var js, fjs = d.getElementsByTagName(s)[0];\n    if (d.getElementById(id))\n        return;\n    js = d.createElement(s);\n    js.id = id;\n    js.src = \"\/\/connect.facebook.net\/az_AZ\/all.js#xfbml=1&appId=1002485763137712\";\n    fjs.parentNode.insertBefore(js, fjs);\n}(document, 'script', 'facebook-jssdk'));                \n});<\/script><\/p>\n","protected":false},"excerpt":{"rendered":"<p>&#13; &#13; Ke\u00e7\u0259n \u0259srin 90-c\u0131 ill\u0259rinin \u0259vv\u0259ll\u0259rind\u0259n bu yana torpaqlar\u0131m\u0131z\u0131n azadl\u0131\u011f\u0131 u\u011frunda m\u00fcharib\u0259d\u0259 i\u015ftirak ed\u0259n Az\u0259rbaycan Ordusunun 218 n\u0259f\u0259r h\u0259rbi qulluq\u00e7usu \u201cMilli Q\u0259hr\u0259man\u201d ad\u0131na layiq g\u00f6r\u00fcl\u00fcb. V\u0259t\u0259nimizin m\u00fcdafi\u0259si u\u011frunda x\u00fcsusi \u015f\u00fcca\u0259t g\u00f6st\u0259rib, \u201cMilli Q\u0259hr\u0259man\u201d ad\u0131n\u0131 qazanan 14 n\u0259f\u0259r is\u0259 h\u0259yatdad\u0131r. B\u0259s, h\u0259min Milli Q\u0259hr\u0259manlar indi haradad\u0131rlar? &#13; Millinews.az x\u0259b\u0259r verir ki, Bizim.media bu bar\u0259d\u0259 ara\u015fd\u0131rma &hellip;<\/p>\n","protected":false},"author":1,"featured_media":8602,"comment_status":"open","ping_status":"closed","sticky":false,"template":"","format":"standard","meta":{"footnotes":""},"categories":[9],"tags":[],"class_list":["post-8601","post","type-post","status-publish","format-standard","has-post-thumbnail","hentry","category-xeber"],"_links":{"self":[{"href":"https:\/\/millitv.net\/index.php?rest_route=\/wp\/v2\/posts\/8601","targetHints":{"allow":["GET"]}}],"collection":[{"href":"https:\/\/millitv.net\/index.php?rest_route=\/wp\/v2\/posts"}],"about":[{"href":"https:\/\/millitv.net\/index.php?rest_route=\/wp\/v2\/types\/post"}],"author":[{"embeddable":true,"href":"https:\/\/millitv.net\/index.php?rest_route=\/wp\/v2\/users\/1"}],"replies":[{"embeddable":true,"href":"https:\/\/millitv.net\/index.php?rest_route=%2Fwp%2Fv2%2Fcomments&post=8601"}],"version-history":[{"count":0,"href":"https:\/\/millitv.net\/index.php?rest_route=\/wp\/v2\/posts\/8601\/revisions"}],"wp:featuredmedia":[{"embeddable":true,"href":"https:\/\/millitv.net\/index.php?rest_route=\/wp\/v2\/media\/8602"}],"wp:attachment":[{"href":"https:\/\/millitv.net\/index.php?rest_route=%2Fwp%2Fv2%2Fmedia&parent=8601"}],"wp:term":[{"taxonomy":"category","embeddable":true,"href":"https:\/\/millitv.net\/index.php?rest_route=%2Fwp%2Fv2%2Fcategories&post=8601"},{"taxonomy":"post_tag","embeddable":true,"href":"https:\/\/millitv.net\/index.php?rest_route=%2Fwp%2Fv2%2Ftags&post=8601"}],"curies":[{"name":"wp","href":"https:\/\/api.w.org\/{rel}","templated":true}]}}