{"id":8595,"date":"2023-11-08T11:17:36","date_gmt":"2023-11-08T11:17:36","guid":{"rendered":"https:\/\/millinews.az\/xeber\/ireli-z%C9%99f%C9%99r-gunu-v%C9%99-dovl%C9%99t-bayragi-gunu-il%C9%99-%C9%99laq%C9%99dar-t%C9%99dbirl%C9%99r-kecirib\/"},"modified":"2023-11-08T11:17:36","modified_gmt":"2023-11-08T11:17:36","slug":"ireli-z%C9%99f%C9%99r-gunu-v%C9%99-dovl%C9%99t-bayragi-gunu-il%C9%99-%C9%99laq%C9%99dar-t%C9%99dbirl%C9%99r-kecirib","status":"publish","type":"post","link":"https:\/\/millitv.net\/?p=8595","title":{"rendered":"\u200b\u201c\u0130R\u018fL\u0130\u201d Z\u0259f\u0259r G\u00fcn\u00fc v\u0259 D\u00f6vl\u0259t Bayra\u011f\u0131 G\u00fcn\u00fc il\u0259 \u0259laq\u0259dar t\u0259dbirl\u0259r ke\u00e7irib"},"content":{"rendered":"<div id=\"maincontent\">&#13;<br \/>\n        &#13;<\/p>\n<p><strong><span style=\"background-color: initial;\">\u201c\u0130R\u018fL\u0130\u201d \u0130ctimai Birliyi 8 Noyabr \u2013 Z\u0259f\u0259r G\u00fcn\u00fcn\u00fc v\u0259 9 noyabr \u2013 Az\u0259rbaycan Respublikas\u0131n\u0131n D\u00f6vl\u0259t Bayra\u011f\u0131 G\u00fcn\u00fcn\u00fc silsil\u0259 t\u0259dbirl\u0259rl\u0259 qeyd edib.<\/span><br \/><\/strong>  <\/p>\n<p>Birliyin M\u0259tbuat xidm\u0259tind\u0259n <a href=\"https:\/\/Millinews.az\" target=\"_blank\" class=\"kw-link\" rel=\"noopener\">Millinews.az<\/a>-a veril\u0259n m\u0259lumata g\u00f6r\u0259 t\u0259dbirl\u0259r \u00e7\u0259r\u00e7iv\u0259sind\u0259 t\u0259\u015fkilat\u0131n n\u00fcmay\u0259nd\u0259 v\u0259 \u00fczvl\u0259rinin i\u015ftirak\u0131 il\u0259 birinci F\u0259xri Xiyabanda \u00dcmummilli Lider Heyd\u0259r \u018fliyevin m\u0259zar\u0131 ehtiramla ziyar\u0259t olunub, \u015e\u0259hidl\u0259r Xiyaban\u0131nda \u00f6lk\u0259mizin suverenliyi v\u0259 \u0259razi b\u00fct\u00f6vl\u00fcy\u00fc u\u011frunda can\u0131ndan ke\u00e7mi\u015f q\u0259hr\u0259manlar\u0131m\u0131z\u0131n \u0259ziz xatir\u0259si minn\u0259tdarl\u0131qla yad edilib. &#13;\n  <\/p>\n<p>T\u0259dbirl\u0259r plan\u0131 \u00e7\u0259r\u00e7iv\u0259sind\u0259 \u201c\u0130R\u018fL\u0130\u201d \u0130ctimai Birliyi, Az\u0259rbaycan G\u0259nc M\u00fc\u0259lliml\u0259r Assosiasiyas\u0131 v\u0259 Az\u0259rbaycan Milli Konservatoriyas\u0131n\u0131n birg\u0259 t\u0259\u015fkilat\u00e7\u0131l\u0131\u011f\u0131 il\u0259 Z\u0259f\u0259r G\u00fcn\u00fc v\u0259 D\u00f6vl\u0259t Bayra\u011f\u0131 G\u00fcn\u00fcn\u0259 h\u0259sr olunmu\u015f \u201cZ\u0259f\u0259rin S\u0259si\u201d adl\u0131 \u0259d\u0259bi-b\u0259dii t\u0259dbir ke\u00e7irilib.  <\/p>\n<p>T\u0259dbir m\u00fcdd\u0259tind\u0259 Prezident, M\u00fcz\u0259ff\u0259r Ali Ba\u015f Komandan c\u0259nab \u0130lham \u018fliyevin r\u0259hb\u0259rliyi alt\u0131nda 44 g\u00fcn \u0259rzind\u0259 Az\u0259rbaycan ordusunun qazand\u0131\u011f\u0131 tarixi q\u0259l\u0259b\u0259d\u0259n s\u00f6hb\u0259t a\u00e7\u0131l\u0131b. Bildirilib ki, ikinci Qaraba\u011f m\u00fcharib\u0259sind\u0259 \u0259ld\u0259 olunmu\u015f z\u0259f\u0259r ordumuzun g\u00fcc\u00fcn\u00fcn, xalq\u0131m\u0131z\u0131n birlik v\u0259 h\u0259mr\u0259yliyinin bariz t\u0259c\u0259ss\u00fcm\u00fc idi. Cari il, sentyabr\u0131n 19-da Az\u0259rbaycan ordusunun ba\u015flatd\u0131\u011f\u0131 lokal xarakterli antiterror t\u0259dbirl\u0259ri n\u0259tic\u0259sind\u0259 \u00f6lk\u0259 \u0259razisind\u0259 suverenliyin b\u0259rpa olundu\u011funu qeyd ed\u0259n \u00e7\u0131x\u0131\u015f\u00e7\u0131lar b\u00fct\u00fcn bu prosesl\u0259rin t\u0259m\u0259lind\u0259 Ulu \u00d6nd\u0259r Heyd\u0259r \u018fliyevin \u0259sas\u0131n\u0131 qoydu\u011fu v\u0259 haz\u0131rda Prezident \u0130lham \u018fliyevin r\u0259hb\u0259rliyi il\u0259 u\u011furla davam etdiril\u0259n d\u00f6vl\u0259t siyas\u0259tinin dayand\u0131\u011f\u0131n\u0131 diqq\u0259t\u0259 \u00e7atd\u0131r\u0131blar. T\u0259dbirin b\u0259dii hiss\u0259sind\u0259 Az\u0259rbaycan Milli Konservatoriyan\u0131n t\u0259l\u0259b\u0259l\u0259rind\u0259n ibar\u0259t \u201cMilli Avaz\u201d xor kollektivi v\u0259 \u201cButa\u201d xalq \u00e7al\u011f\u0131 al\u0259tl\u0259ri orkestrinin ifas\u0131nda g\u00f6rk\u0259mli Az\u0259rbaycan b\u0259st\u0259karlar\u0131n\u0131n \u0259s\u0259rl\u0259ri, xalq mahn\u0131lar\u0131 v\u0259 instrumental musiqi n\u00fcmun\u0259l\u0259ri t\u0259qdim olunub.  <\/p>\n<p>8 Noyabr \u2013 Z\u0259f\u0259r G\u00fcn\u00fc m\u00fcnasib\u0259til\u0259 \u201c\u0130R\u018fL\u0130\u201d \u0130ctimai Birliyinin t\u0259\u015f\u0259bb\u00fcs\u00fc v\u0259 Nizami Kino M\u0259rk\u0259zinin t\u0259\u015fkilati d\u0259st\u0259yi il\u0259 V\u0259t\u0259n M\u00fcharib\u0259si Q\u0259hr\u0259man\u0131 Ramiz C\u0259f\u0259rovun d\u00f6y\u00fc\u015f yolundan b\u0259hs ed\u0259n \u201c\u00d6m\u00fcr v\u0259fa ets\u0259ydi\u201d filminin n\u00fcmayi\u015fi ba\u015f tutub. Bununla yana\u015f\u0131, \u201cPark Cinema\u201d kinoteatrlar \u015f\u0259b\u0259k\u0259sinin t\u0259\u015fkilati d\u0259st\u0259yi il\u0259 Birinci Qaraba\u011f m\u00fcharib\u0259si zaman\u0131 erm\u0259nil\u0259r t\u0259r\u0259find\u0259n \u0259sir g\u00f6t\u00fcr\u00fcl\u0259n az\u0259rbaycanl\u0131 h\u0259rb\u00e7i Natiq Qas\u0131mov haqq\u0131nda olan \u201cO\u011ful\u201d filminin n\u00fcmayi\u015fi d\u0259 ke\u00e7irilib. H\u0259r iki filmin n\u00fcmayi\u015find\u0259 \u00fcmumilikd\u0259 300-d\u0259n \u00e7ox g\u0259nc i\u015ftirak edib.  <\/p>\n<p>T\u0259dbirl\u0259r proqram\u0131 \u00e7\u0259r\u00e7iv\u0259sind\u0259 h\u0259m\u00e7inin \u201c\u0130R\u018fL\u0130\u201d \u0130ctimai Birliyin\u0259 \u00fczv olan g\u0259ncl\u0259rin i\u015ftirak\u0131 il\u0259 Az\u0259rbaycan \u0130stiqlal Muzeyin\u0259 ekskursiya t\u0259\u015fkil olunub. S\u0259f\u0259r m\u00fcdd\u0259tind\u0259 g\u0259ncl\u0259r\u0259 muzeyin yaranma tarixi, f\u0259aliyy\u0259ti bar\u0259d\u0259 \u0259trafl\u0131 m\u0259lumatlar \u00e7atd\u0131r\u0131l\u0131b, habel\u0259 i\u015ftirak\u00e7\u0131lar muzeyd\u0259 n\u00fcmayi\u015f olunan eksponatlarla yax\u0131ndan tan\u0131\u015f olublar.   <\/p>\n<p> \u201c\u0130R\u018fL\u0130\u201d \u0130ctimai Birliyinin \u0130ntellektual M\u0259rk\u0259zinin t\u0259\u015fkilat\u00e7\u0131l\u0131\u011f\u0131 il\u0259 \u201cN\u0259? Harada? N\u0259 zaman?\u201d intellektual z\u0259f\u0259r turniri ke\u00e7irilib. Y\u00fcz\u0259 yax\u0131n g\u0259ncin qat\u0131ld\u0131\u011f\u0131 intellektual yar\u0131\u015fda i\u015ftirak\u00e7\u0131lar 4-6 n\u0259f\u0259rlik komandalar \u015f\u0259klind\u0259 birincilik u\u011frunda m\u00fcbariz\u0259 apar\u0131blar. Turnirin sonunda qalib komandalara \u015f\u0259had\u0259tnam\u0259 v\u0259 xatir\u0259 h\u0259diyy\u0259l\u0259ri t\u0259qdim olunub.  <\/p>\n<p>T\u0259dbirl\u0259r proqram\u0131n\u0131n davam\u0131nda Az\u0259rbaycan G\u0259ncl\u0259r Fondunun d\u0259st\u0259yi, \u201c\u0130R\u018fL\u0130\u201d \u0130ctimai Birliyinin t\u0259\u015fkilat\u00e7\u0131l\u0131\u011f\u0131 il\u0259 h\u0259yata ke\u00e7iril\u0259n \u201cM\u00fcz\u0259ff\u0259r \u018fsg\u0259rimiz\u201d layih\u0259si \u00e7\u0259r\u00e7iv\u0259sind\u0259 haz\u0131rlanm\u0131\u015f video\u00e7arxlar\u0131n n\u00fcmayi\u015fl\u0259ri ke\u00e7irilib. 27 Sentyabr \u2013 An\u0131m G\u00fcn\u00fcnd\u0259n start g\u00f6t\u00fcrm\u00fc\u015f n\u00fcmayi\u015fl\u0259r \u00f6lk\u0259mizin m\u00fcxt\u0259lif \u015f\u0259h\u0259r v\u0259 rayonlar\u0131nda yerl\u0259\u015f\u0259n sosial xidm\u0259t m\u00fc\u0259ssis\u0259l\u0259ri, g\u0259ncl\u0259r m\u0259rk\u0259zl\u0259rind\u0259 1000-\u0259 yax\u0131n g\u0259ncin i\u015ftirak\u0131 il\u0259 ke\u00e7irilib. Qeyd ed\u0259k ki, \u201cM\u00fcz\u0259ff\u0259r \u018fsg\u0259rimiz\u201d layih\u0259sinin \u0259sas m\u0259qs\u0259di 44 g\u00fcnl\u00fck V\u0259t\u0259n m\u00fcharib\u0259sind\u0259 \u00f6lk\u0259mizin \u0259razi b\u00fct\u00f6vl\u00fcy\u00fc u\u011frunda canlar\u0131ndan ke\u00e7\u0259n q\u0259hr\u0259manlar\u0131m\u0131z\u0131n tan\u0131d\u0131lmas\u0131d\u0131r. &#13;<br \/>\n        &#13;<br \/>\n&#13;<br \/>\n        &#13;<br \/>\n&#13;\n        <\/p>\n<p><noscript><\/p>\n<p>You must enable Javascript on your browser for the site to work optimally and display sections completely.<\/p>\n<p><\/noscript>\t\t&#13;<br \/>\n\t\t&#13;\n    <\/div>\n<p><script type=\"text\/javascript\">jQuery(document).ready(function () {\n(function(d, s, id) {\n    var js, fjs = d.getElementsByTagName(s)[0];\n    if (d.getElementById(id))\n        return;\n    js = d.createElement(s);\n    js.id = id;\n    js.src = \"\/\/connect.facebook.net\/az_AZ\/all.js#xfbml=1&appId=1002485763137712\";\n    fjs.parentNode.insertBefore(js, fjs);\n}(document, 'script', 'facebook-jssdk'));                \n$('.fancybox').fancybox();\n});<\/script><\/p>\n","protected":false},"excerpt":{"rendered":"<p>&#13; &#13; \u201c\u0130R\u018fL\u0130\u201d \u0130ctimai Birliyi 8 Noyabr \u2013 Z\u0259f\u0259r G\u00fcn\u00fcn\u00fc v\u0259 9 noyabr \u2013 Az\u0259rbaycan Respublikas\u0131n\u0131n D\u00f6vl\u0259t Bayra\u011f\u0131 G\u00fcn\u00fcn\u00fc silsil\u0259 t\u0259dbirl\u0259rl\u0259 qeyd edib. Birliyin M\u0259tbuat xidm\u0259tind\u0259n Millinews.az-a veril\u0259n m\u0259lumata g\u00f6r\u0259 t\u0259dbirl\u0259r \u00e7\u0259r\u00e7iv\u0259sind\u0259 t\u0259\u015fkilat\u0131n n\u00fcmay\u0259nd\u0259 v\u0259 \u00fczvl\u0259rinin i\u015ftirak\u0131 il\u0259 birinci F\u0259xri Xiyabanda \u00dcmummilli Lider Heyd\u0259r \u018fliyevin m\u0259zar\u0131 ehtiramla ziyar\u0259t olunub, \u015e\u0259hidl\u0259r Xiyaban\u0131nda \u00f6lk\u0259mizin suverenliyi v\u0259 \u0259razi &hellip;<\/p>\n","protected":false},"author":1,"featured_media":8596,"comment_status":"open","ping_status":"closed","sticky":false,"template":"","format":"standard","meta":{"footnotes":""},"categories":[9],"tags":[],"class_list":["post-8595","post","type-post","status-publish","format-standard","has-post-thumbnail","hentry","category-xeber"],"_links":{"self":[{"href":"https:\/\/millitv.net\/index.php?rest_route=\/wp\/v2\/posts\/8595","targetHints":{"allow":["GET"]}}],"collection":[{"href":"https:\/\/millitv.net\/index.php?rest_route=\/wp\/v2\/posts"}],"about":[{"href":"https:\/\/millitv.net\/index.php?rest_route=\/wp\/v2\/types\/post"}],"author":[{"embeddable":true,"href":"https:\/\/millitv.net\/index.php?rest_route=\/wp\/v2\/users\/1"}],"replies":[{"embeddable":true,"href":"https:\/\/millitv.net\/index.php?rest_route=%2Fwp%2Fv2%2Fcomments&post=8595"}],"version-history":[{"count":0,"href":"https:\/\/millitv.net\/index.php?rest_route=\/wp\/v2\/posts\/8595\/revisions"}],"wp:featuredmedia":[{"embeddable":true,"href":"https:\/\/millitv.net\/index.php?rest_route=\/wp\/v2\/media\/8596"}],"wp:attachment":[{"href":"https:\/\/millitv.net\/index.php?rest_route=%2Fwp%2Fv2%2Fmedia&parent=8595"}],"wp:term":[{"taxonomy":"category","embeddable":true,"href":"https:\/\/millitv.net\/index.php?rest_route=%2Fwp%2Fv2%2Fcategories&post=8595"},{"taxonomy":"post_tag","embeddable":true,"href":"https:\/\/millitv.net\/index.php?rest_route=%2Fwp%2Fv2%2Ftags&post=8595"}],"curies":[{"name":"wp","href":"https:\/\/api.w.org\/{rel}","templated":true}]}}