{"id":858,"date":"2023-09-27T12:02:51","date_gmt":"2023-09-27T12:02:51","guid":{"rendered":"https:\/\/millinews.az\/?p=858"},"modified":"2023-09-27T12:02:53","modified_gmt":"2023-09-27T12:02:53","slug":"bir-h%c9%99ft%c9%99-%c9%99vv%c9%99l-s%c9%99hid-olan-s%c9%99buhinin-%c9%99kiz-qizlari-dunyaya-g%c9%99ldi-foto","status":"publish","type":"post","link":"https:\/\/millitv.net\/?p=858","title":{"rendered":"Bir h\u0259ft\u0259 \u0259vv\u0259l \u015f\u0259hid olan S\u0259buhinin \u0259kiz q\u0131zlar\u0131 d\u00fcnyaya g\u0259ldi &#8211;\u00a0FOTO"},"content":{"rendered":"\n<p><strong>Antiterror \u0259m\u0259liyyat\u0131 zaman\u0131 \u015f\u0259hid olan S\u0259buhi \u018fliyevin \u0259kiz q\u0131zlar\u0131 d\u00fcnyaya g\u0259lib.<\/strong><\/p>\n\n\n\n<p>Bununla onun \u00f6z\u00fcnd\u0259n sonra 4 \u00f6vlad\u0131 yadigar qal\u0131b.<\/p>\n\n\n\n<p>Qeyd ed\u0259k ki, S\u0259buhi \u018fliyev 44 g\u00fcnl\u00fck V\u0259t\u0259n m\u00fcharib\u0259sind\u0259 g\u00f6st\u0259rdiyi q\u0259hr\u0259manl\u0131\u011fa g\u00f6r\u0259 \u201cC\u0259sur d\u00f6y\u00fc\u015f\u00e7\u00fc\u201d medal\u0131 il\u0259 t\u0259ltif olunub v\u0259 1 h\u0259ft\u0259 \u00f6nc\u0259 Az\u0259rbaycan\u0131n Qaraba\u011f b\u00f6lg\u0259sind\u0259 lokal xarakterli antiterror t\u0259dbirl\u0259ri zaman\u0131 \u015f\u0259hidlik zirv\u0259sin\u0259 ucal\u0131b.<\/p>\n\n\n\n<p>Ruhu \u015fad olsun!<\/p>\n\n\n\n<figure class=\"wp-block-image\"><img decoding=\"async\" src=\"https:\/\/metbuat.az\/uploads\/332\/fd1da90ae9-3829736136948903893356566656133613327831448n.jpg\" alt=\"\" title=\"\"><\/figure>\n","protected":false},"excerpt":{"rendered":"<p>Antiterror \u0259m\u0259liyyat\u0131 zaman\u0131 \u015f\u0259hid olan S\u0259buhi \u018fliyevin \u0259kiz q\u0131zlar\u0131 d\u00fcnyaya g\u0259lib. Bununla onun \u00f6z\u00fcnd\u0259n sonra 4 \u00f6vlad\u0131 yadigar qal\u0131b. Qeyd ed\u0259k ki, S\u0259buhi \u018fliyev 44 g\u00fcnl\u00fck V\u0259t\u0259n m\u00fcharib\u0259sind\u0259 g\u00f6st\u0259rdiyi q\u0259hr\u0259manl\u0131\u011fa g\u00f6r\u0259 \u201cC\u0259sur d\u00f6y\u00fc\u015f\u00e7\u00fc\u201d medal\u0131 il\u0259 t\u0259ltif olunub v\u0259 1 h\u0259ft\u0259 \u00f6nc\u0259 Az\u0259rbaycan\u0131n Qaraba\u011f b\u00f6lg\u0259sind\u0259 lokal xarakterli antiterror t\u0259dbirl\u0259ri zaman\u0131 \u015f\u0259hidlik zirv\u0259sin\u0259 ucal\u0131b. Ruhu \u015fad olsun!<\/p>\n","protected":false},"author":1,"featured_media":859,"comment_status":"open","ping_status":"closed","sticky":false,"template":"","format":"standard","meta":{"footnotes":""},"categories":[3],"tags":[],"class_list":["post-858","post","type-post","status-publish","format-standard","has-post-thumbnail","hentry","category-olke"],"_links":{"self":[{"href":"https:\/\/millitv.net\/index.php?rest_route=\/wp\/v2\/posts\/858","targetHints":{"allow":["GET"]}}],"collection":[{"href":"https:\/\/millitv.net\/index.php?rest_route=\/wp\/v2\/posts"}],"about":[{"href":"https:\/\/millitv.net\/index.php?rest_route=\/wp\/v2\/types\/post"}],"author":[{"embeddable":true,"href":"https:\/\/millitv.net\/index.php?rest_route=\/wp\/v2\/users\/1"}],"replies":[{"embeddable":true,"href":"https:\/\/millitv.net\/index.php?rest_route=%2Fwp%2Fv2%2Fcomments&post=858"}],"version-history":[{"count":0,"href":"https:\/\/millitv.net\/index.php?rest_route=\/wp\/v2\/posts\/858\/revisions"}],"wp:featuredmedia":[{"embeddable":true,"href":"https:\/\/millitv.net\/index.php?rest_route=\/wp\/v2\/media\/859"}],"wp:attachment":[{"href":"https:\/\/millitv.net\/index.php?rest_route=%2Fwp%2Fv2%2Fmedia&parent=858"}],"wp:term":[{"taxonomy":"category","embeddable":true,"href":"https:\/\/millitv.net\/index.php?rest_route=%2Fwp%2Fv2%2Fcategories&post=858"},{"taxonomy":"post_tag","embeddable":true,"href":"https:\/\/millitv.net\/index.php?rest_route=%2Fwp%2Fv2%2Ftags&post=858"}],"curies":[{"name":"wp","href":"https:\/\/api.w.org\/{rel}","templated":true}]}}