{"id":8567,"date":"2023-11-08T08:22:54","date_gmt":"2023-11-08T08:22:54","guid":{"rendered":"https:\/\/millinews.az\/xeber\/az%C9%99rbaycanin-bugunku-q%C9%99d%C9%99r-suverenliyi-mohk%C9%99m-olmamisdi\/"},"modified":"2023-11-08T08:22:54","modified_gmt":"2023-11-08T08:22:54","slug":"az%C9%99rbaycanin-bugunku-q%C9%99d%C9%99r-suverenliyi-mohk%C9%99m-olmamisdi","status":"publish","type":"post","link":"https:\/\/millitv.net\/?p=8567","title":{"rendered":"\u201cAz\u0259rbaycan\u0131n bug\u00fcnk\u00fc q\u0259d\u0259r suverenliyi m\u00f6hk\u0259m olmam\u0131\u015fd\u0131\u201d"},"content":{"rendered":"<div id=\"maincontent\">&#13;<br \/>\n        &#13;<\/p>\n<p><strong>\u201cQ\u00fcdr\u0259tli Az\u0259rbaycan imperiyas\u0131n\u0131n Nadir \u015fah\u0131n d\u00f6vl\u0259tinin par\u00e7alanmas\u0131ndan sonra Az\u0259rbaycan d\u00f6vl\u0259ti he\u00e7 bir zaman bu q\u0259d\u0259r g\u00fccl\u00fc, h\u00fcquqi c\u0259h\u0259td\u0259n tan\u0131nm\u0131\u015f \u0259razil\u0259ri \u00fcz\u0259rind\u0259 bug\u00fcnk\u00fc kimi suverenliyi m\u00f6hk\u0259m olmam\u0131\u015fd\u0131r\u201d.<\/strong>  <\/p>\n<p>Bu fikirl\u0259ri <a href=\"https:\/\/Millinews.az\" target=\"_blank\" class=\"kw-link\" rel=\"noopener\">Millinews.az<\/a>-az a\u00e7\u0131qlamas\u0131nda <strong>AMEA-n\u0131n Qafqaz\u015f\u00fcnasl\u0131q \u0130nstitunun erm\u0259ni\u015f\u00fcnasl\u0131q \u015f\u00f6b\u0259sinin m\u00fcdiri, tarix \u00fczr\u0259 f\u0259ls\u0259f\u0259 doktoru, Elnur K\u0259lbizad\u0259<\/strong> deyib. &#13;\n  <\/p>\n<p>M\u00fcsahibimiz vur\u011fulad\u0131 ki, t\u0259qrib\u0259n son 300 illik tariximizin \u0259n m\u00f6ht\u0259\u015f\u0259m d\u00f6vr\u00fcn\u00fc ya\u015fay\u0131r\u0131q:<\/p>\n<p><img loading=\"lazy\" decoding=\"async\" src=\"https:\/\/Millinews.az\/uploads\/323\/bf3e657dc8-2021-08-16-21-51-04loy9uzsfhe1dra3olk5cfile.jpg\" width=\"519\" height=\"521\" style=\"width: 519px; height: 521px;\" alt=\"\" title=\"\"><\/p>\n<p>\u201c44 g\u00fcnl\u00fck V\u0259t\u0259n m\u00fcharib\u0259si, eyni zamanda V\u0259t\u0259n m\u00fcharib\u0259sind\u0259n sonra h\u0259m diplomatik meydanda, h\u0259m d\u00f6y\u00fc\u015f meydan\u0131nda Az\u0259rbaycan d\u00f6vl\u0259tinin atd\u0131\u011f\u0131 m\u0259qs\u0259dy\u00f6nl\u00fc add\u0131mlar xalq\u0131m\u0131za \u00f6z tarixinin \u0259n b\u00f6y\u00fck z\u0259f\u0259rini n\u0259sib etdi. 2020-ci ilin 44 g\u00fcnl\u00fck V\u0259t\u0259n m\u00fcharib\u0259sind\u0259n sonra Az\u0259rbaycan\u0131n ke\u00e7diyi yol he\u00e7 d\u0259 asan olmay\u0131b. 30 il \u0259rzind\u0259 Erm\u0259nistan\u0131n i\u015f\u011fal\u0131na susan, m\u00fcxt\u0259lif vasit\u0259l\u0259rl\u0259 g\u00f6z yuman d\u00f6vl\u0259tl\u0259r Az\u0259rbaycan\u0131n \u0259razil\u0259rini i\u015f\u011faldan azad etm\u0259sind\u0259n sonra \u00f6lk\u0259miz\u0259 qar\u015f\u0131 m\u00fcxt\u0259lif dolay\u0131 vasit\u0259l\u0259rl\u0259 t\u0259zyiql\u0259r g\u00f6st\u0259rm\u0259y\u0259 \u00e7al\u0131\u015fd\u0131lar. Onlar Az\u0259rbaycan\u0131n Erm\u0259nistana v\u0259 erm\u0259nil\u0259r\u0259 t\u0259klif etdiyi kifay\u0259t q\u0259d\u0259r humanist t\u0259klifl\u0259r\u0259 baxmayaraq, erm\u0259nil\u0259rin bunu q\u0259bul etm\u0259si \u00fc\u00e7\u00fcn bel\u0259 he\u00e7 bir s\u0259y g\u00f6st\u0259rmirdirl\u0259r. Eyni zamanda regionda s\u00fclh\u00fcn \u0259ld\u0259 olunmas\u0131 \u00fc\u00e7\u00fcn t\u0259\u015f\u0259bb\u00fcsl\u0259ri d\u0259st\u0259kl\u0259m\u0259k \u0259v\u0259zin\u0259 h\u0259m Erm\u0259nistana, h\u0259m d\u0259 Az\u0259rbaycan\u0131n Qaraba\u011f b\u00f6lg\u0259sind\u0259ki silahl\u0131 erm\u0259ni quldurlar\u0131na m\u00fcxt\u0259lif formalarda gizli v\u0259 a\u00e7\u0131q \u015f\u0259kild\u0259 d\u0259st\u0259k verirdil\u0259r. Lakin Az\u0259rbaycan d\u00f6vl\u0259ti M\u00fcz\u0259ff\u0259r Ali Ba\u015f Komandan \u0130lham \u018fliyev g\u00f6st\u0259rdi ki, Az\u0259rbaycan n\u0259yin bahas\u0131na olur olsun, torpaqlar\u0131n\u0131 azad edib, suverenliyini b\u0259rpa ed\u0259c\u0259kdir\u201d.  <\/p>\n<p><strong>E.K\u0259lbizad\u0259 vur\u011fulad\u0131 ki, 2023-c\u00fc ild\u0259 Az\u0259rbaycan h\u0259yata ke\u00e7irdiyi antiterror \u0259m\u0259liyyat\u0131 zaman\u0131 t\u0259sdiq etdi ki, Az\u0259rbaycan torpaqlar\u0131 \u00fcz\u0259rind\u0259 Az\u0259rbaycan\u0131n qanunlar\u0131ndan ba\u015fqa he\u00e7 bir qanun i\u015fl\u0259y\u0259, Az\u0259rbaycan Silahl\u0131 Q\u00fcvv\u0259l\u0259rinin n\u00fcmay\u0259nd\u0259l\u0259rind\u0259n ba\u015fqa he\u00e7 k\u0259s qanunsuz olaraq silah da\u015f\u0131ya v\u0259  silahl\u0131 d\u0259st\u0259l\u0259r \u015f\u0259klind\u0259 m\u00f6vcud ola bilm\u0259z.<\/strong>  <\/p>\n<p>Ekspert \u0259minlikl\u0259 bildirdi ki, bu \u00fc\u00e7 il Az\u0259rbaycan\u0131n m\u00fcz\u0259ff\u0259r Ali Ba\u015f komandan\u0131 \u0130lham \u018fliyevin elan etdiyi m\u00fcdrik fikrin h\u0259m d\u0259 t\u0259sdiqi oldu:  <\/p>\n<p>\u201c\u00d6t\u0259n bu \u00fc\u00e7 illik m\u00fcdd\u0259td\u0259 b\u00fct\u00fcn xalq\u0131m\u0131z, eyni zamanda  d\u00fcnya, c\u0259nab Prezidentin atd\u0131\u011f\u0131 h\u0259r bir add\u0131m\u0131n arxas\u0131nda b\u00f6y\u00fck siyas\u0259t, m\u00fcdrik bir d\u00fc\u015f\u00fcnc\u0259 v\u0259 uzaqg\u00f6r\u0259nlik dayand\u0131\u011f\u0131n\u0131n \u015fahidi oldu. M\u0259n sad\u0259c\u0259 iki fakt\u0131 x\u00fcsusi qeyd etm\u0259k ist\u0259yir\u0259m. 1920-ci ild\u0259 Erm\u0259nistan\u0131n sovetl\u0259\u015fm\u0259sind\u0259n sonra dekabr\u0131n birind\u0259 v\u0259 ikisind\u0259 RSFSR bol\u015fevikl\u0259r Az\u0259rbaycan SSR\u0130 r\u0259hb\u0259rliyini Z\u0259ng\u0259zur v\u0259 Qaraba\u011fla ba\u011fl\u0131 Erm\u0259nistan\u0131n xeyrin\u0259 hans\u0131sa b\u0259yanatlar verm\u0259y\u0259 m\u0259cbur etdil\u0259r. Bundan d\u00fcz 100 il sonra -2020-ci il dekabr ay\u0131n\u0131n \u00fc\u00e7\u00fcnd\u0259 Az\u0259rbaycan prezidenti \u0130lham \u018fliyev Z\u0259f\u0259r G\u00fcn\u00fcn\u00fcn qeyd olunmas\u0131 il\u0259 ba\u011fl\u0131 s\u0259r\u0259ncam imzalad\u0131. 1923-c\u00fc ilin sentyabr\u0131nda  bol\u015fevikl\u0259r Az\u0259rbaycan\u0131n Xank\u0259ndi \u015f\u0259h\u0259rinin ad\u0131n\u0131 d\u0259yi\u015fdirib onu Stepanakert adland\u0131rd\u0131lar. Bundan d\u00fcz 100il sonra, 2023-c\u00fc ilin sentyabr\u0131nda Az\u0259rbaycan prezidentinin M\u00fcz\u0259ff\u0259r Ali Ba\u015f Komandan\u0131n verdiyi g\u00f6st\u0259ri\u015fl\u0259ri yerin\u0259 yetirm\u0259k \u00fc\u00e7\u00fcn Az\u0259rbaycan ordusu antiterror \u0259m\u0259liyyat\u0131 ke\u00e7irdi. N\u0259tic\u0259d\u0259, Xank\u0259ndi v\u0259 dig\u0259r \u0259razil\u0259rd\u0259ki terror\u00e7ular Az\u0259rbaycan \u0259razil\u0259rind\u0259n t\u0259mizl\u0259ndil\u0259r. H\u0259r iki fakt bir daha g\u00f6st\u0259rir ki, m\u00fcz\u0259ff\u0259r Ali Ba\u015f Komandan he\u00e7 bir add\u0131m\u0131 t\u0259sad\u00fcf\u0259n atm\u0131r.  H\u0259tta \u0259m\u0259liyyatlar\u0131n ke\u00e7irilm\u0259 tarixl\u0259rinin m\u00fc\u0259yy\u0259nl\u0259\u015fdirilm\u0259sind\u0259, s\u0259r\u0259ncamlar\u0131n, q\u0259rarlar\u0131n verilm\u0259 tarixl\u0259rinin m\u00fc\u0259yy\u0259nl\u0259\u015fdirilm\u0259sind\u0259 m\u00fctl\u0259q bir sistemlilik a\u00e7\u0131q \u015f\u0259kild\u0259 n\u0259z\u0259r\u0259 \u00e7arp\u0131r. M\u00fcz\u0259ff\u0259r Ali Ba\u015f Komandan\u0131m\u0131z ba\u015fda olmaqla zalq\u0131m\u0131z\u0131 bu m\u00f6ht\u0259\u015f\u0259m g\u00fcn m\u00fcnasib\u0259til\u0259  t\u0259brik edir\u0259m\u201d.<\/p>\n<p><strong>G<\/strong><strong>\u00fclb\u0259niz H\u00fcseynli <\/strong><strong>\/ <a href=\"https:\/\/Millinews.az\" target=\"_blank\" class=\"kw-link\" rel=\"noopener\">Millinews.az<\/a><\/strong>&#13;<br \/>\n        &#13;<br \/>\n&#13;<br \/>\n        &#13;<br \/>\n&#13;\n        <\/p>\n<p><noscript><\/p>\n<p>You must enable Javascript on your browser for the site to work optimally and display sections completely.<\/p>\n<p><\/noscript>\t\t&#13;<br \/>\n\t\t&#13;\n    <\/div>\n<p><script type=\"text\/javascript\">jQuery(document).ready(function () {\n(function(d, s, id) {\n    var js, fjs = d.getElementsByTagName(s)[0];\n    if (d.getElementById(id))\n        return;\n    js = d.createElement(s);\n    js.id = id;\n    js.src = \"\/\/connect.facebook.net\/az_AZ\/all.js#xfbml=1&appId=1002485763137712\";\n    fjs.parentNode.insertBefore(js, fjs);\n}(document, 'script', 'facebook-jssdk'));                \n});<\/script><\/p>\n","protected":false},"excerpt":{"rendered":"<p>&#13; &#13; \u201cQ\u00fcdr\u0259tli Az\u0259rbaycan imperiyas\u0131n\u0131n Nadir \u015fah\u0131n d\u00f6vl\u0259tinin par\u00e7alanmas\u0131ndan sonra Az\u0259rbaycan d\u00f6vl\u0259ti he\u00e7 bir zaman bu q\u0259d\u0259r g\u00fccl\u00fc, h\u00fcquqi c\u0259h\u0259td\u0259n tan\u0131nm\u0131\u015f \u0259razil\u0259ri \u00fcz\u0259rind\u0259 bug\u00fcnk\u00fc kimi suverenliyi m\u00f6hk\u0259m olmam\u0131\u015fd\u0131r\u201d. Bu fikirl\u0259ri Millinews.az-az a\u00e7\u0131qlamas\u0131nda AMEA-n\u0131n Qafqaz\u015f\u00fcnasl\u0131q \u0130nstitunun erm\u0259ni\u015f\u00fcnasl\u0131q \u015f\u00f6b\u0259sinin m\u00fcdiri, tarix \u00fczr\u0259 f\u0259ls\u0259f\u0259 doktoru, Elnur K\u0259lbizad\u0259 deyib. &#13; M\u00fcsahibimiz vur\u011fulad\u0131 ki, t\u0259qrib\u0259n son 300 illik tariximizin \u0259n &hellip;<\/p>\n","protected":false},"author":1,"featured_media":8568,"comment_status":"open","ping_status":"closed","sticky":false,"template":"","format":"standard","meta":{"footnotes":""},"categories":[9],"tags":[],"class_list":["post-8567","post","type-post","status-publish","format-standard","has-post-thumbnail","hentry","category-xeber"],"_links":{"self":[{"href":"https:\/\/millitv.net\/index.php?rest_route=\/wp\/v2\/posts\/8567","targetHints":{"allow":["GET"]}}],"collection":[{"href":"https:\/\/millitv.net\/index.php?rest_route=\/wp\/v2\/posts"}],"about":[{"href":"https:\/\/millitv.net\/index.php?rest_route=\/wp\/v2\/types\/post"}],"author":[{"embeddable":true,"href":"https:\/\/millitv.net\/index.php?rest_route=\/wp\/v2\/users\/1"}],"replies":[{"embeddable":true,"href":"https:\/\/millitv.net\/index.php?rest_route=%2Fwp%2Fv2%2Fcomments&post=8567"}],"version-history":[{"count":0,"href":"https:\/\/millitv.net\/index.php?rest_route=\/wp\/v2\/posts\/8567\/revisions"}],"wp:featuredmedia":[{"embeddable":true,"href":"https:\/\/millitv.net\/index.php?rest_route=\/wp\/v2\/media\/8568"}],"wp:attachment":[{"href":"https:\/\/millitv.net\/index.php?rest_route=%2Fwp%2Fv2%2Fmedia&parent=8567"}],"wp:term":[{"taxonomy":"category","embeddable":true,"href":"https:\/\/millitv.net\/index.php?rest_route=%2Fwp%2Fv2%2Fcategories&post=8567"},{"taxonomy":"post_tag","embeddable":true,"href":"https:\/\/millitv.net\/index.php?rest_route=%2Fwp%2Fv2%2Ftags&post=8567"}],"curies":[{"name":"wp","href":"https:\/\/api.w.org\/{rel}","templated":true}]}}