{"id":8540,"date":"2023-11-08T06:02:26","date_gmt":"2023-11-08T06:02:26","guid":{"rendered":"https:\/\/millinews.az\/xeber\/bakida-z%C9%99f%C9%99r-gunu-munasib%C9%99til%C9%99-h%C9%99rbcil%C9%99rin-yurusu-kecirilir\/"},"modified":"2023-11-08T06:02:26","modified_gmt":"2023-11-08T06:02:26","slug":"bakida-z%C9%99f%C9%99r-gunu-munasib%C9%99til%C9%99-h%C9%99rbcil%C9%99rin-yurusu-kecirilir","status":"publish","type":"post","link":"https:\/\/millitv.net\/?p=8540","title":{"rendered":"Bak\u0131da Z\u0259f\u0259r G\u00fcn\u00fc m\u00fcnasib\u0259til\u0259 h\u0259rb\u00e7il\u0259rin y\u00fcr\u00fc\u015f\u00fc ke\u00e7irilir"},"content":{"rendered":"<div id=\"maincontent\">&#13;<br \/>\n        &#13;<\/p>\n<p><strong>Bak\u0131da 8 Noyabr &#8211; Z\u0259f\u0259r G\u00fcn\u00fc m\u00fcnasib\u0259til\u0259 h\u0259rbi orkestrl\u0259rin m\u00fc\u015fayi\u0259ti il\u0259 Bak\u0131da h\u0259rb\u00e7il\u0259rin Z\u0259f\u0259r y\u00fcr\u00fc\u015f\u00fc ba\u015flay\u0131b.<\/strong><\/p>\n<p><a href=\"https:\/\/Millinews.az\" target=\"_blank\" class=\"kw-link\" rel=\"noopener\">Millinews.az<\/a> x\u0259b\u0259r verir ki, \u0259vv\u0259lc\u0259 \u015f\u0259hidl\u0259rin xatir\u0259si 1 d\u0259qiq\u0259lik s\u00fckutla yad edilib. &#13;\n<\/p>\n<p>Sonra h\u0259rbi orkestrl\u0259r Az\u0259rbaycan\u0131n d\u00f6vl\u0259t himnini s\u0259sl\u0259ndirib.<\/p>\n<p>Daha sonra h\u0259rb\u00e7il\u0259rin y\u00fcr\u00fc\u015f\u00fc ba\u015flay\u0131b.<\/p>\n<p>Bel\u0259 ki, h\u0259rbi qulluq\u00e7ular h\u0259rbi orkestrl\u0259rin m\u00fc\u015fayi\u0259ti il\u0259 Heyd\u0259r \u018fliyev Saray\u0131 &#8211; B\u00fclb\u00fcl prospekti &#8211; Nizami Kino M\u0259rk\u0259zi &#8211; Neft\u00e7il\u0259r prospekti &#8211; Azadl\u0131q meydan\u0131 &#8211; &#8220;AMAY&#8221; Ticar\u0259t M\u0259rk\u0259zi istiqam\u0259tind\u0259 h\u0259r\u0259k\u0259t edir.<\/p>\n<p>Y\u00fcr\u00fc\u015f\u00fcn dig\u0259r mar\u015frutu \u015e\u0259hidl\u0259r Xiyaban\u0131 &#8211; &#8220;Alov Q\u00fcll\u0259l\u0259ri&#8221; Kompleksi &#8211; &#8220;\u0130\u00e7\u0259ri\u015f\u0259h\u0259r&#8221; metrosu &#8211; \u0130stiqlaliyy\u0259t k\u00fc\u00e7\u0259si &#8211; Azneft dair\u0259si &#8211; B\u0259hram Gur heyk\u0259li olacaq.<\/p>\n<p>Ba\u015fqa bir h\u0259rb\u00e7i qrupu is\u0259 Q.Musab\u0259yov park\u0131 &#8211; \u018fbd\u00fcrr\u0259him B\u0259y Haqverdiyev k\u00fc\u00e7\u0259si &#8211; H\u00fcseyn Cavid prospekti &#8211; H\u00fcseyn Cavid park\u0131 &#8211; Parlament prospekti &#8211; \u015e\u0259hidl\u0259r Xiyaban\u0131 mar\u015frutu il\u0259 h\u0259r\u0259k\u0259t ed\u0259c\u0259k.<\/p>\n<p>Y\u00fcr\u00fc\u015f\u00fcn daha bir mar\u015frutu is\u0259 &#8220;Olimpik Star&#8221; \u0130dman v\u0259 \u018fyl\u0259nc\u0259 M\u0259rk\u0259zi &#8211; S\u0259m\u0259d Vur\u011fun k\u00fc\u00e7\u0259si &#8211; Zabitl\u0259r park\u0131 &#8211; Bak\u0131 D\u00f6vl\u0259t Sirki &#8211; Heyd\u0259r \u018fliyev saray\u0131 &#8211; \u0130. N\u0259simi heyk\u0259li &#8211; Neft\u00e7il\u0259r prospekti istiqam\u0259tind\u0259 olacaq.&#13;<br \/>\n        &#13;<br \/>\n&#13;<br \/>\n        &#13;<br \/>\n&#13;\n        <\/p>\n<p><noscript><\/p>\n<p>You must enable Javascript on your browser for the site to work optimally and display sections completely.<\/p>\n<p><\/noscript>\t\t&#13;<br \/>\n\t\t&#13;\n    <\/div>\n<p><script type=\"text\/javascript\">jQuery(document).ready(function () {\n(function(d, s, id) {\n    var js, fjs = d.getElementsByTagName(s)[0];\n    if (d.getElementById(id))\n        return;\n    js = d.createElement(s);\n    js.id = id;\n    js.src = \"\/\/connect.facebook.net\/az_AZ\/all.js#xfbml=1&appId=1002485763137712\";\n    fjs.parentNode.insertBefore(js, fjs);\n}(document, 'script', 'facebook-jssdk'));                \n});<\/script><\/p>\n","protected":false},"excerpt":{"rendered":"<p>&#13; &#13; Bak\u0131da 8 Noyabr &#8211; Z\u0259f\u0259r G\u00fcn\u00fc m\u00fcnasib\u0259til\u0259 h\u0259rbi orkestrl\u0259rin m\u00fc\u015fayi\u0259ti il\u0259 Bak\u0131da h\u0259rb\u00e7il\u0259rin Z\u0259f\u0259r y\u00fcr\u00fc\u015f\u00fc ba\u015flay\u0131b. Millinews.az x\u0259b\u0259r verir ki, \u0259vv\u0259lc\u0259 \u015f\u0259hidl\u0259rin xatir\u0259si 1 d\u0259qiq\u0259lik s\u00fckutla yad edilib. &#13; Sonra h\u0259rbi orkestrl\u0259r Az\u0259rbaycan\u0131n d\u00f6vl\u0259t himnini s\u0259sl\u0259ndirib. Daha sonra h\u0259rb\u00e7il\u0259rin y\u00fcr\u00fc\u015f\u00fc ba\u015flay\u0131b. Bel\u0259 ki, h\u0259rbi qulluq\u00e7ular h\u0259rbi orkestrl\u0259rin m\u00fc\u015fayi\u0259ti il\u0259 Heyd\u0259r \u018fliyev Saray\u0131 &#8211; &hellip;<\/p>\n","protected":false},"author":1,"featured_media":8541,"comment_status":"open","ping_status":"closed","sticky":false,"template":"","format":"standard","meta":{"footnotes":""},"categories":[9],"tags":[],"class_list":["post-8540","post","type-post","status-publish","format-standard","has-post-thumbnail","hentry","category-xeber"],"_links":{"self":[{"href":"https:\/\/millitv.net\/index.php?rest_route=\/wp\/v2\/posts\/8540","targetHints":{"allow":["GET"]}}],"collection":[{"href":"https:\/\/millitv.net\/index.php?rest_route=\/wp\/v2\/posts"}],"about":[{"href":"https:\/\/millitv.net\/index.php?rest_route=\/wp\/v2\/types\/post"}],"author":[{"embeddable":true,"href":"https:\/\/millitv.net\/index.php?rest_route=\/wp\/v2\/users\/1"}],"replies":[{"embeddable":true,"href":"https:\/\/millitv.net\/index.php?rest_route=%2Fwp%2Fv2%2Fcomments&post=8540"}],"version-history":[{"count":0,"href":"https:\/\/millitv.net\/index.php?rest_route=\/wp\/v2\/posts\/8540\/revisions"}],"wp:featuredmedia":[{"embeddable":true,"href":"https:\/\/millitv.net\/index.php?rest_route=\/wp\/v2\/media\/8541"}],"wp:attachment":[{"href":"https:\/\/millitv.net\/index.php?rest_route=%2Fwp%2Fv2%2Fmedia&parent=8540"}],"wp:term":[{"taxonomy":"category","embeddable":true,"href":"https:\/\/millitv.net\/index.php?rest_route=%2Fwp%2Fv2%2Fcategories&post=8540"},{"taxonomy":"post_tag","embeddable":true,"href":"https:\/\/millitv.net\/index.php?rest_route=%2Fwp%2Fv2%2Ftags&post=8540"}],"curies":[{"name":"wp","href":"https:\/\/api.w.org\/{rel}","templated":true}]}}