{"id":8512,"date":"2023-11-07T19:42:19","date_gmt":"2023-11-07T19:42:19","guid":{"rendered":"https:\/\/millinews.az\/xeber\/tarqovida-q%C9%99rib%C9%99-geyimd%C9%99-g%C9%99z%C9%99n-qiz-kimdir\/"},"modified":"2023-11-07T19:42:19","modified_gmt":"2023-11-07T19:42:19","slug":"tarqovida-q%C9%99rib%C9%99-geyimd%C9%99-g%C9%99z%C9%99n-qiz-kimdir","status":"publish","type":"post","link":"https:\/\/millitv.net\/?p=8512","title":{"rendered":"&#8220;Tarqov\u0131&#8221;da q\u0259rib\u0259 geyimd\u0259 g\u0259z\u0259n q\u0131z kimdir?"},"content":{"rendered":"<div id=\"maincontent\">&#13;<br \/>\n        &#13;<\/p>\n<p><strong>Bak\u0131n\u0131n m\u0259rk\u0259zi k\u00fc\u00e7\u0259sind\u0259 &#8211; &#8220;Tarqov\u0131&#8221;da qeyri-adi t\u0259rzd\u0259 geyin\u0259n q\u0131z\u0131n g\u00f6r\u00fcnt\u00fcs\u00fc m\u00fczakir\u0259l\u0259r\u0259 s\u0259b\u0259b olub. Sosial mediada izl\u0259yicil\u0259rind\u0259n b\u0259zil\u0259ri onu<span class=\"redactor-invisible-space\"> Xalq artisti Ya\u015far Nurinin q\u0131z\u0131 \u00dclviyy\u0259 Nuriyeva<span class=\"redactor-invisible-space\">ya b\u0259nz\u0259dibl\u0259r. <\/span><\/span><\/strong>&#13;\n<\/p>\n<p><a href=\"https:\/\/Millinews.az\" target=\"_blank\" class=\"kw-link\" rel=\"noopener\">Millinews.az<\/a> x\u0259b\u0259r verir ki, geyim stili il\u0259 g\u00fcnd\u0259m olan q\u0131z &#8220;Elgizl\u0259 izl\u0259&#8221; verili\u015fin\u0259 qonaq olub. O, m\u00fc\u011f\u0259nni oldu\u011funu, klip \u00e7\u0259kili\u015fi \u00fc\u00e7\u00fcn bel\u0259 add\u0131m atd\u0131\u011f\u0131n\u0131 bildirib. <span class=\"redactor-invisible-space\">\u00dclviyy\u0259 Nuriyeva<span class=\"redactor-invisible-space\">ya<\/span><\/span> ox\u015famas\u0131na g\u0259linc\u0259, &#8220;q\u0259rib\u0259 geyimli q\u0131z&#8221; \u00f6z\u00fcn\u00fc ona b\u0259nz\u0259tm\u0259diyini deyib. <span class=\"redactor-invisible-space\"\/>&#13;<br \/>\n &#13;\n<\/p>\n<p><iframe loading=\"lazy\" width=\"560\" height=\"315\" src=\"https:\/\/ok.ru\/videoembed\/7328737135180\" frameborder=\"0\" allow=\"autoplay\" allowfullscreen=\"\"><\/iframe>&#13;\n<\/p>\n<p><strong>Zaur \u018fliyev \/ <a href=\"https:\/\/Millinews.az\" target=\"_blank\" class=\"kw-link\" rel=\"noopener\">Millinews.az<\/a><\/strong><br \/>&#13;<br \/>\n&#13;<br \/>\n        &#13;<br \/>\n&#13;<br \/>\n        &#13;<br \/>\n&#13;\n        <\/p>\n<p><noscript><\/p>\n<p>You must enable Javascript on your browser for the site to work optimally and display sections completely.<\/p>\n<p><\/noscript>\t\t&#13;<br \/>\n\t\t&#13;\n    <\/div>\n<p><script type=\"text\/javascript\">jQuery(document).ready(function () {\n(function(d, s, id) {\n    var js, fjs = d.getElementsByTagName(s)[0];\n    if (d.getElementById(id))\n        return;\n    js = d.createElement(s);\n    js.id = id;\n    js.src = \"\/\/connect.facebook.net\/az_AZ\/all.js#xfbml=1&appId=1002485763137712\";\n    fjs.parentNode.insertBefore(js, fjs);\n}(document, 'script', 'facebook-jssdk'));                \n});<\/script><\/p>\n","protected":false},"excerpt":{"rendered":"<p>&#13; &#13; Bak\u0131n\u0131n m\u0259rk\u0259zi k\u00fc\u00e7\u0259sind\u0259 &#8211; &#8220;Tarqov\u0131&#8221;da qeyri-adi t\u0259rzd\u0259 geyin\u0259n q\u0131z\u0131n g\u00f6r\u00fcnt\u00fcs\u00fc m\u00fczakir\u0259l\u0259r\u0259 s\u0259b\u0259b olub. Sosial mediada izl\u0259yicil\u0259rind\u0259n b\u0259zil\u0259ri onu Xalq artisti Ya\u015far Nurinin q\u0131z\u0131 \u00dclviyy\u0259 Nuriyevaya b\u0259nz\u0259dibl\u0259r. &#13; Millinews.az x\u0259b\u0259r verir ki, geyim stili il\u0259 g\u00fcnd\u0259m olan q\u0131z &#8220;Elgizl\u0259 izl\u0259&#8221; verili\u015fin\u0259 qonaq olub. O, m\u00fc\u011f\u0259nni oldu\u011funu, klip \u00e7\u0259kili\u015fi \u00fc\u00e7\u00fcn bel\u0259 add\u0131m atd\u0131\u011f\u0131n\u0131 bildirib. \u00dclviyy\u0259 &hellip;<\/p>\n","protected":false},"author":1,"featured_media":8513,"comment_status":"open","ping_status":"closed","sticky":false,"template":"","format":"standard","meta":{"footnotes":""},"categories":[9],"tags":[],"class_list":["post-8512","post","type-post","status-publish","format-standard","has-post-thumbnail","hentry","category-xeber"],"_links":{"self":[{"href":"https:\/\/millitv.net\/index.php?rest_route=\/wp\/v2\/posts\/8512","targetHints":{"allow":["GET"]}}],"collection":[{"href":"https:\/\/millitv.net\/index.php?rest_route=\/wp\/v2\/posts"}],"about":[{"href":"https:\/\/millitv.net\/index.php?rest_route=\/wp\/v2\/types\/post"}],"author":[{"embeddable":true,"href":"https:\/\/millitv.net\/index.php?rest_route=\/wp\/v2\/users\/1"}],"replies":[{"embeddable":true,"href":"https:\/\/millitv.net\/index.php?rest_route=%2Fwp%2Fv2%2Fcomments&post=8512"}],"version-history":[{"count":0,"href":"https:\/\/millitv.net\/index.php?rest_route=\/wp\/v2\/posts\/8512\/revisions"}],"wp:featuredmedia":[{"embeddable":true,"href":"https:\/\/millitv.net\/index.php?rest_route=\/wp\/v2\/media\/8513"}],"wp:attachment":[{"href":"https:\/\/millitv.net\/index.php?rest_route=%2Fwp%2Fv2%2Fmedia&parent=8512"}],"wp:term":[{"taxonomy":"category","embeddable":true,"href":"https:\/\/millitv.net\/index.php?rest_route=%2Fwp%2Fv2%2Fcategories&post=8512"},{"taxonomy":"post_tag","embeddable":true,"href":"https:\/\/millitv.net\/index.php?rest_route=%2Fwp%2Fv2%2Ftags&post=8512"}],"curies":[{"name":"wp","href":"https:\/\/api.w.org\/{rel}","templated":true}]}}