{"id":851,"date":"2023-09-26T11:29:47","date_gmt":"2023-09-26T11:29:47","guid":{"rendered":"https:\/\/millinews.az\/?p=851"},"modified":"2023-09-26T11:29:49","modified_gmt":"2023-09-26T11:29:49","slug":"misir-m%c9%99rdanovdan-x%c9%99b%c9%99r-var","status":"publish","type":"post","link":"https:\/\/millitv.net\/?p=851","title":{"rendered":"Misir M\u0259rdanovdan x\u0259b\u0259r var"},"content":{"rendered":"\n<p><strong>Misir M\u0259rdanovdan x\u0259b\u0259r var<\/strong>.<\/p>\n\n\n\n<p>Qaynarinfo-nun \u0259ld\u0259 etdiyi m\u0259lumata g\u00f6r\u0259, sabiq t\u0259hsil naziri, Riyaziyyat v\u0259 Mexanika \u0130nstitutunun direktoru Misir M\u0259rdanov n\u0259v\u0259sin\u0259 v\u0259zif\u0259 verib.\u00a0<\/p>\n\n\n\n<p>Sabiq nazirin q\u0131z\u0131 Samir\u0259 M\u0259rdanovan\u0131n o\u011flu Murad M\u0259rdanovu Yasamalda &#8220;G\u00f6y\u0259r\u00e7in U\u015faq Ba\u011f\u00e7as\u0131&#8221;n\u0131n direktoru t\u0259yin edilib.\u00a0<\/p>\n\n\n\n<p>Samir\u0259 M\u0259rdanova \u00f6z\u00fc is\u0259 &#8220;Bak\u0131 Beyn\u0259lxalq T\u0259hsil Kompleksi&#8221;nin direktoru v\u0259zif\u0259sind\u0259 qal\u0131b.<\/p>\n\n\n\n<figure class=\"wp-block-image is-resized\"><img loading=\"lazy\" decoding=\"async\" src=\"https:\/\/azerforum.com\/storage\/users\/17\/articles\/74498108\/main\/1695472229-750-450.jpg\" alt=\"\" style=\"width:840px;height:27px\" width=\"840\" height=\"27\" title=\"\"><\/figure>\n\n\n\n<figure class=\"wp-block-image\"><img decoding=\"async\" src=\"https:\/\/cdn.qaynarinfo.az\/2023-09\/de1a207356e42fc64d51c1727ba85f837493c498-d539-4e5d-bab6-4a1b938a74a3-jpg.jpg\" alt=\"\" title=\"\"><\/figure>\n\n\n\n<figure class=\"wp-block-image\"><img decoding=\"async\" src=\"https:\/\/cdn.qaynarinfo.az\/2023-09\/60e827e43c7cc84773e35a66870f24be3f388450-09b9-4500-97ee-e68a25896ae7-jpg.jpg\" alt=\"\" title=\"\"><\/figure>\n\n\n\n<figure class=\"wp-block-image\"><img decoding=\"async\" src=\"https:\/\/cdn.qaynarinfo.az\/2023-09\/6e211cfdc24cb60d2b6a3609045b60f489a4d9f7-a394-43f0-9afe-32c3086502cc-jpg.jpg\" alt=\"\" title=\"\"><\/figure>\n","protected":false},"excerpt":{"rendered":"<p>Misir M\u0259rdanovdan x\u0259b\u0259r var. Qaynarinfo-nun \u0259ld\u0259 etdiyi m\u0259lumata g\u00f6r\u0259, sabiq t\u0259hsil naziri, Riyaziyyat v\u0259 Mexanika \u0130nstitutunun direktoru Misir M\u0259rdanov n\u0259v\u0259sin\u0259 v\u0259zif\u0259 verib.\u00a0 Sabiq nazirin q\u0131z\u0131 Samir\u0259 M\u0259rdanovan\u0131n o\u011flu Murad M\u0259rdanovu Yasamalda &#8220;G\u00f6y\u0259r\u00e7in U\u015faq Ba\u011f\u00e7as\u0131&#8221;n\u0131n direktoru t\u0259yin edilib.\u00a0 Samir\u0259 M\u0259rdanova \u00f6z\u00fc is\u0259 &#8220;Bak\u0131 Beyn\u0259lxalq T\u0259hsil Kompleksi&#8221;nin direktoru v\u0259zif\u0259sind\u0259 qal\u0131b.<\/p>\n","protected":false},"author":1,"featured_media":852,"comment_status":"open","ping_status":"closed","sticky":false,"template":"","format":"standard","meta":{"footnotes":""},"categories":[3],"tags":[],"class_list":["post-851","post","type-post","status-publish","format-standard","has-post-thumbnail","hentry","category-olke"],"_links":{"self":[{"href":"https:\/\/millitv.net\/index.php?rest_route=\/wp\/v2\/posts\/851","targetHints":{"allow":["GET"]}}],"collection":[{"href":"https:\/\/millitv.net\/index.php?rest_route=\/wp\/v2\/posts"}],"about":[{"href":"https:\/\/millitv.net\/index.php?rest_route=\/wp\/v2\/types\/post"}],"author":[{"embeddable":true,"href":"https:\/\/millitv.net\/index.php?rest_route=\/wp\/v2\/users\/1"}],"replies":[{"embeddable":true,"href":"https:\/\/millitv.net\/index.php?rest_route=%2Fwp%2Fv2%2Fcomments&post=851"}],"version-history":[{"count":0,"href":"https:\/\/millitv.net\/index.php?rest_route=\/wp\/v2\/posts\/851\/revisions"}],"wp:featuredmedia":[{"embeddable":true,"href":"https:\/\/millitv.net\/index.php?rest_route=\/wp\/v2\/media\/852"}],"wp:attachment":[{"href":"https:\/\/millitv.net\/index.php?rest_route=%2Fwp%2Fv2%2Fmedia&parent=851"}],"wp:term":[{"taxonomy":"category","embeddable":true,"href":"https:\/\/millitv.net\/index.php?rest_route=%2Fwp%2Fv2%2Fcategories&post=851"},{"taxonomy":"post_tag","embeddable":true,"href":"https:\/\/millitv.net\/index.php?rest_route=%2Fwp%2Fv2%2Ftags&post=851"}],"curies":[{"name":"wp","href":"https:\/\/api.w.org\/{rel}","templated":true}]}}