{"id":8484,"date":"2023-11-07T15:07:32","date_gmt":"2023-11-07T15:07:32","guid":{"rendered":"https:\/\/millinews.az\/xeber\/media-g%C9%99nc%C9%99d%C9%99-gorus-kecirdi\/"},"modified":"2023-11-07T15:07:32","modified_gmt":"2023-11-07T15:07:32","slug":"media-g%C9%99nc%C9%99d%C9%99-gorus-kecirdi","status":"publish","type":"post","link":"https:\/\/millitv.net\/?p=8484","title":{"rendered":"MED\u0130A G\u0259nc\u0259d\u0259 g\u00f6r\u00fc\u015f ke\u00e7irdi"},"content":{"rendered":"<div id=\"maincontent\">&#13;<br \/>\n        &#13;<\/p>\n<p><strong>Noyabr\u0131n 7-d\u0259 Median\u0131n \u0130nki\u015faf\u0131 Agentliyinin \u201cRegional Median\u0131n \u0130nki\u015faf\u0131\u201d layih\u0259si \u00e7\u0259r\u00e7iv\u0259sind\u0259 m\u00fczakir\u0259l\u0259rin apar\u0131lmas\u0131 m\u0259qs\u0259dil\u0259 G\u0259nc\u0259 \u015f\u0259h\u0259rind\u0259 b\u00f6lg\u0259d\u0259 f\u0259aliyy\u0259t g\u00f6st\u0259r\u0259n media subyektl\u0259rinin n\u00fcmay\u0259nd\u0259l\u0259ri v\u0259 jurnalistl\u0259rl\u0259 g\u00f6r\u00fc\u015f ke\u00e7irilib.<\/strong><\/p>\n<p><a href=\"https:\/\/Millinews.az\" target=\"_blank\" class=\"kw-link\" rel=\"noopener\">Millinews.az<\/a> x\u0259b\u0259r verir ki, Audiovizual \u015eura v\u0259 M\u0259tbuat \u015euras\u0131n\u0131n da t\u0259msil olundu\u011fu g\u00f6r\u00fc\u015f\u00fcn m\u0259qs\u0259di regional median\u0131n inki\u015faf\u0131n\u0131n stimulla\u015fd\u0131r\u0131lmas\u0131 v\u0259 onun dayan\u0131ql\u0131 inki\u015faf mexanizminin formala\u015fd\u0131r\u0131lmas\u0131, b\u00f6lg\u0259l\u0259rd\u0259 f\u0259aliyy\u0259t g\u00f6st\u0259r\u0259n media n\u00fcmay\u0259nd\u0259l\u0259ri \u00fc\u00e7\u00fcn m\u00fczakir\u0259 platformas\u0131n\u0131n yarad\u0131lmas\u0131, m\u00fc\u0259yy\u0259n edil\u0259n istiqam\u0259tl\u0259r \u0259sas\u0131nda diskussiyalar\u0131n t\u0259\u015fkili v\u0259 diaqnostik icmal\u0131n haz\u0131rlanmas\u0131, habel\u0259 h\u0259ssas istifad\u0259\u00e7i qrupu hesab edil\u0259n region g\u0259ncl\u0259ri \u00fc\u00e7\u00fcn m\u0259lumatl\u0131l\u0131q s\u0259viyy\u0259sinin y\u00fcks\u0259ldilm\u0259sin\u0259 y\u00f6n\u0259l\u0259n \u201cMedia savadl\u0131l\u0131\u011f\u0131\u201d t\u0259liminin ke\u00e7irilm\u0259sidir. &#13;\n<\/p>\n<p>G\u00f6r\u00fc\u015fd\u0259n \u0259vv\u0259l Median\u0131n \u0130nki\u015faf\u0131 Agentliyinin n\u00fcmay\u0259nd\u0259l\u0259ri v\u0259 t\u0259dbir i\u015ftirak\u00e7\u0131lar\u0131 t\u0259r\u0259find\u0259n G\u0259nc\u0259d\u0259 \u00dcmummilli Lider Heyd\u0259r \u018fliyevin abid\u0259si ziyar\u0259t edilib, onun xatir\u0259si d\u0259rin ehtiramla yad olunub.<\/p>\n<p>T\u0259dbird\u0259 a\u00e7\u0131l\u0131\u015f nitqi il\u0259 \u00e7\u0131x\u0131\u015f ed\u0259n Median\u0131n \u0130nki\u015faf\u0131 Agentliyinin \u0130cra\u00e7\u0131 direktoru \u018fhm\u0259d \u0130smay\u0131lov Prezident \u0130lham \u018fliyevin 2021-ci il yanvar\u0131n 12-d\u0259 imzalad\u0131\u011f\u0131 F\u0259rmanla Az\u0259rbaycan medias\u0131n\u0131n inki\u015faf\u0131nda yeni m\u0259rh\u0259l\u0259nin ba\u015fland\u0131\u011f\u0131n\u0131 vur\u011fulayaraq bildirib ki, son ill\u0259rd\u0259 regionlarda infrastrukturun v\u0259 telekommunikasiya \u015f\u0259b\u0259k\u0259sinin inki\u015faf\u0131, h\u0259m\u00e7inin keyfiyy\u0259tli internet xidm\u0259tl\u0259rinin t\u0259min edilm\u0259si d\u00f6vr\u00fcn trendl\u0259rin\u0259 v\u0259 auditoriyan\u0131n t\u0259l\u0259bl\u0259rin\u0259 cavab ver\u0259n, mahiyy\u0259t v\u0259 t\u0259qdimat bax\u0131m\u0131ndan yenil\u0259nmi\u015f median\u0131n formala\u015fd\u0131r\u0131lmas\u0131 istiqam\u0259tind\u0259 d\u0259 m\u00fcxt\u0259lif layih\u0259l\u0259rin haz\u0131rlanmas\u0131na, icras\u0131na v\u0259 media savadl\u0131l\u0131\u011f\u0131n\u0131n art\u0131r\u0131lmas\u0131na ciddi \u0259sas yarad\u0131r.<\/p>\n<p>T\u0259dbir i\u015ftirak\u00e7\u0131lar\u0131n\u0131 salamlayan G\u0259nc\u0259 \u015e\u0259h\u0259r \u0130cra Hakimiyy\u0259ti ba\u015f\u00e7\u0131s\u0131n\u0131n m\u00fcavini Adil Ta\u011f\u0131yev regionlarda median\u0131n inki\u015faf\u0131n\u0131n t\u0259\u015fviqi \u00fc\u00e7\u00fcn m\u00fcxt\u0259lif t\u0259dbirl\u0259rin ke\u00e7irilm\u0259sinin vacib \u0259h\u0259miyy\u0259t da\u015f\u0131d\u0131\u011f\u0131n\u0131 bildir\u0259r\u0259k, g\u0259l\u0259c\u0259kd\u0259 d\u0259 m\u00fcvafiq istiqam\u0259td\u0259 bu kimi layih\u0259l\u0259rin t\u0259\u015fkilin\u0259 t\u00f6hf\u0259 ver\u0259c\u0259kl\u0259rini qeyd edib.<\/p>\n<p>Audiovizual \u015euran\u0131n \u00fczv\u00fc M\u00fcbariz \u018fsg\u0259rov \u00e7\u0131x\u0131\u015f ed\u0259r\u0259k region medias\u0131n\u0131n m\u00fcasir standartlara uy\u011fun infrastrukturunun formala\u015fmas\u0131n\u0131n, \u0259halinin informasiya \u0259l\u00e7atanl\u0131\u011f\u0131n\u0131n t\u0259min edilm\u0259si v\u0259 ictimai-siyasi, m\u0259d\u0259ni-tarixi c\u0259h\u0259td\u0259n maarifl\u0259ndirilm\u0259sinin, el\u0259c\u0259 d\u0259 bu sah\u0259d\u0259 uzunm\u00fcdd\u0259tli davaml\u0131 inki\u015faf\u0131n t\u0259\u015fviqinin vacibliyini bildirib.<\/p>\n<p>M\u0259tbuat \u015euras\u0131 Ah\u0131llar M\u0259clisinin s\u0259dr m\u00fcavini \u018fmin\u0259 Yusifq\u0131z\u0131 qeyd edib ki, regional media subyektl\u0259ri v\u0259 regionlarda f\u0259aliyy\u0259t g\u00f6st\u0259r\u0259n media n\u00fcmay\u0259nd\u0259l\u0259ri m\u00fcvafiq b\u00f6lg\u0259l\u0259rd\u0259 ictimai r\u0259yin formala\u015fmas\u0131nda, el\u0259c\u0259 d\u0259 h\u0259min b\u00f6lg\u0259 il\u0259 ba\u011fl\u0131 m\u0259lumatlar\u0131n \u00fcmumi \u00f6lk\u0259 g\u00fcnd\u0259mind\u0259 d\u00fczg\u00fcn yer almas\u0131nda x\u00fcsusil\u0259 aktiv i\u015ftirak etm\u0259lidir.<\/p>\n<p>Sonra Median\u0131n \u0130nki\u015faf\u0131 Agentliyinin Media subyektl\u0259ri v\u0259 jurnalistl\u0259rl\u0259 i\u015f \u015f\u00f6b\u0259sinin m\u00fcdiri Natiq M\u0259mm\u0259dlinin moderatorlu\u011fu il\u0259 region medias\u0131na dair diaqnostik icmal\u0131n haz\u0131rlanmas\u0131 \u00fc\u00e7\u00fcn m\u00f6vcud media ekosisteminin x\u00fcsusiyy\u0259tl\u0259rinin v\u0259 cari ehtiyaclar\u0131n m\u00fc\u0259yy\u0259nl\u0259\u015fdirilm\u0259si m\u0259qs\u0259dil\u0259 m\u00fcxt\u0259lif istiqam\u0259tl\u0259r \u00fczr\u0259 m\u00fczakir\u0259l\u0259r apar\u0131l\u0131b.<\/p>\n<p>Bununla yana\u015f\u0131, layih\u0259 \u00e7\u0259r\u00e7iv\u0259sind\u0259 Median\u0131n \u0130nki\u015faf\u0131 Agentliyinin n\u00fcmay\u0259nd\u0259si P\u0259rvan\u0259 \u0130brahimova v\u0259 Bak\u0131 D\u00f6vl\u0259t Universitetinin Beyn\u0259lxalq jurnalistika v\u0259 informasiya siyas\u0259ti kafedras\u0131n\u0131n dosenti V\u0259fa \u0130sg\u0259nd\u0259rova t\u0259r\u0259find\u0259n 60-a yax\u0131n region g\u0259ncinin i\u015ftirak\u0131 il\u0259 \u201cMedia savadl\u0131l\u0131\u011f\u0131\u201d m\u00f6vzusunda t\u0259lim ke\u00e7ilib.&#13;<br \/>\n        &#13;<br \/>\n&#13;<br \/>\n        &#13;<br \/>\n&#13;\n        <\/p>\n<p><noscript><\/p>\n<p>You must enable Javascript on your browser for the site to work optimally and display sections completely.<\/p>\n<p><\/noscript>\t\t&#13;<br \/>\n\t\t&#13;\n    <\/div>\n<p><script type=\"text\/javascript\">jQuery(document).ready(function () {\n(function(d, s, id) {\n    var js, fjs = d.getElementsByTagName(s)[0];\n    if (d.getElementById(id))\n        return;\n    js = d.createElement(s);\n    js.id = id;\n    js.src = \"\/\/connect.facebook.net\/az_AZ\/all.js#xfbml=1&appId=1002485763137712\";\n    fjs.parentNode.insertBefore(js, fjs);\n}(document, 'script', 'facebook-jssdk'));                \n});<\/script><\/p>\n","protected":false},"excerpt":{"rendered":"<p>&#13; &#13; Noyabr\u0131n 7-d\u0259 Median\u0131n \u0130nki\u015faf\u0131 Agentliyinin \u201cRegional Median\u0131n \u0130nki\u015faf\u0131\u201d layih\u0259si \u00e7\u0259r\u00e7iv\u0259sind\u0259 m\u00fczakir\u0259l\u0259rin apar\u0131lmas\u0131 m\u0259qs\u0259dil\u0259 G\u0259nc\u0259 \u015f\u0259h\u0259rind\u0259 b\u00f6lg\u0259d\u0259 f\u0259aliyy\u0259t g\u00f6st\u0259r\u0259n media subyektl\u0259rinin n\u00fcmay\u0259nd\u0259l\u0259ri v\u0259 jurnalistl\u0259rl\u0259 g\u00f6r\u00fc\u015f ke\u00e7irilib. Millinews.az x\u0259b\u0259r verir ki, Audiovizual \u015eura v\u0259 M\u0259tbuat \u015euras\u0131n\u0131n da t\u0259msil olundu\u011fu g\u00f6r\u00fc\u015f\u00fcn m\u0259qs\u0259di regional median\u0131n inki\u015faf\u0131n\u0131n stimulla\u015fd\u0131r\u0131lmas\u0131 v\u0259 onun dayan\u0131ql\u0131 inki\u015faf mexanizminin formala\u015fd\u0131r\u0131lmas\u0131, b\u00f6lg\u0259l\u0259rd\u0259 f\u0259aliyy\u0259t g\u00f6st\u0259r\u0259n media &hellip;<\/p>\n","protected":false},"author":1,"featured_media":8485,"comment_status":"open","ping_status":"closed","sticky":false,"template":"","format":"standard","meta":{"footnotes":""},"categories":[9],"tags":[],"class_list":["post-8484","post","type-post","status-publish","format-standard","has-post-thumbnail","hentry","category-xeber"],"_links":{"self":[{"href":"https:\/\/millitv.net\/index.php?rest_route=\/wp\/v2\/posts\/8484","targetHints":{"allow":["GET"]}}],"collection":[{"href":"https:\/\/millitv.net\/index.php?rest_route=\/wp\/v2\/posts"}],"about":[{"href":"https:\/\/millitv.net\/index.php?rest_route=\/wp\/v2\/types\/post"}],"author":[{"embeddable":true,"href":"https:\/\/millitv.net\/index.php?rest_route=\/wp\/v2\/users\/1"}],"replies":[{"embeddable":true,"href":"https:\/\/millitv.net\/index.php?rest_route=%2Fwp%2Fv2%2Fcomments&post=8484"}],"version-history":[{"count":0,"href":"https:\/\/millitv.net\/index.php?rest_route=\/wp\/v2\/posts\/8484\/revisions"}],"wp:featuredmedia":[{"embeddable":true,"href":"https:\/\/millitv.net\/index.php?rest_route=\/wp\/v2\/media\/8485"}],"wp:attachment":[{"href":"https:\/\/millitv.net\/index.php?rest_route=%2Fwp%2Fv2%2Fmedia&parent=8484"}],"wp:term":[{"taxonomy":"category","embeddable":true,"href":"https:\/\/millitv.net\/index.php?rest_route=%2Fwp%2Fv2%2Fcategories&post=8484"},{"taxonomy":"post_tag","embeddable":true,"href":"https:\/\/millitv.net\/index.php?rest_route=%2Fwp%2Fv2%2Ftags&post=8484"}],"curies":[{"name":"wp","href":"https:\/\/api.w.org\/{rel}","templated":true}]}}