{"id":8448,"date":"2023-11-07T12:29:55","date_gmt":"2023-11-07T12:29:55","guid":{"rendered":"https:\/\/millinews.az\/xeber\/blinkenin-s%C9%99f%C9%99ri-zamani-erdoganin-riz%C9%99d%C9%99n-verdiyi-mesaj-muzakir%C9%99l%C9%99r%C9%99-s%C9%99b%C9%99b-oldu\/"},"modified":"2023-11-07T12:29:55","modified_gmt":"2023-11-07T12:29:55","slug":"blinkenin-s%C9%99f%C9%99ri-zamani-erdoganin-riz%C9%99d%C9%99n-verdiyi-mesaj-muzakir%C9%99l%C9%99r%C9%99-s%C9%99b%C9%99b-oldu","status":"publish","type":"post","link":"https:\/\/millitv.net\/?p=8448","title":{"rendered":"Blinkenin s\u0259f\u0259ri zaman\u0131 \u018frdo\u011fan\u0131n Riz\u0259d\u0259n verdiyi mesaj m\u00fczakir\u0259l\u0259r\u0259 s\u0259b\u0259b oldu"},"content":{"rendered":"<div id=\"maincontent\">&#13;<br \/>\n        &#13;<\/p>\n<p>AB\u015e d\u00f6vl\u0259t katibi Entoni Blinkenin T\u00fcrkiy\u0259y\u0259 s\u0259f\u0259ri zaman\u0131 Prezident R\u0259c\u0259b Tayyib \u018frdo\u011fan\u0131n Riz\u0259y\u0259 getm\u0259si Fransan\u0131n \u201cAFP\u201d x\u0259b\u0259r agentliyinin g\u00fcnd\u0259min\u0259 g\u0259lib. <\/p>\n<p><a href=\"https:\/\/Millinews.az\" target=\"_blank\" class=\"kw-link\" rel=\"noopener\">Millinews.az<\/a> x\u0259b\u0259r verir ki, m\u0259qal\u0259d\u0259 \u018frdo\u011fan\u0131n bundan \u0259vv\u0259l Blinken bar\u0259d\u0259 &#8220;S\u0259n nec\u0259 diplomatsan?&#8221; dediyi xat\u0131rlad\u0131l\u0131b v\u0259 T\u00fcrkiy\u0259 liderinin Riz\u0259y\u0259 getm\u0259kl\u0259 amerikal\u0131 diplomata \u201cs\u0259n\u0259 \u0259h\u0259miyy\u0259t vermir\u0259m\u201d mesaj\u0131 verdiyi ir\u0259li s\u00fcr\u00fcl\u00fcb. Blinkenin Ankaraya s\u0259f\u0259ri il\u0259 ba\u011fl\u0131 t\u0259hlild\u0259 \u018frdo\u011fan\u0131n bu add\u0131m\u0131n\u0131n amerikal\u0131 diplomat\u0131 vecin\u0259 almamas\u0131 kimi \u015f\u0259rh edilib. &#13;\n<\/p>\n<p>Qeyd ed\u0259k ki, Ankaraya g\u0259l\u0259n AB\u015e d\u00f6vl\u0259t katibi Entoni Blinken T\u00fcrkiy\u0259 tarixind\u0259 ilk d\u0259f\u0259 he\u00e7 bir y\u00fcks\u0259k s\u0259viyy\u0259li r\u0259sminin qat\u0131lmad\u0131\u011f\u0131 m\u0259rasiml\u0259 qar\u015f\u0131lan\u0131b. Blinken xarici i\u015fl\u0259r naziri Hakan Fidan il\u0259 g\u00f6r\u00fc\u015f\u00fcb. \u0130ki nazir aras\u0131nda Q\u0259zz\u0259 ba\u015fda olmaq \u00fczr\u0259 m\u00fch\u00fcm m\u00f6vzular m\u00fczakir\u0259 edilib.&#13;<br \/>\n        &#13;<br \/>\n&#13;<br \/>\n        &#13;<br \/>\n&#13;\n        <\/p>\n<p><noscript><\/p>\n<p>You must enable Javascript on your browser for the site to work optimally and display sections completely.<\/p>\n<p><\/noscript>\t\t&#13;<br \/>\n\t\t&#13;\n    <\/div>\n<p><script type=\"text\/javascript\">jQuery(document).ready(function () {\n(function(d, s, id) {\n    var js, fjs = d.getElementsByTagName(s)[0];\n    if (d.getElementById(id))\n        return;\n    js = d.createElement(s);\n    js.id = id;\n    js.src = \"\/\/connect.facebook.net\/az_AZ\/all.js#xfbml=1&appId=1002485763137712\";\n    fjs.parentNode.insertBefore(js, fjs);\n}(document, 'script', 'facebook-jssdk'));                \n});<\/script><\/p>\n","protected":false},"excerpt":{"rendered":"<p>&#13; &#13; AB\u015e d\u00f6vl\u0259t katibi Entoni Blinkenin T\u00fcrkiy\u0259y\u0259 s\u0259f\u0259ri zaman\u0131 Prezident R\u0259c\u0259b Tayyib \u018frdo\u011fan\u0131n Riz\u0259y\u0259 getm\u0259si Fransan\u0131n \u201cAFP\u201d x\u0259b\u0259r agentliyinin g\u00fcnd\u0259min\u0259 g\u0259lib. Millinews.az x\u0259b\u0259r verir ki, m\u0259qal\u0259d\u0259 \u018frdo\u011fan\u0131n bundan \u0259vv\u0259l Blinken bar\u0259d\u0259 &#8220;S\u0259n nec\u0259 diplomatsan?&#8221; dediyi xat\u0131rlad\u0131l\u0131b v\u0259 T\u00fcrkiy\u0259 liderinin Riz\u0259y\u0259 getm\u0259kl\u0259 amerikal\u0131 diplomata \u201cs\u0259n\u0259 \u0259h\u0259miyy\u0259t vermir\u0259m\u201d mesaj\u0131 verdiyi ir\u0259li s\u00fcr\u00fcl\u00fcb. Blinkenin Ankaraya s\u0259f\u0259ri il\u0259 &hellip;<\/p>\n","protected":false},"author":1,"featured_media":8449,"comment_status":"open","ping_status":"closed","sticky":false,"template":"","format":"standard","meta":{"footnotes":""},"categories":[9],"tags":[],"class_list":["post-8448","post","type-post","status-publish","format-standard","has-post-thumbnail","hentry","category-xeber"],"_links":{"self":[{"href":"https:\/\/millitv.net\/index.php?rest_route=\/wp\/v2\/posts\/8448","targetHints":{"allow":["GET"]}}],"collection":[{"href":"https:\/\/millitv.net\/index.php?rest_route=\/wp\/v2\/posts"}],"about":[{"href":"https:\/\/millitv.net\/index.php?rest_route=\/wp\/v2\/types\/post"}],"author":[{"embeddable":true,"href":"https:\/\/millitv.net\/index.php?rest_route=\/wp\/v2\/users\/1"}],"replies":[{"embeddable":true,"href":"https:\/\/millitv.net\/index.php?rest_route=%2Fwp%2Fv2%2Fcomments&post=8448"}],"version-history":[{"count":0,"href":"https:\/\/millitv.net\/index.php?rest_route=\/wp\/v2\/posts\/8448\/revisions"}],"wp:featuredmedia":[{"embeddable":true,"href":"https:\/\/millitv.net\/index.php?rest_route=\/wp\/v2\/media\/8449"}],"wp:attachment":[{"href":"https:\/\/millitv.net\/index.php?rest_route=%2Fwp%2Fv2%2Fmedia&parent=8448"}],"wp:term":[{"taxonomy":"category","embeddable":true,"href":"https:\/\/millitv.net\/index.php?rest_route=%2Fwp%2Fv2%2Fcategories&post=8448"},{"taxonomy":"post_tag","embeddable":true,"href":"https:\/\/millitv.net\/index.php?rest_route=%2Fwp%2Fv2%2Ftags&post=8448"}],"curies":[{"name":"wp","href":"https:\/\/api.w.org\/{rel}","templated":true}]}}