{"id":8446,"date":"2023-11-07T12:22:09","date_gmt":"2023-11-07T12:22:09","guid":{"rendered":"https:\/\/millinews.az\/xeber\/olk%C9%99d%C9%99-orta-ayliq-%C9%99m%C9%99k-haqqi-artib\/"},"modified":"2023-11-07T12:22:09","modified_gmt":"2023-11-07T12:22:09","slug":"olk%C9%99d%C9%99-orta-ayliq-%C9%99m%C9%99k-haqqi-artib","status":"publish","type":"post","link":"https:\/\/millitv.net\/?p=8446","title":{"rendered":"\u00d6lk\u0259d\u0259 orta ayl\u0131q \u0259m\u0259k haqq\u0131 art\u0131b"},"content":{"rendered":"<div id=\"maincontent\">&#13;<br \/>\n        &#13;<\/p>\n<p><strong>2023-c\u00fc ilin yanvar-avqust aylar\u0131nda muzdla i\u015fl\u0259y\u0259nl\u0259rin orta ayl\u0131q nominal \u0259m\u0259k haqq\u0131 art\u0131b.<br \/><\/strong><\/p>\n<p><a href=\"https:\/\/Millinews.az\" target=\"_blank\" class=\"kw-link\" rel=\"noopener\">Millinews.az<\/a> x\u0259b\u0259r verir ki, bu bar\u0259d\u0259 Bak\u0131 \u015e\u0259h\u0259r Statistika \u0130dar\u0259si m\u0259lumat payla\u015f\u0131b. Qeyd olunub ki, 2022-ci ilin m\u00fcvafiq d\u00f6vr\u00fcn\u0259 nisb\u0259t\u0259n muzdla i\u015fl\u0259y\u0259nl\u0259rin orta ayl\u0131q nominal \u0259m\u0259khaqq\u0131s\u0131 9,9 faiz artaraq 1174,7 manat t\u0259\u015fkil edib. &#13;\n<\/p>\n<p><span\/>Hesabat d\u00f6vr\u00fcn\u00fcn \u0259vv\u0259lind\u0259n m\u0259d\u0259n\u00e7\u0131xarma s\u0259nayesind\u0259 \u00e7al\u0131\u015fanlar\u0131n orta ayl\u0131q nominal \u0259m\u0259k haqq\u0131s\u0131 3 881,5, informasiya v\u0259 rabit\u0259 sah\u0259sind\u0259 \u00e7al\u0131\u015fanlar\u0131n orta ayl\u0131q nominal \u0259m\u0259k haqq\u0131s\u0131 1 742,8 olub. Maliyy\u0259 v\u0259 s\u0131\u011forta f\u0259aliyy\u0259ti sah\u0259sind\u0259 \u00e7al\u0131\u015fan i\u015f\u00e7il\u0259rin \u0259m\u0259k haqq\u0131s\u0131ndan is\u0259 \u00f6t\u0259n ilin m\u00fcvafiq d\u00f6vr\u00fc il\u0259 m\u00fcqayis\u0259d\u0259 daha \u00e7ox art\u0131m qeyd\u0259 al\u0131n\u0131b. Bel\u0259 ki, Maliyy\u0259 v\u0259 s\u0131\u011forta f\u0259aliyy\u0259ti sah\u0259sind\u0259 \u00e7al\u0131\u015fanlar\u0131n orta ayl\u0131q nominal \u0259m\u0259k haqq\u0131s\u0131 cari ilin 8 ay\u0131nda is\u0259 2 556,0, \u00f6t\u0259n ilin m\u00fcvafiq d\u00f6vr\u00fcnd\u0259 is\u0259 2 268,7, olub.&#13;<br \/>\n        &#13;<br \/>\n&#13;<br \/>\n        &#13;<br \/>\n&#13;\n        <\/p>\n<p><noscript><\/p>\n<p>You must enable Javascript on your browser for the site to work optimally and display sections completely.<\/p>\n<p><\/noscript>\t\t&#13;<br \/>\n\t\t&#13;\n    <\/div>\n<p><script type=\"text\/javascript\">jQuery(document).ready(function () {\n(function(d, s, id) {\n    var js, fjs = d.getElementsByTagName(s)[0];\n    if (d.getElementById(id))\n        return;\n    js = d.createElement(s);\n    js.id = id;\n    js.src = \"\/\/connect.facebook.net\/az_AZ\/all.js#xfbml=1&appId=1002485763137712\";\n    fjs.parentNode.insertBefore(js, fjs);\n}(document, 'script', 'facebook-jssdk'));                \n});<\/script><\/p>\n","protected":false},"excerpt":{"rendered":"<p>&#13; &#13; 2023-c\u00fc ilin yanvar-avqust aylar\u0131nda muzdla i\u015fl\u0259y\u0259nl\u0259rin orta ayl\u0131q nominal \u0259m\u0259k haqq\u0131 art\u0131b. Millinews.az x\u0259b\u0259r verir ki, bu bar\u0259d\u0259 Bak\u0131 \u015e\u0259h\u0259r Statistika \u0130dar\u0259si m\u0259lumat payla\u015f\u0131b. Qeyd olunub ki, 2022-ci ilin m\u00fcvafiq d\u00f6vr\u00fcn\u0259 nisb\u0259t\u0259n muzdla i\u015fl\u0259y\u0259nl\u0259rin orta ayl\u0131q nominal \u0259m\u0259khaqq\u0131s\u0131 9,9 faiz artaraq 1174,7 manat t\u0259\u015fkil edib. &#13; Hesabat d\u00f6vr\u00fcn\u00fcn \u0259vv\u0259lind\u0259n m\u0259d\u0259n\u00e7\u0131xarma s\u0259nayesind\u0259 \u00e7al\u0131\u015fanlar\u0131n orta &hellip;<\/p>\n","protected":false},"author":1,"featured_media":8447,"comment_status":"open","ping_status":"closed","sticky":false,"template":"","format":"standard","meta":{"footnotes":""},"categories":[9],"tags":[],"class_list":["post-8446","post","type-post","status-publish","format-standard","has-post-thumbnail","hentry","category-xeber"],"_links":{"self":[{"href":"https:\/\/millitv.net\/index.php?rest_route=\/wp\/v2\/posts\/8446","targetHints":{"allow":["GET"]}}],"collection":[{"href":"https:\/\/millitv.net\/index.php?rest_route=\/wp\/v2\/posts"}],"about":[{"href":"https:\/\/millitv.net\/index.php?rest_route=\/wp\/v2\/types\/post"}],"author":[{"embeddable":true,"href":"https:\/\/millitv.net\/index.php?rest_route=\/wp\/v2\/users\/1"}],"replies":[{"embeddable":true,"href":"https:\/\/millitv.net\/index.php?rest_route=%2Fwp%2Fv2%2Fcomments&post=8446"}],"version-history":[{"count":0,"href":"https:\/\/millitv.net\/index.php?rest_route=\/wp\/v2\/posts\/8446\/revisions"}],"wp:featuredmedia":[{"embeddable":true,"href":"https:\/\/millitv.net\/index.php?rest_route=\/wp\/v2\/media\/8447"}],"wp:attachment":[{"href":"https:\/\/millitv.net\/index.php?rest_route=%2Fwp%2Fv2%2Fmedia&parent=8446"}],"wp:term":[{"taxonomy":"category","embeddable":true,"href":"https:\/\/millitv.net\/index.php?rest_route=%2Fwp%2Fv2%2Fcategories&post=8446"},{"taxonomy":"post_tag","embeddable":true,"href":"https:\/\/millitv.net\/index.php?rest_route=%2Fwp%2Fv2%2Ftags&post=8446"}],"curies":[{"name":"wp","href":"https:\/\/api.w.org\/{rel}","templated":true}]}}