{"id":8432,"date":"2023-11-07T11:32:24","date_gmt":"2023-11-07T11:32:24","guid":{"rendered":"https:\/\/millinews.az\/xeber\/hakan-fidanin-masasinin-uz%C9%99rind%C9%99ki-fiqur-diqq%C9%99t-c%C9%99kdi\/"},"modified":"2023-11-07T11:32:24","modified_gmt":"2023-11-07T11:32:24","slug":"hakan-fidanin-masasinin-uz%C9%99rind%C9%99ki-fiqur-diqq%C9%99t-c%C9%99kdi","status":"publish","type":"post","link":"https:\/\/millitv.net\/?p=8432","title":{"rendered":"Hakan Fidan\u0131n masas\u0131n\u0131n \u00fcz\u0259rind\u0259ki fiqur diqq\u0259t \u00e7\u0259kdi"},"content":{"rendered":"<div id=\"maincontent\">&#13;<br \/>\n        &#13;<\/p>\n<p>X\u0259b\u0259r verdiyimiz kimi AB\u015e-\u0131n d\u00f6vl\u0259t katibi Antoni Blinken Ankarada T\u00fcrkiy\u0259nin xarici i\u015fl\u0259r naziri Hakan Fidanlarg\u00f6r\u00fc\u015f\u00fcb.<\/p>\n<p><a href=\"https:\/\/Millinews.az\" target=\"_blank\" class=\"kw-link\" rel=\"noopener\">Millinews.az<\/a> x\u0259b\u0259r verir ki, kritik g\u00f6r\u00fc\u015f\u00fcn h\u0259r detal\u0131 m\u00fczakir\u0259 m\u00f6vzusu olub. Onlardan biri d\u0259 g\u00f6r\u00fc\u015f zaman\u0131 lent\u0259 al\u0131nan fotoda Blinkenin arxas\u0131nda Fidan\u0131n masas\u0131nda ay-ulduz i\u00e7\u0259risind\u0259 M\u0259scid\u00fcl-\u018fqsaya b\u0259nz\u0259y\u0259n fiqurun olmas\u0131d\u0131r. Bu detal sosial mediada trend olub. B\u0259zi dair\u0259l\u0259r bunun mesaj oldu\u011funu ir\u0259li s\u00fcr\u00fcb. Lakin diplomatik m\u0259nb\u0259l\u0259r bunu t\u0259kzib edib. Bildirilib ki, s\u00f6z\u00fcged\u0259n fiqurun M\u0259scid\u00fcl-\u018fqsa il\u0259 he\u00e7 bir \u0259laq\u0259si yoxdur.  &#13;\n<\/p>\n<p>Qeyd ed\u0259k ki, Antoni Blinkenl\u0259 Hakan Fidanla aras\u0131ndak\u0131 g\u00f6r\u00fc\u015f 2,5 saat davam edib. T\u0259r\u0259fl\u0259rin birg\u0259 m\u0259tbuat konfran\u0131 ke\u00e7irm\u0259m\u0259si d\u0259 diqq\u0259t \u00e7\u0259kib.&#13;<br \/>\n        &#13;<br \/>\n&#13;<br \/>\n        &#13;<br \/>\n&#13;\n        <\/p>\n<p><noscript><\/p>\n<p>You must enable Javascript on your browser for the site to work optimally and display sections completely.<\/p>\n<p><\/noscript>\t\t&#13;<br \/>\n\t\t&#13;\n    <\/div>\n<p><script type=\"text\/javascript\">jQuery(document).ready(function () {\n(function(d, s, id) {\n    var js, fjs = d.getElementsByTagName(s)[0];\n    if (d.getElementById(id))\n        return;\n    js = d.createElement(s);\n    js.id = id;\n    js.src = \"\/\/connect.facebook.net\/az_AZ\/all.js#xfbml=1&appId=1002485763137712\";\n    fjs.parentNode.insertBefore(js, fjs);\n}(document, 'script', 'facebook-jssdk'));                \n$('.fancybox').fancybox();\n});<\/script><\/p>\n","protected":false},"excerpt":{"rendered":"<p>&#13; &#13; X\u0259b\u0259r verdiyimiz kimi AB\u015e-\u0131n d\u00f6vl\u0259t katibi Antoni Blinken Ankarada T\u00fcrkiy\u0259nin xarici i\u015fl\u0259r naziri Hakan Fidanlarg\u00f6r\u00fc\u015f\u00fcb. Millinews.az x\u0259b\u0259r verir ki, kritik g\u00f6r\u00fc\u015f\u00fcn h\u0259r detal\u0131 m\u00fczakir\u0259 m\u00f6vzusu olub. Onlardan biri d\u0259 g\u00f6r\u00fc\u015f zaman\u0131 lent\u0259 al\u0131nan fotoda Blinkenin arxas\u0131nda Fidan\u0131n masas\u0131nda ay-ulduz i\u00e7\u0259risind\u0259 M\u0259scid\u00fcl-\u018fqsaya b\u0259nz\u0259y\u0259n fiqurun olmas\u0131d\u0131r. Bu detal sosial mediada trend olub. B\u0259zi dair\u0259l\u0259r bunun &hellip;<\/p>\n","protected":false},"author":1,"featured_media":8433,"comment_status":"open","ping_status":"closed","sticky":false,"template":"","format":"standard","meta":{"footnotes":""},"categories":[9],"tags":[],"class_list":["post-8432","post","type-post","status-publish","format-standard","has-post-thumbnail","hentry","category-xeber"],"_links":{"self":[{"href":"https:\/\/millitv.net\/index.php?rest_route=\/wp\/v2\/posts\/8432","targetHints":{"allow":["GET"]}}],"collection":[{"href":"https:\/\/millitv.net\/index.php?rest_route=\/wp\/v2\/posts"}],"about":[{"href":"https:\/\/millitv.net\/index.php?rest_route=\/wp\/v2\/types\/post"}],"author":[{"embeddable":true,"href":"https:\/\/millitv.net\/index.php?rest_route=\/wp\/v2\/users\/1"}],"replies":[{"embeddable":true,"href":"https:\/\/millitv.net\/index.php?rest_route=%2Fwp%2Fv2%2Fcomments&post=8432"}],"version-history":[{"count":0,"href":"https:\/\/millitv.net\/index.php?rest_route=\/wp\/v2\/posts\/8432\/revisions"}],"wp:featuredmedia":[{"embeddable":true,"href":"https:\/\/millitv.net\/index.php?rest_route=\/wp\/v2\/media\/8433"}],"wp:attachment":[{"href":"https:\/\/millitv.net\/index.php?rest_route=%2Fwp%2Fv2%2Fmedia&parent=8432"}],"wp:term":[{"taxonomy":"category","embeddable":true,"href":"https:\/\/millitv.net\/index.php?rest_route=%2Fwp%2Fv2%2Fcategories&post=8432"},{"taxonomy":"post_tag","embeddable":true,"href":"https:\/\/millitv.net\/index.php?rest_route=%2Fwp%2Fv2%2Ftags&post=8432"}],"curies":[{"name":"wp","href":"https:\/\/api.w.org\/{rel}","templated":true}]}}