{"id":8424,"date":"2023-11-07T10:54:49","date_gmt":"2023-11-07T10:54:49","guid":{"rendered":"https:\/\/millinews.az\/xeber\/serbiya-prezidenti-ceyhun-bayramovu-q%C9%99bul-edib\/"},"modified":"2023-11-07T10:54:49","modified_gmt":"2023-11-07T10:54:49","slug":"serbiya-prezidenti-ceyhun-bayramovu-q%C9%99bul-edib","status":"publish","type":"post","link":"https:\/\/millitv.net\/?p=8424","title":{"rendered":"Serbiya Prezidenti Ceyhun Bayramovu q\u0259bul edib"},"content":{"rendered":"<div id=\"maincontent\">&#13;<br \/>\n        &#13;<\/p>\n<p><strong>Serbiya Prezidenti Aleksandar Vu\u00e7i\u00e7 \u00f6lk\u0259sind\u0259 s\u0259f\u0259rd\u0259 olan Az\u0259rbaycan xarici i\u015fl\u0259r naziri Ceyhun Bayramovu q\u0259bul edib.<\/strong><\/p>\n<p><a href=\"https:\/\/Millinews.az\" target=\"_blank\" class=\"kw-link\" rel=\"noopener\">Millinews.az<\/a> x\u0259b\u0259r verir ki, bu bar\u0259d\u0259 Az\u0259rbaycan Xarici \u0130\u015fl\u0259r Nazirliyinin &#8220;X&#8221; hesab\u0131nda m\u0259lumat verilib. &#13;\n<\/p>\n<p>Bildirilib ki, g\u00f6r\u00fc\u015f zaman\u0131 t\u0259r\u0259fl\u0259r ikit\u0259r\u0259fli strateji m\u00fcnasib\u0259tl\u0259r\u0259 dair m\u0259s\u0259l\u0259l\u0259ri, \u0259m\u0259kda\u015fl\u0131\u011f\u0131n perspektivl\u0259rini v\u0259 regiondak\u0131 son v\u0259ziyy\u0259ti m\u00fczakir\u0259 edibl\u0259r.<\/p>\n<p>Xarici i\u015fl\u0259r naziri Ceyhun Bayramov Serbiya Parlamentinin s\u0259dri Vladimir Orlic il\u0259 d\u0259 g\u00f6r\u00fc\u015f\u00fcb. G\u00f6r\u00fc\u015fd\u0259 Az\u0259rbaycan v\u0259 Serbiya aras\u0131nda parlamentl\u0259raras\u0131 \u0259laq\u0259l\u0259r, h\u0259m\u00e7inin ikit\u0259r\u0259fli \u0259laq\u0259l\u0259r v\u0259 \u00e7oxt\u0259r\u0259fli platformalarda qar\u015f\u0131l\u0131ql\u0131 d\u0259st\u0259k m\u00fczakir\u0259 olunub.&#13;<br \/>\n        &#13;<br \/>\n&#13;<br \/>\n        &#13;<br \/>\n&#13;\n        <\/p>\n<p><noscript><\/p>\n<p>You must enable Javascript on your browser for the site to work optimally and display sections completely.<\/p>\n<p><\/noscript>\t\t&#13;<br \/>\n\t\t&#13;\n    <\/div>\n<p><script type=\"text\/javascript\">jQuery(document).ready(function () {\n(function(d, s, id) {\n    var js, fjs = d.getElementsByTagName(s)[0];\n    if (d.getElementById(id))\n        return;\n    js = d.createElement(s);\n    js.id = id;\n    js.src = \"\/\/connect.facebook.net\/az_AZ\/all.js#xfbml=1&appId=1002485763137712\";\n    fjs.parentNode.insertBefore(js, fjs);\n}(document, 'script', 'facebook-jssdk'));                \n});<\/script><\/p>\n","protected":false},"excerpt":{"rendered":"<p>&#13; &#13; Serbiya Prezidenti Aleksandar Vu\u00e7i\u00e7 \u00f6lk\u0259sind\u0259 s\u0259f\u0259rd\u0259 olan Az\u0259rbaycan xarici i\u015fl\u0259r naziri Ceyhun Bayramovu q\u0259bul edib. Millinews.az x\u0259b\u0259r verir ki, bu bar\u0259d\u0259 Az\u0259rbaycan Xarici \u0130\u015fl\u0259r Nazirliyinin &#8220;X&#8221; hesab\u0131nda m\u0259lumat verilib. &#13; Bildirilib ki, g\u00f6r\u00fc\u015f zaman\u0131 t\u0259r\u0259fl\u0259r ikit\u0259r\u0259fli strateji m\u00fcnasib\u0259tl\u0259r\u0259 dair m\u0259s\u0259l\u0259l\u0259ri, \u0259m\u0259kda\u015fl\u0131\u011f\u0131n perspektivl\u0259rini v\u0259 regiondak\u0131 son v\u0259ziyy\u0259ti m\u00fczakir\u0259 edibl\u0259r. Xarici i\u015fl\u0259r naziri Ceyhun Bayramov &hellip;<\/p>\n","protected":false},"author":1,"featured_media":8425,"comment_status":"open","ping_status":"closed","sticky":false,"template":"","format":"standard","meta":{"footnotes":""},"categories":[9],"tags":[],"class_list":["post-8424","post","type-post","status-publish","format-standard","has-post-thumbnail","hentry","category-xeber"],"_links":{"self":[{"href":"https:\/\/millitv.net\/index.php?rest_route=\/wp\/v2\/posts\/8424","targetHints":{"allow":["GET"]}}],"collection":[{"href":"https:\/\/millitv.net\/index.php?rest_route=\/wp\/v2\/posts"}],"about":[{"href":"https:\/\/millitv.net\/index.php?rest_route=\/wp\/v2\/types\/post"}],"author":[{"embeddable":true,"href":"https:\/\/millitv.net\/index.php?rest_route=\/wp\/v2\/users\/1"}],"replies":[{"embeddable":true,"href":"https:\/\/millitv.net\/index.php?rest_route=%2Fwp%2Fv2%2Fcomments&post=8424"}],"version-history":[{"count":0,"href":"https:\/\/millitv.net\/index.php?rest_route=\/wp\/v2\/posts\/8424\/revisions"}],"wp:featuredmedia":[{"embeddable":true,"href":"https:\/\/millitv.net\/index.php?rest_route=\/wp\/v2\/media\/8425"}],"wp:attachment":[{"href":"https:\/\/millitv.net\/index.php?rest_route=%2Fwp%2Fv2%2Fmedia&parent=8424"}],"wp:term":[{"taxonomy":"category","embeddable":true,"href":"https:\/\/millitv.net\/index.php?rest_route=%2Fwp%2Fv2%2Fcategories&post=8424"},{"taxonomy":"post_tag","embeddable":true,"href":"https:\/\/millitv.net\/index.php?rest_route=%2Fwp%2Fv2%2Ftags&post=8424"}],"curies":[{"name":"wp","href":"https:\/\/api.w.org\/{rel}","templated":true}]}}