{"id":8422,"date":"2023-11-07T10:48:43","date_gmt":"2023-11-07T10:48:43","guid":{"rendered":"https:\/\/millinews.az\/xeber\/butov-proqrami-c%C9%99rciv%C9%99sind%C9%99-dus%C9%99rg%C9%99-h%C9%99yata-keciril%C9%99c%C9%99k\/"},"modified":"2023-11-07T10:48:43","modified_gmt":"2023-11-07T10:48:43","slug":"butov-proqrami-c%C9%99rciv%C9%99sind%C9%99-dus%C9%99rg%C9%99-h%C9%99yata-keciril%C9%99c%C9%99k","status":"publish","type":"post","link":"https:\/\/millitv.net\/?p=8422","title":{"rendered":"\u201cB\u00dcT\u00d6V\u201d proqram\u0131 \u00e7\u0259r\u00e7iv\u0259sind\u0259 d\u00fc\u015f\u0259rg\u0259 h\u0259yata ke\u00e7iril\u0259c\u0259k"},"content":{"rendered":"<div id=\"maincontent\">&#13;<br \/>\n        &#13;<\/p>\n<p><strong><span style=\"background-color: initial;\">10-12 noyabr tarixl\u0259rind\u0259 \u201c\u0130R\u018fL\u0130\u201d \u0130ctimai Birliyinin t\u0259\u015fkilat\u00e7\u0131l\u0131\u011f\u0131, Qeyri-H\u00f6kum\u0259t T\u0259\u015fkilatlar\u0131na D\u00f6vl\u0259t D\u0259st\u0259yi Agentliyinin d\u0259st\u0259yi, Q\u0259rbi Az\u0259rbaycan \u0130cmas\u0131n\u0131n t\u0259r\u0259fda\u015fl\u0131\u011f\u0131 il\u0259 \u201cB\u00dcT\u00d6V \u2013 Q\u0259rbi Az\u0259rbaycana qay\u0131d\u0131\u015f prosesind\u0259 g\u0259ncl\u0259rin rolunun art\u0131r\u0131lmas\u0131\u201d proqram\u0131 \u00e7\u0259r\u00e7iv\u0259sind\u0259 d\u00fc\u015f\u0259rg\u0259 h\u0259yata ke\u00e7iril\u0259c\u0259k.<\/span><br \/><\/strong>  <\/p>\n<p><a href=\"https:\/\/Millinews.az\" target=\"_blank\" class=\"kw-link\" rel=\"noopener\">Millinews.az<\/a> x\u0259b\u0259r verir ki, Quba rayonunda t\u0259\u015f\u0259bb\u00fcs qruplar\u0131n\u0131n f\u0259aliyy\u0259tinin t\u0259kmill\u0259\u015fdirilm\u0259si m\u0259qs\u0259dil\u0259 t\u0259\u015fkil olunacaq d\u00fc\u015f\u0259rg\u0259 m\u00fcdd\u0259tind\u0259 q\u0259rbi Az\u0259rbaycanla ba\u011fl\u0131 f\u0259aliyy\u0259t g\u00f6st\u0259r\u0259c\u0259k t\u0259\u015f\u0259bb\u00fcs qruplar\u0131 \u00fczvl\u0259rinin \u015f\u0259b\u0259k\u0259l\u0259\u015fm\u0259, liderlik, t\u0259\u015f\u0259bb\u00fcskarl\u0131q, komanda quruculu\u011fu el\u0259c\u0259 d\u0259, bir s\u0131ra istiqam\u0259tl\u0259r \u00fczr\u0259 bilik v\u0259 bacar\u0131qlar\u0131 art\u0131r\u0131lacaq. &#13;\n  <\/p>\n<p>Qeyd ed\u0259k ki, \u201cB\u00dcT\u00d6V \u2013 Q\u0259rbi Az\u0259rbaycana qay\u0131d\u0131\u015f prosesind\u0259 g\u0259ncl\u0259rin rolunun art\u0131r\u0131lmas\u0131\u201d proqram\u0131n\u0131n ke\u00e7irilm\u0259sind\u0259 \u0259sas m\u0259qs\u0259d Q\u0259rbi Az\u0259rbaycan tarixinin, Az\u0259rbaycan h\u0259qiq\u0259tl\u0259rinin t\u0259bli\u011fi, yerli v\u0259 beyn\u0259lxalq s\u0259viyy\u0259d\u0259 g\u0259ncl\u0259rin i\u015ftirak\u00e7\u0131l\u0131\u011f\u0131n\u0131n art\u0131r\u0131lmas\u0131, Q\u0259rbi Az\u0259rbaycanla ba\u011fl\u0131 multimedia, elektron resurslar\u0131n bollu\u011funun yarad\u0131lmas\u0131, el\u0259c\u0259 d\u0259 g\u0259ncl\u0259r aras\u0131nda tarixi torpaqlar\u0131m\u0131z haqq\u0131nda m\u0259lumatl\u0131l\u0131\u011f\u0131n art\u0131r\u0131lmas\u0131d\u0131r. Proqram \u00e7\u0259r\u00e7iv\u0259sind\u0259 h\u0259m\u00e7inin t\u0259\u015f\u0259bb\u00fcs qruplar\u0131 t\u0259r\u0259find\u0259n Q\u0259rbi Az\u0259rbaycan\u0131n tarixi h\u0259qiq\u0259tl\u0259rini \u00f6z\u00fcnd\u0259 ehtiva ed\u0259n videorolikl\u0259rin haz\u0131rlanmas\u0131 da planla\u015fd\u0131r\u0131l\u0131r.  <\/p>\n<p>D\u00fc\u015f\u0259rg\u0259d\u0259 i\u015ftirak etm\u0259k ist\u0259y\u0259n 18-23 ya\u015f aras\u0131nda, t\u0259\u015f\u0259bb\u00fcskar v\u0259 motivasiyal\u0131 g\u0259ncl\u0259r a\u015fa\u011f\u0131dak\u0131 link\u0259 daxil olaraq qeydiyyatdan ke\u00e7\u0259 bil\u0259rl\u0259r: <a href=\"http:\/\/bit.ly\/3Su8wcG\" target=\"_blank\" rel=\"noopener\">http:\/\/bit.ly\/3Su8wcG<\/a>&#13;<br \/>\n        &#13;<br \/>\n&#13;<br \/>\n        &#13;<br \/>\n&#13;\n        <\/p>\n<p><noscript><\/p>\n<p>You must enable Javascript on your browser for the site to work optimally and display sections completely.<\/p>\n<p><\/noscript>\t\t&#13;<br \/>\n\t\t&#13;\n    <\/div>\n<p><script type=\"text\/javascript\">jQuery(document).ready(function () {\n(function(d, s, id) {\n    var js, fjs = d.getElementsByTagName(s)[0];\n    if (d.getElementById(id))\n        return;\n    js = d.createElement(s);\n    js.id = id;\n    js.src = \"\/\/connect.facebook.net\/az_AZ\/all.js#xfbml=1&appId=1002485763137712\";\n    fjs.parentNode.insertBefore(js, fjs);\n}(document, 'script', 'facebook-jssdk'));                \n});<\/script><\/p>\n","protected":false},"excerpt":{"rendered":"<p>&#13; &#13; 10-12 noyabr tarixl\u0259rind\u0259 \u201c\u0130R\u018fL\u0130\u201d \u0130ctimai Birliyinin t\u0259\u015fkilat\u00e7\u0131l\u0131\u011f\u0131, Qeyri-H\u00f6kum\u0259t T\u0259\u015fkilatlar\u0131na D\u00f6vl\u0259t D\u0259st\u0259yi Agentliyinin d\u0259st\u0259yi, Q\u0259rbi Az\u0259rbaycan \u0130cmas\u0131n\u0131n t\u0259r\u0259fda\u015fl\u0131\u011f\u0131 il\u0259 \u201cB\u00dcT\u00d6V \u2013 Q\u0259rbi Az\u0259rbaycana qay\u0131d\u0131\u015f prosesind\u0259 g\u0259ncl\u0259rin rolunun art\u0131r\u0131lmas\u0131\u201d proqram\u0131 \u00e7\u0259r\u00e7iv\u0259sind\u0259 d\u00fc\u015f\u0259rg\u0259 h\u0259yata ke\u00e7iril\u0259c\u0259k. Millinews.az x\u0259b\u0259r verir ki, Quba rayonunda t\u0259\u015f\u0259bb\u00fcs qruplar\u0131n\u0131n f\u0259aliyy\u0259tinin t\u0259kmill\u0259\u015fdirilm\u0259si m\u0259qs\u0259dil\u0259 t\u0259\u015fkil olunacaq d\u00fc\u015f\u0259rg\u0259 m\u00fcdd\u0259tind\u0259 q\u0259rbi Az\u0259rbaycanla ba\u011fl\u0131 f\u0259aliyy\u0259t g\u00f6st\u0259r\u0259c\u0259k t\u0259\u015f\u0259bb\u00fcs &hellip;<\/p>\n","protected":false},"author":1,"featured_media":8423,"comment_status":"open","ping_status":"closed","sticky":false,"template":"","format":"standard","meta":{"footnotes":""},"categories":[9],"tags":[],"class_list":["post-8422","post","type-post","status-publish","format-standard","has-post-thumbnail","hentry","category-xeber"],"_links":{"self":[{"href":"https:\/\/millitv.net\/index.php?rest_route=\/wp\/v2\/posts\/8422","targetHints":{"allow":["GET"]}}],"collection":[{"href":"https:\/\/millitv.net\/index.php?rest_route=\/wp\/v2\/posts"}],"about":[{"href":"https:\/\/millitv.net\/index.php?rest_route=\/wp\/v2\/types\/post"}],"author":[{"embeddable":true,"href":"https:\/\/millitv.net\/index.php?rest_route=\/wp\/v2\/users\/1"}],"replies":[{"embeddable":true,"href":"https:\/\/millitv.net\/index.php?rest_route=%2Fwp%2Fv2%2Fcomments&post=8422"}],"version-history":[{"count":0,"href":"https:\/\/millitv.net\/index.php?rest_route=\/wp\/v2\/posts\/8422\/revisions"}],"wp:featuredmedia":[{"embeddable":true,"href":"https:\/\/millitv.net\/index.php?rest_route=\/wp\/v2\/media\/8423"}],"wp:attachment":[{"href":"https:\/\/millitv.net\/index.php?rest_route=%2Fwp%2Fv2%2Fmedia&parent=8422"}],"wp:term":[{"taxonomy":"category","embeddable":true,"href":"https:\/\/millitv.net\/index.php?rest_route=%2Fwp%2Fv2%2Fcategories&post=8422"},{"taxonomy":"post_tag","embeddable":true,"href":"https:\/\/millitv.net\/index.php?rest_route=%2Fwp%2Fv2%2Ftags&post=8422"}],"curies":[{"name":"wp","href":"https:\/\/api.w.org\/{rel}","templated":true}]}}