{"id":8416,"date":"2023-11-07T10:26:35","date_gmt":"2023-11-07T10:26:35","guid":{"rendered":"https:\/\/millinews.az\/xeber\/antiterror-t%C9%99dbirl%C9%99ri-il%C9%99-bagli-q%C9%99bul-imtahanina-salinacaq-proqram-aciqlandi\/"},"modified":"2023-11-07T10:26:35","modified_gmt":"2023-11-07T10:26:35","slug":"antiterror-t%C9%99dbirl%C9%99ri-il%C9%99-bagli-q%C9%99bul-imtahanina-salinacaq-proqram-aciqlandi","status":"publish","type":"post","link":"https:\/\/millitv.net\/?p=8416","title":{"rendered":"Antiterror t\u0259dbirl\u0259ri il\u0259 ba\u011fl\u0131 q\u0259bul imtahan\u0131na sal\u0131nacaq proqram a\u00e7\u0131qland\u0131"},"content":{"rendered":"<div id=\"maincontent\">&#13;<br \/>\n        &#13;<\/p>\n<p><strong>Az\u0259rbaycan d\u00f6vl\u0259ti 2023\u2011c\u00fc ild\u0259 d\u0259 \u201cAz\u0259rbaycan Respublikas\u0131n\u0131n i\u015f\u011faldan azad edilmi\u015f \u0259razil\u0259rin\u0259 B\u00f6y\u00fck Qay\u0131d\u0131\u015fa dair I D\u00f6vl\u0259t Proqram\u0131\u201dnda n\u0259z\u0259rd\u0259 tutulan b\u0259rpa v\u0259 tikinti\u2011quruculuq, az\u0259rbaycanl\u0131 sakinl\u0259rin \u00f6z do\u011fma yurduna qay\u0131tmas\u0131 i\u015fini davam etdirib.<\/strong><\/p>\n<p><a href=\"https:\/\/Millinews.az\" target=\"_blank\" class=\"kw-link\" rel=\"noopener\">Millinews.az<\/a> x\u0259b\u0259r verir ki, bu bar\u0259d\u0259 D\u0130M-in a\u00e7\u0131qlamas\u0131nda deyilir. &#13;\n<\/p>\n<p>&#8220;Art\u0131q i\u015f\u011faldan azad edilmi\u015f Qaraba\u011f v\u0259 \u015e\u0259rqi Z\u0259ng\u0259zur yenid\u0259n qurulur, \u0259razil\u0259r minalardan t\u0259mizl\u0259nir, s\u00fcr\u0259tl\u0259 geni\u015fmiqyasl\u0131 b\u0259rpa v\u0259 yenid\u0259nqurma i\u015fl\u0259ri apar\u0131l\u0131r. Lakin Rusiya s\u00fclhm\u0259raml\u0131lar\u0131n\u0131n m\u00fcv\u0259qq\u0259ti yerl\u0259\u015fdiyi \u0259razil\u0259rd\u0259 Erm\u0259nistana m\u0259xsus silahl\u0131 birl\u0259\u015fm\u0259l\u0259rin v\u0259 dig\u0259r qanunsuz h\u0259rbi d\u0259st\u0259l\u0259rin m\u00f6vcudlu\u011fu Az\u0259rbaycan\u0131n suverenliyi \u00fc\u00e7\u00fcn b\u00f6y\u00fck t\u0259hdid olub, h\u0259yata ke\u00e7iril\u0259n b\u00f6y\u00fck qay\u0131d\u0131\u015f, tikinti-quruculuq i\u015fl\u0259rin\u0259 ciddi mane\u0259 t\u00f6r\u0259dirdi. \u0130kinci Qaraba\u011f m\u00fcharib\u0259si ba\u015fa \u00e7atandan sonra 300-d\u0259n \u00e7ox Az\u0259rbaycan v\u0259t\u0259nda\u015f\u0131 mina terrorunun qurban\u0131 olmu\u015f, yaxud a\u011f\u0131r yaralanm\u0131\u015fd\u0131r. 2023-c\u00fc ilin aprelind\u0259 La\u00e7\u0131nda s\u0259rh\u0259d\u2011burax\u0131l\u0131\u015f m\u0259nt\u0259q\u0259si qurulanad\u0259k Erm\u0259nistandan Az\u0259rbaycan\u0131n Qaraba\u011f b\u00f6lg\u0259sin\u0259 qanunsuz olaraq minalar g\u0259tirilmi\u015f v\u0259 m\u00fcxt\u0259lif yerl\u0259rd\u0259 basd\u0131r\u0131lm\u0131\u015fd\u0131r. Bu minalar\u0131n 2021-ci ild\u0259 Erm\u0259nistanda istehsal edilm\u0259si m\u00fcharib\u0259d\u0259n sonra m\u0259qs\u0259dy\u00f6nl\u00fc \u015f\u0259kild\u0259 Az\u0259rbaycana qar\u015f\u0131 terror aktlar\u0131n\u0131 h\u0259yata ke\u00e7irm\u0259k \u00fc\u00e7\u00fcn g\u0259tirildiyini g\u00f6st\u0259rir. 2023-c\u00fc il sentyabr\u0131n 19-da s\u0259h\u0259r saatlar\u0131nda Xocav\u0259nd rayonu \u0259razisind\u0259 erm\u0259ni silahl\u0131 birl\u0259\u015fm\u0259l\u0259rinin t\u00f6r\u0259tdikl\u0259ri terror akt\u0131 n\u0259tic\u0259sind\u0259 ikisi m\u00fclki \u015f\u0259xs olmaqla 6 Az\u0259rbaycan v\u0259t\u0259nda\u015f\u0131 mina terrorunun qurban\u0131 oldu. El\u0259 h\u0259min g\u00fcn Az\u0259rbaycan lokal xarakterli antiterror t\u0259dbirl\u0259rini h\u0259yata ke\u00e7irm\u0259y\u0259 ba\u015flad\u0131.<\/p>\n<p>M\u0259lumat \u00fc\u00e7\u00fcn bildiririk ki, haz\u0131rda \u00fcmumt\u0259hsil m\u00fc\u0259ssis\u0259l\u0259rinin 11-ci sinifl\u0259rind\u0259 t\u0259hsil alanlar istifad\u0259d\u0259 olan d\u0259rslikl\u0259rd\u0259n, qeyd olunan faktlara dair bilgil\u0259r almay\u0131blar.<\/p>\n<p>M\u00f6vzunun vacibliyini n\u0259z\u0259r\u0259 alaraq, bildiririk ki, 2024-c\u00fc ild\u0259 II v\u0259 III ixtisas qruplar\u0131 \u00fczr\u0259 q\u0259bul imtahanlar\u0131nda tarix f\u0259nnind\u0259n 2023-c\u00fc il 19-20 sentyabrda Az\u0259rbaycan ordusunun Qaraba\u011f b\u00f6lg\u0259sind\u0259 lokal xarakterli antiterror t\u0259dbirl\u0259rin\u0259 dair istifad\u0259si n\u0259z\u0259rd\u0259 tutulan tap\u015f\u0131r\u0131qlar a\u015fa\u011f\u0131da g\u00f6st\u0259rilmi\u015f material \u0259sas\u0131nda t\u0259rtib edil\u0259c\u0259k:<\/p>\n<p><a href=\"https:\/\/dim.gov.az\/upload\/iblock\/f97\/f97a6767ab543cfb5f9c7971cea42097.pdf\" target=\"_blank\" rel=\"noopener\">2023-c\u00fc il 19-20 sentyabrda Az\u0259rbaycan ordusunun Qaraba\u011f b\u00f6lg\u0259sind\u0259 lokal xarakterli antiterror t\u0259dbirl\u0259ri<\/a><\/p>\n<p>Materiallar h\u0259m d\u0259 2024-c\u00fc ild\u0259 \u201cAbituriyent\u201d jurnal\u0131n\u0131n 2-ci say\u0131nda d\u0259rc edil\u0259c\u0259k&#8221;.&#13;<br \/>\n        &#13;<br \/>\n&#13;<br \/>\n        &#13;<br \/>\n&#13;\n        <\/p>\n<p><noscript><\/p>\n<p>You must enable Javascript on your browser for the site to work optimally and display sections completely.<\/p>\n<p><\/noscript>\t\t&#13;<br \/>\n\t\t&#13;\n    <\/div>\n<p><script type=\"text\/javascript\">jQuery(document).ready(function () {\n(function(d, s, id) {\n    var js, fjs = d.getElementsByTagName(s)[0];\n    if (d.getElementById(id))\n        return;\n    js = d.createElement(s);\n    js.id = id;\n    js.src = \"\/\/connect.facebook.net\/az_AZ\/all.js#xfbml=1&appId=1002485763137712\";\n    fjs.parentNode.insertBefore(js, fjs);\n}(document, 'script', 'facebook-jssdk'));                \n});<\/script><\/p>\n","protected":false},"excerpt":{"rendered":"<p>&#13; &#13; Az\u0259rbaycan d\u00f6vl\u0259ti 2023\u2011c\u00fc ild\u0259 d\u0259 \u201cAz\u0259rbaycan Respublikas\u0131n\u0131n i\u015f\u011faldan azad edilmi\u015f \u0259razil\u0259rin\u0259 B\u00f6y\u00fck Qay\u0131d\u0131\u015fa dair I D\u00f6vl\u0259t Proqram\u0131\u201dnda n\u0259z\u0259rd\u0259 tutulan b\u0259rpa v\u0259 tikinti\u2011quruculuq, az\u0259rbaycanl\u0131 sakinl\u0259rin \u00f6z do\u011fma yurduna qay\u0131tmas\u0131 i\u015fini davam etdirib. Millinews.az x\u0259b\u0259r verir ki, bu bar\u0259d\u0259 D\u0130M-in a\u00e7\u0131qlamas\u0131nda deyilir. &#13; &#8220;Art\u0131q i\u015f\u011faldan azad edilmi\u015f Qaraba\u011f v\u0259 \u015e\u0259rqi Z\u0259ng\u0259zur yenid\u0259n qurulur, \u0259razil\u0259r minalardan &hellip;<\/p>\n","protected":false},"author":1,"featured_media":8417,"comment_status":"open","ping_status":"closed","sticky":false,"template":"","format":"standard","meta":{"footnotes":""},"categories":[9],"tags":[],"class_list":["post-8416","post","type-post","status-publish","format-standard","has-post-thumbnail","hentry","category-xeber"],"_links":{"self":[{"href":"https:\/\/millitv.net\/index.php?rest_route=\/wp\/v2\/posts\/8416","targetHints":{"allow":["GET"]}}],"collection":[{"href":"https:\/\/millitv.net\/index.php?rest_route=\/wp\/v2\/posts"}],"about":[{"href":"https:\/\/millitv.net\/index.php?rest_route=\/wp\/v2\/types\/post"}],"author":[{"embeddable":true,"href":"https:\/\/millitv.net\/index.php?rest_route=\/wp\/v2\/users\/1"}],"replies":[{"embeddable":true,"href":"https:\/\/millitv.net\/index.php?rest_route=%2Fwp%2Fv2%2Fcomments&post=8416"}],"version-history":[{"count":0,"href":"https:\/\/millitv.net\/index.php?rest_route=\/wp\/v2\/posts\/8416\/revisions"}],"wp:featuredmedia":[{"embeddable":true,"href":"https:\/\/millitv.net\/index.php?rest_route=\/wp\/v2\/media\/8417"}],"wp:attachment":[{"href":"https:\/\/millitv.net\/index.php?rest_route=%2Fwp%2Fv2%2Fmedia&parent=8416"}],"wp:term":[{"taxonomy":"category","embeddable":true,"href":"https:\/\/millitv.net\/index.php?rest_route=%2Fwp%2Fv2%2Fcategories&post=8416"},{"taxonomy":"post_tag","embeddable":true,"href":"https:\/\/millitv.net\/index.php?rest_route=%2Fwp%2Fv2%2Ftags&post=8416"}],"curies":[{"name":"wp","href":"https:\/\/api.w.org\/{rel}","templated":true}]}}