{"id":8410,"date":"2023-11-07T09:56:03","date_gmt":"2023-11-07T09:56:03","guid":{"rendered":"https:\/\/millinews.az\/xeber\/q%C9%99zzaya-nuv%C9%99-bombasi-ata-bil%C9%99rik-aciqlamasina-abs-dan-reaksiya\/"},"modified":"2023-11-07T09:56:03","modified_gmt":"2023-11-07T09:56:03","slug":"q%C9%99zzaya-nuv%C9%99-bombasi-ata-bil%C9%99rik-aciqlamasina-abs-dan-reaksiya","status":"publish","type":"post","link":"https:\/\/millitv.net\/?p=8410","title":{"rendered":"&#8220;Q\u0259zzaya n\u00fcv\u0259 bombas\u0131 ata bil\u0259rik&#8221; a\u00e7\u0131qlamas\u0131na AB\u015e-dan reaksiya"},"content":{"rendered":"<div id=\"maincontent\">&#13;<br \/>\n        &#13;<\/p>\n<p><strong>AB\u015e D\u00f6vl\u0259t Departamentinin s\u00f6z\u00e7\u00fcs\u00fcn\u00fcn m\u00fcavini Vedant Patel \u0130srailin ifrat sa\u011f\u00e7\u0131 \u0130rs naziri Amihai Eliyahunun Q\u0259zza zola\u011f\u0131na qar\u015f\u0131 n\u00fcv\u0259 bombas\u0131 t\u0259hdidinin q\u0259buledilm\u0259z oldu\u011funu vur\u011fulay\u0131b. <\/strong><\/p>\n<p><a href=\"https:\/\/Millinews.az\" target=\"_blank\" class=\"kw-link\" rel=\"noopener\">Millinews.az<\/a> x\u0259b\u0259r verir ki, o bildirib ki, nifr\u0259t dolu ritorikadan \u00e7\u0259kinm\u0259k laz\u0131md\u0131r. Patel, Eliyahunun Q\u0259zza zola\u011f\u0131na n\u00fcv\u0259 bombas\u0131 atma\u011f\u0131n ehtimallardan biri oldu\u011funu bildirm\u0259sinin tamamil\u0259 q\u0259buledilm\u0259z oldu\u011funu ifad\u0259 edib. Patel bildirib ki, AB\u015e \u0130srail t\u0259r\u0259fi il\u0259 m\u00fczakir\u0259l\u0259rd\u0259 H\u018fMAS silahl\u0131lar\u0131 il\u0259 m\u00fclki v\u0259t\u0259nda\u015flar aras\u0131nda f\u0259rq qoyulmas\u0131 m\u0259s\u0259l\u0259sind\u0259 m\u00f6vqeyini a\u00e7\u0131q \u015f\u0259kild\u0259 ortaya qoyub.  &#13;\n<\/p>\n<p>Qeyd ed\u0259k ki, \u0130srailin ifrat sa\u011f\u00e7\u0131 \u0130rs naziri Eliyahu radio proqram\u0131nda n\u00fcv\u0259 bombas\u0131ndan istifad\u0259nin Q\u0259zza \u00fc\u00e7\u00fcn se\u00e7iml\u0259rd\u0259n biri oldu\u011funu deyib. Bu b\u0259yanatdan sonra ba\u015f nazir Benyamin Netanyahu Eliyahunu qeyri-m\u00fc\u0259yy\u0259n m\u00fcdd\u0259t\u0259 kabinet iclaslar\u0131ndan k\u0259narla\u015fd\u0131r\u0131b.&#13;<br \/>\n        &#13;<br \/>\n&#13;<br \/>\n        &#13;<br \/>\n&#13;\n        <\/p>\n<p><noscript><\/p>\n<p>You must enable Javascript on your browser for the site to work optimally and display sections completely.<\/p>\n<p><\/noscript>\t\t&#13;<br \/>\n\t\t&#13;\n    <\/div>\n<p><script type=\"text\/javascript\">jQuery(document).ready(function () {\n(function(d, s, id) {\n    var js, fjs = d.getElementsByTagName(s)[0];\n    if (d.getElementById(id))\n        return;\n    js = d.createElement(s);\n    js.id = id;\n    js.src = \"\/\/connect.facebook.net\/az_AZ\/all.js#xfbml=1&appId=1002485763137712\";\n    fjs.parentNode.insertBefore(js, fjs);\n}(document, 'script', 'facebook-jssdk'));                \n});<\/script><\/p>\n","protected":false},"excerpt":{"rendered":"<p>&#13; &#13; AB\u015e D\u00f6vl\u0259t Departamentinin s\u00f6z\u00e7\u00fcs\u00fcn\u00fcn m\u00fcavini Vedant Patel \u0130srailin ifrat sa\u011f\u00e7\u0131 \u0130rs naziri Amihai Eliyahunun Q\u0259zza zola\u011f\u0131na qar\u015f\u0131 n\u00fcv\u0259 bombas\u0131 t\u0259hdidinin q\u0259buledilm\u0259z oldu\u011funu vur\u011fulay\u0131b. Millinews.az x\u0259b\u0259r verir ki, o bildirib ki, nifr\u0259t dolu ritorikadan \u00e7\u0259kinm\u0259k laz\u0131md\u0131r. Patel, Eliyahunun Q\u0259zza zola\u011f\u0131na n\u00fcv\u0259 bombas\u0131 atma\u011f\u0131n ehtimallardan biri oldu\u011funu bildirm\u0259sinin tamamil\u0259 q\u0259buledilm\u0259z oldu\u011funu ifad\u0259 edib. Patel bildirib &hellip;<\/p>\n","protected":false},"author":1,"featured_media":8411,"comment_status":"open","ping_status":"closed","sticky":false,"template":"","format":"standard","meta":{"footnotes":""},"categories":[9],"tags":[],"class_list":["post-8410","post","type-post","status-publish","format-standard","has-post-thumbnail","hentry","category-xeber"],"_links":{"self":[{"href":"https:\/\/millitv.net\/index.php?rest_route=\/wp\/v2\/posts\/8410","targetHints":{"allow":["GET"]}}],"collection":[{"href":"https:\/\/millitv.net\/index.php?rest_route=\/wp\/v2\/posts"}],"about":[{"href":"https:\/\/millitv.net\/index.php?rest_route=\/wp\/v2\/types\/post"}],"author":[{"embeddable":true,"href":"https:\/\/millitv.net\/index.php?rest_route=\/wp\/v2\/users\/1"}],"replies":[{"embeddable":true,"href":"https:\/\/millitv.net\/index.php?rest_route=%2Fwp%2Fv2%2Fcomments&post=8410"}],"version-history":[{"count":0,"href":"https:\/\/millitv.net\/index.php?rest_route=\/wp\/v2\/posts\/8410\/revisions"}],"wp:featuredmedia":[{"embeddable":true,"href":"https:\/\/millitv.net\/index.php?rest_route=\/wp\/v2\/media\/8411"}],"wp:attachment":[{"href":"https:\/\/millitv.net\/index.php?rest_route=%2Fwp%2Fv2%2Fmedia&parent=8410"}],"wp:term":[{"taxonomy":"category","embeddable":true,"href":"https:\/\/millitv.net\/index.php?rest_route=%2Fwp%2Fv2%2Fcategories&post=8410"},{"taxonomy":"post_tag","embeddable":true,"href":"https:\/\/millitv.net\/index.php?rest_route=%2Fwp%2Fv2%2Ftags&post=8410"}],"curies":[{"name":"wp","href":"https:\/\/api.w.org\/{rel}","templated":true}]}}