{"id":8400,"date":"2023-11-07T09:25:46","date_gmt":"2023-11-07T09:25:46","guid":{"rendered":"https:\/\/millinews.az\/xeber\/q%C9%99zza-zolagindan-8-az%C9%99rbaycanli-cixarildi\/"},"modified":"2023-11-07T09:25:46","modified_gmt":"2023-11-07T09:25:46","slug":"q%C9%99zza-zolagindan-8-az%C9%99rbaycanli-cixarildi","status":"publish","type":"post","link":"https:\/\/millitv.net\/?p=8400","title":{"rendered":"Q\u0259zza zola\u011f\u0131ndan 8 az\u0259rbaycanl\u0131 \u00e7\u0131xar\u0131ld\u0131"},"content":{"rendered":"<div id=\"maincontent\">&#13;<br \/>\n        &#13;<\/p>\n<p><strong>Q\u0259zza b\u00f6lg\u0259sind\u0259 bir ne\u00e7\u0259 g\u00fcn \u0259vv\u0259l bir g\u00fcn \u0259rzind\u0259 8 n\u0259f\u0259r az\u0259rbaycanl\u0131 t\u0259xliyy\u0259 olunub.<\/strong><\/p>\n<p><a href=\"https:\/\/Millinews.az\" target=\"_blank\" class=\"kw-link\" rel=\"noopener\">Millinews.az<\/a> Trend-\u0259 istinad\u0259n x\u0259b\u0259r verir ki, bunu Az\u0259rbaycan\u0131n Xarici \u0130\u015fl\u0259r Nazirliyinin m\u0259tbuat xidm\u0259tinin r\u0259hb\u0259ri Ayxan Hac\u0131zad\u0259 deyib. &#13;\n<\/p>\n<p>O qeyd edib ki, \u0130sraild\u0259n v\u0259t\u0259nda\u015flar\u0131n evakuasiyas\u0131 n\u0259z\u0259rd\u0259 tutulmur.<\/p>\n<p>&#8220;Evakuasiya il\u0259 ba\u011fl\u0131 m\u00fcraci\u0259tl\u0259r daxil olmur. Qaynar x\u0259tt\u0259 m\u00fcraci\u0259tl\u0259r c\u00fczidir&#8221;, &#8211; dey\u0259 A. Hac\u0131zad\u0259 \u0259lav\u0259 edib.<\/p>\n<p>Qeyd ed\u0259k ki, t\u0259xmin\u0259n 5 g\u00fcn \u0259vv\u0259l 8 az\u0259rbaycanl\u0131n\u0131n Q\u0259zza zola\u011f\u0131ndan \u00e7\u0131xar\u0131laca\u011f\u0131 il\u0259 ba\u011fl\u0131 X\u0130N Trend-in sor\u011fusuna cavab\u0131nda bildirmi\u015fdi.<\/p>\n<p>Xat\u0131rladaq ki, Q\u0259zza zola\u011f\u0131n\u0131n S\u0259rh\u0259d M\u00fchafiz\u0259si noyabr\u0131n 2-d\u0259 Misirl\u0259 s\u0259rh\u0259dd\u0259ki \u201cR\u0259fah\u201d ke\u00e7id m\u0259nt\u0259q\u0259si vasit\u0259sil\u0259 anklav\u0131 t\u0259rk ed\u0259 bil\u0259c\u0259k t\u0259xmin\u0259n 600 n\u0259f\u0259rin ad\u0131 olan siyah\u0131 d\u0259rc edib. Siyah\u0131da d\u0259rc edil\u0259n 596 xarici v\u0259t\u0259nda\u015f\u0131n 400-\u00fc AB\u015e v\u0259t\u0259nda\u015f\u0131d\u0131r. Siyah\u0131da, h\u0259m\u00e7inin, Az\u0259rbaycan, Bel\u00e7ika, B\u0259hreyn, Niderland, Macar\u0131stan, \u0130sve\u00e7r\u0259 v\u0259 C\u0259nubi Koreya v\u0259t\u0259nda\u015flar\u0131 da var.&#13;<br \/>\n        &#13;<br \/>\n&#13;<br \/>\n        &#13;<br \/>\n&#13;\n        <\/p>\n<p><noscript><\/p>\n<p>You must enable Javascript on your browser for the site to work optimally and display sections completely.<\/p>\n<p><\/noscript>\t\t&#13;<br \/>\n\t\t&#13;\n    <\/div>\n<p><script type=\"text\/javascript\">jQuery(document).ready(function () {\n(function(d, s, id) {\n    var js, fjs = d.getElementsByTagName(s)[0];\n    if (d.getElementById(id))\n        return;\n    js = d.createElement(s);\n    js.id = id;\n    js.src = \"\/\/connect.facebook.net\/az_AZ\/all.js#xfbml=1&appId=1002485763137712\";\n    fjs.parentNode.insertBefore(js, fjs);\n}(document, 'script', 'facebook-jssdk'));                \n});<\/script><\/p>\n","protected":false},"excerpt":{"rendered":"<p>&#13; &#13; Q\u0259zza b\u00f6lg\u0259sind\u0259 bir ne\u00e7\u0259 g\u00fcn \u0259vv\u0259l bir g\u00fcn \u0259rzind\u0259 8 n\u0259f\u0259r az\u0259rbaycanl\u0131 t\u0259xliyy\u0259 olunub. Millinews.az Trend-\u0259 istinad\u0259n x\u0259b\u0259r verir ki, bunu Az\u0259rbaycan\u0131n Xarici \u0130\u015fl\u0259r Nazirliyinin m\u0259tbuat xidm\u0259tinin r\u0259hb\u0259ri Ayxan Hac\u0131zad\u0259 deyib. &#13; O qeyd edib ki, \u0130sraild\u0259n v\u0259t\u0259nda\u015flar\u0131n evakuasiyas\u0131 n\u0259z\u0259rd\u0259 tutulmur. &#8220;Evakuasiya il\u0259 ba\u011fl\u0131 m\u00fcraci\u0259tl\u0259r daxil olmur. Qaynar x\u0259tt\u0259 m\u00fcraci\u0259tl\u0259r c\u00fczidir&#8221;, &#8211; dey\u0259 &hellip;<\/p>\n","protected":false},"author":1,"featured_media":8401,"comment_status":"open","ping_status":"closed","sticky":false,"template":"","format":"standard","meta":{"footnotes":""},"categories":[9],"tags":[],"class_list":["post-8400","post","type-post","status-publish","format-standard","has-post-thumbnail","hentry","category-xeber"],"_links":{"self":[{"href":"https:\/\/millitv.net\/index.php?rest_route=\/wp\/v2\/posts\/8400","targetHints":{"allow":["GET"]}}],"collection":[{"href":"https:\/\/millitv.net\/index.php?rest_route=\/wp\/v2\/posts"}],"about":[{"href":"https:\/\/millitv.net\/index.php?rest_route=\/wp\/v2\/types\/post"}],"author":[{"embeddable":true,"href":"https:\/\/millitv.net\/index.php?rest_route=\/wp\/v2\/users\/1"}],"replies":[{"embeddable":true,"href":"https:\/\/millitv.net\/index.php?rest_route=%2Fwp%2Fv2%2Fcomments&post=8400"}],"version-history":[{"count":0,"href":"https:\/\/millitv.net\/index.php?rest_route=\/wp\/v2\/posts\/8400\/revisions"}],"wp:featuredmedia":[{"embeddable":true,"href":"https:\/\/millitv.net\/index.php?rest_route=\/wp\/v2\/media\/8401"}],"wp:attachment":[{"href":"https:\/\/millitv.net\/index.php?rest_route=%2Fwp%2Fv2%2Fmedia&parent=8400"}],"wp:term":[{"taxonomy":"category","embeddable":true,"href":"https:\/\/millitv.net\/index.php?rest_route=%2Fwp%2Fv2%2Fcategories&post=8400"},{"taxonomy":"post_tag","embeddable":true,"href":"https:\/\/millitv.net\/index.php?rest_route=%2Fwp%2Fv2%2Ftags&post=8400"}],"curies":[{"name":"wp","href":"https:\/\/api.w.org\/{rel}","templated":true}]}}