{"id":8390,"date":"2023-11-07T08:48:56","date_gmt":"2023-11-07T08:48:56","guid":{"rendered":"https:\/\/millinews.az\/xeber\/ady-gucl%C9%99ndirilmis-is-rejimind%C9%99-calisacaq\/"},"modified":"2023-11-07T08:48:56","modified_gmt":"2023-11-07T08:48:56","slug":"ady-gucl%C9%99ndirilmis-is-rejimind%C9%99-calisacaq","status":"publish","type":"post","link":"https:\/\/millitv.net\/?p=8390","title":{"rendered":"ADY g\u00fccl\u0259ndirilmi\u015f i\u015f rejimind\u0259 \u00e7al\u0131\u015facaq"},"content":{"rendered":"<div id=\"maincontent\">&#13;<br \/>\n        &#13;<\/p>\n<p><strong>&#8220;Az\u0259rbaycan D\u0259mir Yollar\u0131\u201d QSC-nin b\u00fct\u00fcn strukturlar\u0131 qar\u015f\u0131dan g\u0259l\u0259n bayram g\u00fcnl\u0259rind\u0259 g\u00fccl\u0259ndirilmi\u015f i\u015f rejimind\u0259 \u00e7al\u0131\u015facaq.<\/strong><\/p>\n<p><a href=\"https:\/\/Millinews.az\" target=\"_blank\" class=\"kw-link\" rel=\"noopener\">Millinews.az<\/a> bu bar\u0259d\u0259 s\u0259hmdar c\u0259miyy\u0259tin\u0259 istinad\u0259n x\u0259b\u0259r verir. &#13;\n<\/p>\n<p>M\u0259lumata g\u00f6r\u0259, artan s\u0259rni\u015fin t\u0259l\u0259bat\u0131 n\u0259z\u0259r\u0259 al\u0131naraq 8-12 noyabrda:<\/p>\n<p>&#8211; Bak\u0131\u2013A\u011fstafa\u2013Bak\u0131 istiqam\u0259tind\u0259 ax\u015fam v\u0259 s\u0259h\u0259r reysl\u0259ri \u0259lav\u0259 edilir;<\/p>\n<p>&#8211; Bak\u0131\u2013Q\u0259b\u0259l\u0259\u2013Bak\u0131 istiqam\u0259ti \u00fczr\u0259 qatarlar h\u0259r g\u00fcn h\u0259r\u0259k\u0259t ed\u0259c\u0259k;<\/p>\n<p>&#8211; Ab\u015feron dair\u0259vi mar\u015frutu qeyri-i\u015f g\u00fcnl\u0259rinin qrafikin\u0259 uy\u011fun f\u0259aliyy\u0259t g\u00f6st\u0259r\u0259c\u0259k.<\/p>\n<p>H\u0259m\u00e7inin Ucar sakinl\u0259ri d\u0259 bayram g\u00fcnl\u0259rind\u0259 Bak\u0131\u2013A\u011fstafa\u2013Bak\u0131 mar\u015frutundan istifad\u0259 etm\u0259kl\u0259 t\u0259hl\u00fck\u0259siz m\u0259nzil ba\u015f\u0131na \u00e7atacaq.<\/p>\n<p>Qatarlar\u0131n h\u0259r\u0259k\u0259t c\u0259dv\u0259li il\u0259 tan\u0131\u015f olmaq v\u0259 bilet \u0259ld\u0259 etm\u0259k \u00fc\u00e7\u00fcn <a href=\"https:\/\/l.facebook.com\/l.php?u=http%3A%2F%2Fwww.ady.az%2F%3Ffbclid%3DIwAR2ipLmPFgAQFxwBRBe3hKAxmhMGbhOdbQncpGkVtWs_T8NgEIzfvk3aWok&amp;h=AT3FdYSJ1SAEZb033KDl90YQdgzFvIm4UW6gJcaisQXCvJFc2FqrNY7YK_rO0z3kCEMPpnVcX-GHOqYqLOJ_542CUOtu9Dr_UMEDg5CMHILYF67oF-NCXA-LWcGAWqt-I_k3&amp;__tn__=-UK-R&amp;c%5B0%5D=AT0QSX_zeq-FbSvIbKvwxOC08aXqKe6XmMr4lIBKmgD0jLQHyRVHM_2QYgp-qLvdOKD5SU5mt0HNAM9vIGfUKKWp_vcYqysbDvzQlQgtZhug5-_g5wc1MvDqrSRuxX5J61lBe_RPSmYariELIPmm1ko8cpTiXYS_Se0Xc6j5okGInHZx4xnUwkh4csxkiRx-Juee6P9-HNyT\" target=\"_blank\" rel=\"noopener\">www.ady.az<\/a> sayt\u0131ndan v\u0259 yaxud &#8220;ADY Mobile&#8221; t\u0259tbiqind\u0259n istifad\u0259 etm\u0259k olar.&#13;<br \/>\n        &#13;<br \/>\n&#13;<br \/>\n        &#13;<br \/>\n&#13;\n        <\/p>\n<p><noscript><\/p>\n<p>You must enable Javascript on your browser for the site to work optimally and display sections completely.<\/p>\n<p><\/noscript>\t\t&#13;<br \/>\n\t\t&#13;\n    <\/div>\n<p><script type=\"text\/javascript\">jQuery(document).ready(function () {\n(function(d, s, id) {\n    var js, fjs = d.getElementsByTagName(s)[0];\n    if (d.getElementById(id))\n        return;\n    js = d.createElement(s);\n    js.id = id;\n    js.src = \"\/\/connect.facebook.net\/az_AZ\/all.js#xfbml=1&appId=1002485763137712\";\n    fjs.parentNode.insertBefore(js, fjs);\n}(document, 'script', 'facebook-jssdk'));                \n});<\/script><\/p>\n","protected":false},"excerpt":{"rendered":"<p>&#13; &#13; &#8220;Az\u0259rbaycan D\u0259mir Yollar\u0131\u201d QSC-nin b\u00fct\u00fcn strukturlar\u0131 qar\u015f\u0131dan g\u0259l\u0259n bayram g\u00fcnl\u0259rind\u0259 g\u00fccl\u0259ndirilmi\u015f i\u015f rejimind\u0259 \u00e7al\u0131\u015facaq. Millinews.az bu bar\u0259d\u0259 s\u0259hmdar c\u0259miyy\u0259tin\u0259 istinad\u0259n x\u0259b\u0259r verir. &#13; M\u0259lumata g\u00f6r\u0259, artan s\u0259rni\u015fin t\u0259l\u0259bat\u0131 n\u0259z\u0259r\u0259 al\u0131naraq 8-12 noyabrda: &#8211; Bak\u0131\u2013A\u011fstafa\u2013Bak\u0131 istiqam\u0259tind\u0259 ax\u015fam v\u0259 s\u0259h\u0259r reysl\u0259ri \u0259lav\u0259 edilir; &#8211; Bak\u0131\u2013Q\u0259b\u0259l\u0259\u2013Bak\u0131 istiqam\u0259ti \u00fczr\u0259 qatarlar h\u0259r g\u00fcn h\u0259r\u0259k\u0259t ed\u0259c\u0259k; &#8211; Ab\u015feron dair\u0259vi &hellip;<\/p>\n","protected":false},"author":1,"featured_media":8391,"comment_status":"open","ping_status":"closed","sticky":false,"template":"","format":"standard","meta":{"footnotes":""},"categories":[9],"tags":[],"class_list":["post-8390","post","type-post","status-publish","format-standard","has-post-thumbnail","hentry","category-xeber"],"_links":{"self":[{"href":"https:\/\/millitv.net\/index.php?rest_route=\/wp\/v2\/posts\/8390","targetHints":{"allow":["GET"]}}],"collection":[{"href":"https:\/\/millitv.net\/index.php?rest_route=\/wp\/v2\/posts"}],"about":[{"href":"https:\/\/millitv.net\/index.php?rest_route=\/wp\/v2\/types\/post"}],"author":[{"embeddable":true,"href":"https:\/\/millitv.net\/index.php?rest_route=\/wp\/v2\/users\/1"}],"replies":[{"embeddable":true,"href":"https:\/\/millitv.net\/index.php?rest_route=%2Fwp%2Fv2%2Fcomments&post=8390"}],"version-history":[{"count":0,"href":"https:\/\/millitv.net\/index.php?rest_route=\/wp\/v2\/posts\/8390\/revisions"}],"wp:featuredmedia":[{"embeddable":true,"href":"https:\/\/millitv.net\/index.php?rest_route=\/wp\/v2\/media\/8391"}],"wp:attachment":[{"href":"https:\/\/millitv.net\/index.php?rest_route=%2Fwp%2Fv2%2Fmedia&parent=8390"}],"wp:term":[{"taxonomy":"category","embeddable":true,"href":"https:\/\/millitv.net\/index.php?rest_route=%2Fwp%2Fv2%2Fcategories&post=8390"},{"taxonomy":"post_tag","embeddable":true,"href":"https:\/\/millitv.net\/index.php?rest_route=%2Fwp%2Fv2%2Ftags&post=8390"}],"curies":[{"name":"wp","href":"https:\/\/api.w.org\/{rel}","templated":true}]}}