{"id":8386,"date":"2023-11-07T08:30:31","date_gmt":"2023-11-07T08:30:31","guid":{"rendered":"https:\/\/millinews.az\/xeber\/r%C9%99smi-baki-erm%C9%99nistani-bolg%C9%99d%C9%99ki-realliqlari-duzgun-anlamaga-cagirdi\/"},"modified":"2023-11-07T08:30:31","modified_gmt":"2023-11-07T08:30:31","slug":"r%C9%99smi-baki-erm%C9%99nistani-bolg%C9%99d%C9%99ki-realliqlari-duzgun-anlamaga-cagirdi","status":"publish","type":"post","link":"https:\/\/millitv.net\/?p=8386","title":{"rendered":"R\u0259smi Bak\u0131 Erm\u0259nistan\u0131 b\u00f6lg\u0259d\u0259ki reall\u0131qlar\u0131 d\u00fczg\u00fcn anlama\u011fa \u00e7a\u011f\u0131rd\u0131"},"content":{"rendered":"<div id=\"maincontent\">&#13;<br \/>\n        &#13;<\/p>\n<p><strong>\u201cHaz\u0131rda, erm\u0259ni silahl\u0131 birl\u0259\u015fm\u0259l\u0259rinin v\u0259 Erm\u0259nistan\u0131n \u0259razil\u0259rimizd\u0259 yaratd\u0131\u011f\u0131 qondarma rejimin m\u00f6vcudlu\u011funa son qoyulduqdan sonra, b\u00f6lg\u0259d\u0259 s\u00fclh v\u0259 sabitlik \u00fc\u00e7\u00fcn geni\u015f imkanlar m\u00f6vcuddur\u201d.<\/strong><\/p>\n<p><a href=\"https:\/\/Millinews.az\" target=\"_blank\" class=\"kw-link\" rel=\"noopener\">Millinews.az<\/a> x\u0259b\u0259r verir ki, bu bar\u0259d\u0259 Az\u0259rbaycan Respublikas\u0131 Xarici \u0130\u015fl\u0259r Nazirliyinin 8 Noyabr \u2013 Z\u0259f\u0259r G\u00fcn\u00fc m\u00fcnasib\u0259til\u0259 b\u0259yanat\u0131nda qeyd olunub. &#13;\n<\/p>\n<p>Nazirlik Erm\u0259nistan\u0131 b\u00f6lg\u0259d\u0259ki reall\u0131qlar\u0131 d\u00fczg\u00fcn anlama\u011fa \u00e7a\u011f\u0131r\u0131b.<\/p>\n<p>\u201cBu m\u00fcnbit \u015f\u0259raitin fonunda, Az\u0259rbaycan iki \u00f6lk\u0259 aras\u0131nda m\u00fcnasib\u0259tl\u0259rin normalla\u015fmas\u0131, habel\u0259 Qaraba\u011f b\u00f6lg\u0259sind\u0259 ya\u015fayan erm\u0259ni sakinl\u0259rin reinteqrasiya prosesin\u0259 sadiq qalaraq, Erm\u0259nistan\u0131 s\u00fclh prosesind\u0259 konstruktiv v\u0259 \u0259dal\u0259tli m\u00f6vqe n\u00fcmayi\u015f etdirm\u0259y\u0259, b\u00f6lg\u0259d\u0259ki reall\u0131qlar\u0131 d\u00fczg\u00fcn anlama\u011fa \u00e7a\u011f\u0131r\u0131r. Erm\u0259nistan t\u0259r\u0259fi b\u00f6lg\u0259d\u0259 s\u00fclh v\u0259 \u0259m\u0259kda\u015fl\u0131\u011f\u0131n alternativinin olmad\u0131\u011f\u0131n\u0131 n\u0259hay\u0259t ba\u015fa d\u00fc\u015fm\u0259lidir\u201d, &#8211; b\u0259yanatda deyilir.&#13;<br \/>\n        &#13;<br \/>\n&#13;<br \/>\n        &#13;<br \/>\n&#13;\n        <\/p>\n<p><noscript><\/p>\n<p>You must enable Javascript on your browser for the site to work optimally and display sections completely.<\/p>\n<p><\/noscript>\t\t&#13;<br \/>\n\t\t&#13;\n    <\/div>\n<p><script type=\"text\/javascript\">jQuery(document).ready(function () {\n(function(d, s, id) {\n    var js, fjs = d.getElementsByTagName(s)[0];\n    if (d.getElementById(id))\n        return;\n    js = d.createElement(s);\n    js.id = id;\n    js.src = \"\/\/connect.facebook.net\/az_AZ\/all.js#xfbml=1&appId=1002485763137712\";\n    fjs.parentNode.insertBefore(js, fjs);\n}(document, 'script', 'facebook-jssdk'));                \n});<\/script><\/p>\n","protected":false},"excerpt":{"rendered":"<p>&#13; &#13; \u201cHaz\u0131rda, erm\u0259ni silahl\u0131 birl\u0259\u015fm\u0259l\u0259rinin v\u0259 Erm\u0259nistan\u0131n \u0259razil\u0259rimizd\u0259 yaratd\u0131\u011f\u0131 qondarma rejimin m\u00f6vcudlu\u011funa son qoyulduqdan sonra, b\u00f6lg\u0259d\u0259 s\u00fclh v\u0259 sabitlik \u00fc\u00e7\u00fcn geni\u015f imkanlar m\u00f6vcuddur\u201d. Millinews.az x\u0259b\u0259r verir ki, bu bar\u0259d\u0259 Az\u0259rbaycan Respublikas\u0131 Xarici \u0130\u015fl\u0259r Nazirliyinin 8 Noyabr \u2013 Z\u0259f\u0259r G\u00fcn\u00fc m\u00fcnasib\u0259til\u0259 b\u0259yanat\u0131nda qeyd olunub. &#13; Nazirlik Erm\u0259nistan\u0131 b\u00f6lg\u0259d\u0259ki reall\u0131qlar\u0131 d\u00fczg\u00fcn anlama\u011fa \u00e7a\u011f\u0131r\u0131b. \u201cBu m\u00fcnbit \u015f\u0259raitin &hellip;<\/p>\n","protected":false},"author":1,"featured_media":8387,"comment_status":"open","ping_status":"closed","sticky":false,"template":"","format":"standard","meta":{"footnotes":""},"categories":[9],"tags":[],"class_list":["post-8386","post","type-post","status-publish","format-standard","has-post-thumbnail","hentry","category-xeber"],"_links":{"self":[{"href":"https:\/\/millitv.net\/index.php?rest_route=\/wp\/v2\/posts\/8386","targetHints":{"allow":["GET"]}}],"collection":[{"href":"https:\/\/millitv.net\/index.php?rest_route=\/wp\/v2\/posts"}],"about":[{"href":"https:\/\/millitv.net\/index.php?rest_route=\/wp\/v2\/types\/post"}],"author":[{"embeddable":true,"href":"https:\/\/millitv.net\/index.php?rest_route=\/wp\/v2\/users\/1"}],"replies":[{"embeddable":true,"href":"https:\/\/millitv.net\/index.php?rest_route=%2Fwp%2Fv2%2Fcomments&post=8386"}],"version-history":[{"count":0,"href":"https:\/\/millitv.net\/index.php?rest_route=\/wp\/v2\/posts\/8386\/revisions"}],"wp:featuredmedia":[{"embeddable":true,"href":"https:\/\/millitv.net\/index.php?rest_route=\/wp\/v2\/media\/8387"}],"wp:attachment":[{"href":"https:\/\/millitv.net\/index.php?rest_route=%2Fwp%2Fv2%2Fmedia&parent=8386"}],"wp:term":[{"taxonomy":"category","embeddable":true,"href":"https:\/\/millitv.net\/index.php?rest_route=%2Fwp%2Fv2%2Fcategories&post=8386"},{"taxonomy":"post_tag","embeddable":true,"href":"https:\/\/millitv.net\/index.php?rest_route=%2Fwp%2Fv2%2Ftags&post=8386"}],"curies":[{"name":"wp","href":"https:\/\/api.w.org\/{rel}","templated":true}]}}