{"id":8382,"date":"2023-11-07T08:14:18","date_gmt":"2023-11-07T08:14:18","guid":{"rendered":"https:\/\/millinews.az\/xeber\/az%C9%99rbaycan-xin-8-noyabr-z%C9%99f%C9%99r-gunu-munasib%C9%99til%C9%99-b%C9%99yanat-yaydi\/"},"modified":"2023-11-07T08:14:18","modified_gmt":"2023-11-07T08:14:18","slug":"az%C9%99rbaycan-xin-8-noyabr-z%C9%99f%C9%99r-gunu-munasib%C9%99til%C9%99-b%C9%99yanat-yaydi","status":"publish","type":"post","link":"https:\/\/millitv.net\/?p=8382","title":{"rendered":"Az\u0259rbaycan X\u0130N 8 Noyabr &#8211; Z\u0259f\u0259r G\u00fcn\u00fc m\u00fcnasib\u0259til\u0259 b\u0259yanat yayd\u0131"},"content":{"rendered":"<div id=\"maincontent\">&#13;<br \/>\n        &#13;<\/p>\n<p><strong>Az\u0259rbaycan Xarici \u0130\u015fl\u0259r Nazirliyi (X\u0130N) 8 Noyabr &#8211; Z\u0259f\u0259r G\u00fcn\u00fc m\u00fcnasib\u0259til\u0259 b\u0259yanat yay\u0131b.<\/strong><\/p>\n<p><a href=\"https:\/\/Millinews.az\" target=\"_blank\" class=\"kw-link\" rel=\"noopener\">Millinews.az<\/a> x\u0259b\u0259r verir ki, b\u0259yanatda deyilir: &#13;\n<\/p>\n<p>\u201c8 noyabr tarixind\u0259 30 il\u0259 yax\u0131n davam ed\u0259n Erm\u0259nistan-Az\u0259rbaycan m\u00fcnaqi\u015f\u0259sin\u0259 v\u0259 Az\u0259rbaycan \u0259razil\u0259rinin i\u015f\u011fal\u0131na son qoyan, \u00f6z do\u011fma torpaqlar\u0131ndan qa\u00e7q\u0131n v\u0259 m\u0259cburi k\u00f6\u00e7k\u00fcn d\u00fc\u015fm\u00fc\u015f y\u00fczminl\u0259rl\u0259 az\u0259rbaycanl\u0131n\u0131n fundamental h\u00fcquqlar\u0131n\u0131n b\u0259rpa olundu\u011fu, b\u00f6lg\u0259d\u0259 s\u00fclh v\u0259 \u0259m\u0259kda\u015fl\u0131q \u00fc\u00e7\u00fcn imkan yaradan 44 g\u00fcnl\u00fck V\u0259t\u0259n m\u00fcharib\u0259si n\u0259tic\u0259sind\u0259 minl\u0259rl\u0259 az\u0259rbaycanl\u0131n\u0131n can\u0131 v\u0259 qan\u0131 bahas\u0131na qazan\u0131lm\u0131\u015f Z\u0259f\u0259r G\u00fcn\u00fc qeyd olunur.<\/p>\n<p>M\u00fcst\u0259qilliyinin ilk ill\u0259rind\u0259n qon\u015fu \u00f6lk\u0259 Erm\u0259nistan\u0131n h\u0259rbi t\u0259cav\u00fcz\u00fc, i\u015f\u011fal\u0131, etnik t\u0259mizl\u0259m\u0259 v\u0259 soyq\u0131r\u0131m\u0131 siyas\u0259tin\u0259 m\u0259ruz qalan, bir milyona yax\u0131n qa\u00e7q\u0131n v\u0259 m\u0259cburi k\u00f6\u00e7k\u00fcn problemi il\u0259 \u00fczl\u0259\u015f\u0259n Az\u0259rbaycan s\u00fclh prosesin\u0259 sadiq olmaqla yana\u015f\u0131, i\u015f\u011fal fakt\u0131 il\u0259 bar\u0131\u015fmayaca\u011f\u0131n\u0131 daim b\u0259yan edib.<\/p>\n<p>Erm\u0259nistan\u0131n uzun ill\u0259r \u0259rzind\u0259 status-kvonun saxlan\u0131lmas\u0131na hesablanm\u0131\u015f imitasiya namin\u0259 dan\u0131\u015f\u0131qlar aparmas\u0131, bu destruktiv f\u0259aliyy\u0259t\u0259 beyn\u0259lxalq vasit\u0259\u00e7il\u0259rin g\u00f6z yummas\u0131 v\u0259 adekvat t\u0259dbirl\u0259r g\u00f6rm\u0259m\u0259si n\u0259tic\u0259sind\u0259 Erm\u0259nistan\u0131n t\u0259cav\u00fczkar siyas\u0259tini, \u201cyeni \u0259razil\u0259r u\u011frunda yeni m\u00fcharib\u0259l\u0259r\u201d konsepsiyas\u0131n\u0131 ir\u0259li s\u00fcr\u0259r\u0259k h\u0259rbi-siyasi t\u0259xribatlar\u0131n\u0131 intensivl\u0259\u015fdirm\u0259si 44 g\u00fcnl\u00fck V\u0259t\u0259n m\u00fcharib\u0259sini \u015f\u0259rtl\u0259ndir\u0259n amill\u0259rd\u0259n idi.<\/p>\n<p>V\u0259t\u0259n m\u00fcharib\u0259si n\u0259tic\u0259sind\u0259 Az\u0259rbaycan beyn\u0259lxalq h\u00fcququn norma v\u0259 prinsipl\u0259rini, o c\u00fcml\u0259d\u0259n \u00f6z \u0259razi b\u00fct\u00f6vl\u00fcy\u00fcn\u00fc, suverenliyini, s\u0259rh\u0259dl\u0259rinin toxunulmazl\u0131\u011f\u0131n\u0131 t\u0259min etdi, bununla BMT T\u0259hl\u00fck\u0259sizlik \u015euras\u0131n\u0131n 4 q\u0259tnam\u0259sinin icras\u0131na nail oldu.<\/p>\n<p>44 g\u00fcn \u0259rzind\u0259 Az\u0259rbaycan\u0131n m\u00fclki \u0259halisinin s\u0131x m\u0259skunla\u015fd\u0131\u011f\u0131, c\u0259bh\u0259 x\u0259ttind\u0259n \u00e7ox uzaqda yerl\u0259\u015f\u0259n \u0259razil\u0259rd\u0259 ya\u015fayan az\u0259rbaycanl\u0131lara qar\u015f\u0131 Erm\u0259nistan t\u0259r\u0259find\u0259n m\u00fcharib\u0259 cinay\u0259tl\u0259rinin t\u00f6r\u0259dilm\u0259sin\u0259 baxmayaraq, xalq\u0131m\u0131z\u0131n birliyi v\u0259 h\u0259mr\u0259yliyi, M\u00fcz\u0259ff\u0259r Ali Ba\u015f Komandan\u0131n r\u0259hb\u0259rlik etdiyi \u015eanl\u0131 Az\u0259rbaycan Ordusunun \u015f\u00fcca\u0259ti n\u0259tic\u0259sind\u0259 C\u0259bray\u0131l, F\u00fczuli, Z\u0259ngilan, Qubadl\u0131 v\u0259 \u015eu\u015fa \u015f\u0259h\u0259rl\u0259ri daxil olmaqla, \u00fcmumilikd\u0259, 300-d\u0259n \u00e7ox ya\u015fay\u0131\u015f m\u0259nt\u0259q\u0259si i\u015f\u011faldan azad edildi.<\/p>\n<p>8 noyabr 2020-ci il tarixind\u0259 Az\u0259rbaycan tarixinin v\u0259 m\u0259d\u0259niyy\u0259tinin incisi \u015eu\u015fa \u015f\u0259h\u0259rinin i\u015f\u011faldan azad olunmas\u0131ndan sonra 10 noyabr tarixind\u0259 Az\u0259rbaycan, Rusiya v\u0259 Erm\u0259nistan liderl\u0259rinin imzalad\u0131\u011f\u0131 \u00dc\u00e7t\u0259r\u0259fli B\u0259yanata uy\u011fun olaraq is\u0259 Erm\u0259nistan\u0131n K\u0259lb\u0259c\u0259r, A\u011fdam v\u0259 La\u00e7\u0131n rayonlar\u0131ndan silahl\u0131 q\u00fcvv\u0259l\u0259rini \u00e7\u0131xarmas\u0131 il\u0259 \u0259razi b\u00fct\u00f6vl\u00fcy\u00fcm\u00fcz t\u0259min edildi.<\/p>\n<p>M\u00fcharib\u0259nin v\u0259 m\u00fcnaqi\u015f\u0259nin bitm\u0259sind\u0259n d\u0259rhal sonra s\u00fclh t\u0259\u015f\u0259bb\u00fcs\u00fc il\u0259 \u00e7\u0131x\u0131\u015f ed\u0259n Az\u0259rbaycan \u00f6hd\u0259likl\u0259rin\u0259 sadiq qalaraq iki \u00f6lk\u0259 aras\u0131nda m\u00fcnasib\u0259tl\u0259rin normalla\u015fmas\u0131 v\u0259 s\u00fclh prosesini aktiv t\u0259\u015fviq etm\u0259y\u0259, i\u015f\u011faldan azad olunmu\u015f \u0259razil\u0259rd\u0259 geni\u015fmiqyasl\u0131 b\u0259rpa v\u0259 quruculuq i\u015fl\u0259ri, habel\u0259 Qaraba\u011f b\u00f6lg\u0259sind\u0259 ya\u015fayan erm\u0259ni sakinl\u0259rin c\u0259miyy\u0259timiz\u0259 reinteqrasiyas\u0131 istiqam\u0259tind\u0259 t\u0259dbirl\u0259r g\u00f6rm\u0259y\u0259 ba\u015flad\u0131.<\/p>\n<p>Buna baxmayaraq, Erm\u0259nistan yen\u0259 d\u0259 s\u00fclh sazi\u015fi istiqam\u0259tind\u0259 dan\u0131\u015f\u0131qlara mane\u00e7ilik t\u00f6r\u0259tm\u0259k, h\u0259rbi-siyasi t\u0259xribatlar\u0131 v\u0259 mina t\u0259hdidini davam ed\u0259r\u0259k s\u00fclh prosesini, v\u0259t\u0259nda\u015flar\u0131m\u0131z\u0131n h\u0259yat\u0131n\u0131, regiondak\u0131 b\u0259rpa v\u0259 yenid\u0259nqurma i\u015fl\u0259rini t\u0259hdid alt\u0131na almaqda davam etm\u0259k yolunu se\u00e7di. Erm\u0259nistan t\u0259r\u0259fi bununla yana\u015f\u0131, \u00f6hd\u0259likl\u0259rin\u0259 zidd olaraq, b\u00f6lg\u0259d\u0259 s\u00fclh v\u0259 t\u0259hl\u00fck\u0259sizliy\u0259 \u0259sas t\u0259hdid m\u0259nb\u0259yi olan erm\u0259ni silahl\u0131 q\u00fcvv\u0259l\u0259rini n\u0259inki Az\u0259rbaycan \u0259razil\u0259rind\u0259n \u00e7\u0131xarmad\u0131, onlara maddi v\u0259 maliyy\u0259 d\u0259st\u0259yini davam etdirdi, Az\u0259rbaycan \u0259razil\u0259rin\u0259 qanunsuz olaraq silah, h\u0259rbi texnika v\u0259 mina \u00f6t\u00fcr\u00fclm\u0259si f\u0259aliyy\u0259tind\u0259n \u0259l \u00e7\u0259km\u0259di. Erm\u0259nistan h\u0259m\u00e7inin h\u0259l\u0259 d\u0259 i\u015f\u011fal alt\u0131nda olan 8 Az\u0259rbaycan k\u0259ndini Az\u0259rbaycana t\u0259hvil verm\u0259di.<\/p>\n<p>Az\u0259rbaycan\u0131n b\u00fct\u00fcn s\u0259viyy\u0259l\u0259rd\u0259 v\u0259 platformalarda x\u0259b\u0259rdarl\u0131qlar\u0131na m\u0259h\u0259l qoymayan Erm\u0259nistan\u0131n Az\u0259rbaycan \u0259razisind\u0259ki qanunsuz silahl\u0131 birl\u0259\u015fm\u0259l\u0259ri cari ilin sentyabr ay\u0131nda t\u0259xribatlar\u0131n\u0131 art\u0131rd\u0131 v\u0259 bir g\u00fcnd\u0259 6 n\u0259f\u0259r az\u0259rbaycanl\u0131 m\u00fclki \u015f\u0259xsl\u0259r v\u0259 polisl\u0259rin \u00f6l\u00fcm\u00fc il\u0259 n\u0259tic\u0259l\u0259n\u0259n mina partlay\u0131\u015f\u0131 t\u00f6r\u0259tdi. Buna cavab olaraq, Az\u0259rbaycan t\u0259r\u0259fi qanunsuz erm\u0259ni q\u00fcvv\u0259l\u0259rinin m\u00f6vcudlu\u011funa son qoymaq v\u0259 b\u00fct\u00fcn \u0259razil\u0259rind\u0259 tam suverenliyi b\u0259rpa etm\u0259k m\u0259qs\u0259dil\u0259, Qaraba\u011f b\u00f6lg\u0259sind\u0259 19-20 sentyabr 2023-c\u00fc il tarixl\u0259rind\u0259 24 saat \u0259rzind\u0259 anti-terror t\u0259dbirl\u0259ri h\u0259yata ke\u00e7irdi.<\/p>\n<p>Haz\u0131rda, erm\u0259ni silahl\u0131 birl\u0259\u015fm\u0259l\u0259rinin v\u0259 Erm\u0259nistan\u0131n \u0259razil\u0259rimizd\u0259 yaratd\u0131\u011f\u0131 qondarma rejimin m\u00f6vcudlu\u011funa son qoyulduqdan sonra, b\u00f6lg\u0259d\u0259 s\u00fclh v\u0259 sabitlik \u00fc\u00e7\u00fcn geni\u015f imkanlar m\u00f6vcuddur.<\/p>\n<p>Bu m\u00fcnbit \u015f\u0259raitin fonunda, Az\u0259rbaycan iki \u00f6lk\u0259 aras\u0131nda m\u00fcnasib\u0259tl\u0259rin normalla\u015fmas\u0131, habel\u0259 Qaraba\u011f b\u00f6lg\u0259sind\u0259 ya\u015fayan erm\u0259ni sakinl\u0259rin reinteqrasiya prosesin\u0259 sadiq qalaraq, Erm\u0259nistan\u0131 s\u00fclh prosesind\u0259 konstruktiv v\u0259 \u0259dal\u0259tli m\u00f6vqe n\u00fcmayi\u015f etdirm\u0259y\u0259, b\u00f6lg\u0259d\u0259ki reall\u0131qlar\u0131 d\u00fczg\u00fcn anlama\u011fa \u00e7a\u011f\u0131r\u0131r.<\/p>\n<p>Erm\u0259nistan t\u0259r\u0259fi b\u00f6lg\u0259d\u0259 s\u00fclh v\u0259 \u0259m\u0259kda\u015fl\u0131\u011f\u0131n alternativinin olmad\u0131\u011f\u0131n\u0131 n\u0259hay\u0259t ba\u015fa d\u00fc\u015fm\u0259lidir.<\/p>\n<p>8 Noyabr \u2013 Z\u0259f\u0259r G\u00fcn\u00fcnd\u0259 m\u00fcst\u0259qilliyimiz, \u0259razi b\u00fct\u00f6vl\u00fcy\u00fcm\u00fcz v\u0259 suverenliyimiz u\u011frunda canlar\u0131ndan ke\u00e7\u0259n \u015f\u0259hidl\u0259rimizin \u0259ziz xatir\u0259sini d\u0259rin h\u00f6rm\u0259t v\u0259 minn\u0259tdarl\u0131qla yad edirik!\u201d.<\/p>\n<p>Z\u0259f\u0259r G\u00fcn\u00fcm\u00fcz m\u00fcbar\u0259k olsun!&#13;<br \/>\n        &#13;<br \/>\n&#13;<br \/>\n        &#13;<br \/>\n&#13;\n        <\/p>\n<p><noscript><\/p>\n<p>You must enable Javascript on your browser for the site to work optimally and display sections completely.<\/p>\n<p><\/noscript>\t\t&#13;<br \/>\n\t\t&#13;\n    <\/div>\n<p><script type=\"text\/javascript\">jQuery(document).ready(function () {\n(function(d, s, id) {\n    var js, fjs = d.getElementsByTagName(s)[0];\n    if (d.getElementById(id))\n        return;\n    js = d.createElement(s);\n    js.id = id;\n    js.src = \"\/\/connect.facebook.net\/az_AZ\/all.js#xfbml=1&appId=1002485763137712\";\n    fjs.parentNode.insertBefore(js, fjs);\n}(document, 'script', 'facebook-jssdk'));                \n});<\/script><\/p>\n","protected":false},"excerpt":{"rendered":"<p>&#13; &#13; Az\u0259rbaycan Xarici \u0130\u015fl\u0259r Nazirliyi (X\u0130N) 8 Noyabr &#8211; Z\u0259f\u0259r G\u00fcn\u00fc m\u00fcnasib\u0259til\u0259 b\u0259yanat yay\u0131b. Millinews.az x\u0259b\u0259r verir ki, b\u0259yanatda deyilir: &#13; \u201c8 noyabr tarixind\u0259 30 il\u0259 yax\u0131n davam ed\u0259n Erm\u0259nistan-Az\u0259rbaycan m\u00fcnaqi\u015f\u0259sin\u0259 v\u0259 Az\u0259rbaycan \u0259razil\u0259rinin i\u015f\u011fal\u0131na son qoyan, \u00f6z do\u011fma torpaqlar\u0131ndan qa\u00e7q\u0131n v\u0259 m\u0259cburi k\u00f6\u00e7k\u00fcn d\u00fc\u015fm\u00fc\u015f y\u00fczminl\u0259rl\u0259 az\u0259rbaycanl\u0131n\u0131n fundamental h\u00fcquqlar\u0131n\u0131n b\u0259rpa olundu\u011fu, b\u00f6lg\u0259d\u0259 s\u00fclh v\u0259 &hellip;<\/p>\n","protected":false},"author":1,"featured_media":8383,"comment_status":"open","ping_status":"closed","sticky":false,"template":"","format":"standard","meta":{"footnotes":""},"categories":[9],"tags":[],"class_list":["post-8382","post","type-post","status-publish","format-standard","has-post-thumbnail","hentry","category-xeber"],"_links":{"self":[{"href":"https:\/\/millitv.net\/index.php?rest_route=\/wp\/v2\/posts\/8382","targetHints":{"allow":["GET"]}}],"collection":[{"href":"https:\/\/millitv.net\/index.php?rest_route=\/wp\/v2\/posts"}],"about":[{"href":"https:\/\/millitv.net\/index.php?rest_route=\/wp\/v2\/types\/post"}],"author":[{"embeddable":true,"href":"https:\/\/millitv.net\/index.php?rest_route=\/wp\/v2\/users\/1"}],"replies":[{"embeddable":true,"href":"https:\/\/millitv.net\/index.php?rest_route=%2Fwp%2Fv2%2Fcomments&post=8382"}],"version-history":[{"count":0,"href":"https:\/\/millitv.net\/index.php?rest_route=\/wp\/v2\/posts\/8382\/revisions"}],"wp:featuredmedia":[{"embeddable":true,"href":"https:\/\/millitv.net\/index.php?rest_route=\/wp\/v2\/media\/8383"}],"wp:attachment":[{"href":"https:\/\/millitv.net\/index.php?rest_route=%2Fwp%2Fv2%2Fmedia&parent=8382"}],"wp:term":[{"taxonomy":"category","embeddable":true,"href":"https:\/\/millitv.net\/index.php?rest_route=%2Fwp%2Fv2%2Fcategories&post=8382"},{"taxonomy":"post_tag","embeddable":true,"href":"https:\/\/millitv.net\/index.php?rest_route=%2Fwp%2Fv2%2Ftags&post=8382"}],"curies":[{"name":"wp","href":"https:\/\/api.w.org\/{rel}","templated":true}]}}