{"id":8374,"date":"2023-11-07T07:43:50","date_gmt":"2023-11-07T07:43:50","guid":{"rendered":"https:\/\/millinews.az\/xeber\/6-ci-d%C9%99f%C9%99-toplanan-bmt-ts-raziliga-g%C9%99l%C9%99-bilm%C9%99di\/"},"modified":"2023-11-07T07:43:50","modified_gmt":"2023-11-07T07:43:50","slug":"6-ci-d%C9%99f%C9%99-toplanan-bmt-ts-raziliga-g%C9%99l%C9%99-bilm%C9%99di","status":"publish","type":"post","link":"https:\/\/millitv.net\/?p=8374","title":{"rendered":"6-c\u0131 d\u0259f\u0259 toplanan BMT T\u015e raz\u0131l\u0131\u011fa g\u0259l\u0259 bilm\u0259di"},"content":{"rendered":"<div id=\"maincontent\">&#13;<br \/>\n        &#13;<\/p>\n<p><strong>\u0130srailin Q\u0259zzaya h\u00fccumundan sonra 6-c\u0131 d\u0259f\u0259 toplanan Birl\u0259\u015fmi\u015f Mill\u0259tl\u0259r T\u0259\u015fkilat\u0131n\u0131n T\u0259hl\u00fck\u0259sizlik \u015euras\u0131 yen\u0259 raz\u0131l\u0131\u011fa g\u0259l\u0259 bilm\u0259yib. <\/strong><\/p>\n<p><a href=\"https:\/\/Millinews.az\" target=\"_blank\" class=\"kw-link\" rel=\"noopener\">Millinews.az<\/a> x\u0259b\u0259r verir ki, BMT T\u0259hl\u00fck\u0259sizlik \u015euras\u0131n\u0131n Nyu-Yorkdak\u0131 m\u0259nzil-q\u0259rargah\u0131nda qapal\u0131 iclas\u0131 ke\u00e7irilib. G\u00f6r\u00fc\u015fd\u0259n sonra m\u0259tbuata a\u00e7\u0131qlama ver\u0259n AB\u015e-\u0131n BMT-d\u0259ki daimi n\u00fcmay\u0259nd\u0259sinin m\u00fcavini Robert Vud \u201cH\u0259l\u0259 raz\u0131l\u0131q \u0259ld\u0259 olunmay\u0131b\u201d deyib. Vud bildirib ki, iclasda m\u00fcnaqi\u015f\u0259d\u0259 humanitar pauza m\u0259s\u0259l\u0259si g\u00fcnd\u0259m\u0259 g\u0259tirilib, lakin bu m\u0259s\u0259l\u0259 il\u0259 ba\u011fl\u0131 h\u0259l\u0259 d\u0259 m\u00fcxt\u0259lif fikirl\u0259r var.  &#13;\n<\/p>\n<p>\u00c7inin BMT-d\u0259ki daimi n\u00fcmay\u0259nd\u0259si Zhang Jung, \u0130srailin x\u0259st\u0259xanalara, qa\u00e7q\u0131n d\u00fc\u015f\u0259rg\u0259l\u0259rin\u0259 v\u0259 BMT obyektl\u0259rin\u0259 h\u00fccumlar\u0131n\u0131 m\u00fczakir\u0259 etm\u0259k \u00fc\u00e7\u00fcn Birl\u0259\u015fmi\u015f \u018fr\u0259b \u018fmirlikl\u0259ri il\u0259 birlikd\u0259 BMT T\u0259hl\u00fck\u0259sizlik \u015euras\u0131n\u0131 toplad\u0131qlar\u0131n\u0131 bildirib.&#13;<br \/>\n        &#13;<br \/>\n&#13;<br \/>\n        &#13;<br \/>\n&#13;\n        <\/p>\n<p><noscript><\/p>\n<p>You must enable Javascript on your browser for the site to work optimally and display sections completely.<\/p>\n<p><\/noscript>\t\t&#13;<br \/>\n\t\t&#13;\n    <\/div>\n<p><script type=\"text\/javascript\">jQuery(document).ready(function () {\n(function(d, s, id) {\n    var js, fjs = d.getElementsByTagName(s)[0];\n    if (d.getElementById(id))\n        return;\n    js = d.createElement(s);\n    js.id = id;\n    js.src = \"\/\/connect.facebook.net\/az_AZ\/all.js#xfbml=1&appId=1002485763137712\";\n    fjs.parentNode.insertBefore(js, fjs);\n}(document, 'script', 'facebook-jssdk'));                \n});<\/script><\/p>\n","protected":false},"excerpt":{"rendered":"<p>&#13; &#13; \u0130srailin Q\u0259zzaya h\u00fccumundan sonra 6-c\u0131 d\u0259f\u0259 toplanan Birl\u0259\u015fmi\u015f Mill\u0259tl\u0259r T\u0259\u015fkilat\u0131n\u0131n T\u0259hl\u00fck\u0259sizlik \u015euras\u0131 yen\u0259 raz\u0131l\u0131\u011fa g\u0259l\u0259 bilm\u0259yib. Millinews.az x\u0259b\u0259r verir ki, BMT T\u0259hl\u00fck\u0259sizlik \u015euras\u0131n\u0131n Nyu-Yorkdak\u0131 m\u0259nzil-q\u0259rargah\u0131nda qapal\u0131 iclas\u0131 ke\u00e7irilib. G\u00f6r\u00fc\u015fd\u0259n sonra m\u0259tbuata a\u00e7\u0131qlama ver\u0259n AB\u015e-\u0131n BMT-d\u0259ki daimi n\u00fcmay\u0259nd\u0259sinin m\u00fcavini Robert Vud \u201cH\u0259l\u0259 raz\u0131l\u0131q \u0259ld\u0259 olunmay\u0131b\u201d deyib. Vud bildirib ki, iclasda m\u00fcnaqi\u015f\u0259d\u0259 humanitar pauza m\u0259s\u0259l\u0259si &hellip;<\/p>\n","protected":false},"author":1,"featured_media":8375,"comment_status":"open","ping_status":"closed","sticky":false,"template":"","format":"standard","meta":{"footnotes":""},"categories":[9],"tags":[],"class_list":["post-8374","post","type-post","status-publish","format-standard","has-post-thumbnail","hentry","category-xeber"],"_links":{"self":[{"href":"https:\/\/millitv.net\/index.php?rest_route=\/wp\/v2\/posts\/8374","targetHints":{"allow":["GET"]}}],"collection":[{"href":"https:\/\/millitv.net\/index.php?rest_route=\/wp\/v2\/posts"}],"about":[{"href":"https:\/\/millitv.net\/index.php?rest_route=\/wp\/v2\/types\/post"}],"author":[{"embeddable":true,"href":"https:\/\/millitv.net\/index.php?rest_route=\/wp\/v2\/users\/1"}],"replies":[{"embeddable":true,"href":"https:\/\/millitv.net\/index.php?rest_route=%2Fwp%2Fv2%2Fcomments&post=8374"}],"version-history":[{"count":0,"href":"https:\/\/millitv.net\/index.php?rest_route=\/wp\/v2\/posts\/8374\/revisions"}],"wp:featuredmedia":[{"embeddable":true,"href":"https:\/\/millitv.net\/index.php?rest_route=\/wp\/v2\/media\/8375"}],"wp:attachment":[{"href":"https:\/\/millitv.net\/index.php?rest_route=%2Fwp%2Fv2%2Fmedia&parent=8374"}],"wp:term":[{"taxonomy":"category","embeddable":true,"href":"https:\/\/millitv.net\/index.php?rest_route=%2Fwp%2Fv2%2Fcategories&post=8374"},{"taxonomy":"post_tag","embeddable":true,"href":"https:\/\/millitv.net\/index.php?rest_route=%2Fwp%2Fv2%2Ftags&post=8374"}],"curies":[{"name":"wp","href":"https:\/\/api.w.org\/{rel}","templated":true}]}}