{"id":8344,"date":"2023-11-07T05:29:44","date_gmt":"2023-11-07T05:29:44","guid":{"rendered":"https:\/\/millinews.az\/xeber\/yenid%C9%99n-dogulmus-xalqin-s%C9%99r%C9%99f-v%C9%99-q%C9%99hr%C9%99manliq-dastani\/"},"modified":"2023-11-07T05:29:44","modified_gmt":"2023-11-07T05:29:44","slug":"yenid%C9%99n-dogulmus-xalqin-s%C9%99r%C9%99f-v%C9%99-q%C9%99hr%C9%99manliq-dastani","status":"publish","type":"post","link":"https:\/\/millitv.net\/?p=8344","title":{"rendered":"Yenid\u0259n do\u011fulmu\u015f xalq\u0131n \u015f\u0259r\u0259f v\u0259 q\u0259hr\u0259manl\u0131q dastan\u0131"},"content":{"rendered":"<div id=\"maincontent\">&#13;<br \/>\n        &#13;<\/p>\n<p><strong><span style=\"background-color: initial;\">Tarixin salnam\u0259sind\u0259 xalqlar\u0131n \u0259zmkarl\u0131\u011f\u0131n\u0131, g\u00fcc\u00fcn\u00fc m\u00fc\u0259yy\u0259n ed\u0259n m\u0259qamlar var. 44 g\u00fcnl\u00fck V\u0259t\u0259n M\u00fcharib\u0259si d\u0259  bizim \u00fc\u00e7\u00fcn  sars\u0131lmaz ruhun, birliyin v\u0259 suverenliyin b\u0259rpas\u0131  \u00fc\u00e7\u00fcn \u0259n vacib  \u00f6hd\u0259liyimizin s\u00fcbutu kimi q\u0259lbimizd\u0259 \u0259b\u0259di olaraq qalacaq m\u0259qamd\u0131r. Q\u0259l\u0259b\u0259y\u0259 aparan yol asan deyildi, \u00e7\u0259tinlikl\u0259r, qurbanlar v\u0259 q\u0259tiyy\u0259tli add\u0131mlarla yadda qald\u0131. Bununla bel\u0259, m\u0259hz bu ke\u015fm\u0259ke\u015fli vaxtlarda Az\u0259rbaycan xalq\u0131 Ali Ba\u015f Komandan\u0131n \u0259traf\u0131nda s\u0131x birl\u0259\u015fm\u0259yi bacararaq y\u00fcks\u0259k v\u0259t\u0259np\u0259rv\u0259rlik n\u00fcmayi\u015f etdirdi. \u018flb\u0259tt\u0259 b\u00fct\u00fcn bu \u00e7\u0259tinlikl\u0259r qar\u015f\u0131s\u0131nda \u00e7iyin-\u00e7iyin\u0259 m\u00f6hk\u0259m dayand\u0131q. Bu birlik h\u0259m d\u0259 bizim q\u0259l\u0259b\u0259mizin t\u0259m\u0259l da\u015f\u0131, b\u00fcn\u00f6vr\u0259si oldu.<\/span><br \/><\/strong>  <\/p>\n<p>S\u0259ri\u015ft\u0259si v\u0259 uzaqg\u00f6r\u0259nliyiyl\u0259 biz\u0259 \u0259n qaranl\u0131q g\u00fcnl\u0259rd\u0259 yol g\u00f6st\u0259r\u0259n bir lider \u2013 M\u00fcz\u0259ff\u0259r Ali Ba\u015f Komandan Prezident \u0130lham \u018fliyev m\u00fcdriklikl\u0259 v\u0259 c\u0259sar\u0259tl\u0259 ordumuza r\u0259hb\u0259rlik etdi. Onun y\u00fcks\u0259k z\u0259kas\u0131, d\u0259mir irad\u0259si v\u0259 uzaqg\u00f6r\u0259nliyi say\u0259sind\u0259 Az\u0259rbaycan\u0131n suverenliyi tam b\u0259rpa olundu v\u0259 biz V\u0259t\u0259n m\u00fcharib\u0259sind\u0259n daha g\u00fccl\u00fc v\u0259 qalibiyy\u0259tl\u0259 \u00e7\u0131xd\u0131q. Xalq\u0131m\u0131z \u00f6z m\u00fcst\u0259qilliyini v\u0259 \u00f6z m\u00fcq\u0259dd\u0259rat\u0131n\u0131 q\u00fcrurla t\u0259sdiq ed\u0259r\u0259k d\u00fcnya arenas\u0131nda \u00f6z layiqli yerini b\u0259rpa etdi. Qaraba\u011fa qay\u0131d\u0131\u015f is\u0259 bu Z\u0259f\u0259rin t\u0259nt\u0259n\u0259si olmaqla yana\u015f\u0131, h\u0259m d\u0259 Az\u0259rbaycan tarixind\u0259 yeni bir m\u0259rh\u0259l\u0259nin ba\u015flan\u011f\u0131c\u0131 oldu. Bu, \u015fadl\u0131q v\u0259 z\u0259f\u0259r an\u0131 idi, \u00e7\u00fcnki i\u015f\u011faldan azad edilmi\u015f torpaqlar yenid\u0259n h\u0259yat\u0131n v\u0259 firavanl\u0131\u011f\u0131n \u015fahidi oldu. Q\u0259l\u0259b\u0259miz t\u0259kc\u0259 torpaqlar\u0131n dir\u00e7\u0259li\u015fini deyil, h\u0259m d\u0259 C\u0259nubi Qafqazda s\u00fclh v\u0259 sabitlik d\u00f6vr\u00fcn\u00fc, region \u00fc\u00e7\u00fcn \u00fcmid i\u015f\u0131\u011f\u0131n\u0131 m\u00fcjd\u0259l\u0259di. &#13;\n  <\/p>\n<p>\u018fsg\u0259rl\u0259rimizin q\u00fcdr\u0259tli \u015f\u00fcca\u0259ti olmasayd\u0131, q\u0259l\u0259b\u0259miz m\u00fcmk\u00fcns\u00fcz olard\u0131. Onlar \u00f6n c\u0259bh\u0259d\u0259 \u0259sl q\u0259hr\u0259manl\u0131q n\u00fcmayi\u015f etdirirdi, torpa\u011f\u0131m\u0131z\u0131 qorumaq \u00fc\u00e7\u00fcn can\u0131-qan\u0131 bahas\u0131na d\u00f6y\u00fc\u015f\u00fcrd\u00fcl\u0259r. C\u0259ngav\u0259r d\u00f6y\u00fc\u015f\u00e7\u00fcl\u0259rimizin f\u0259dakarl\u0131qlar\u0131 \u00f6l\u00e7\u00fcy\u0259g\u0259lm\u0259z idi, onlar\u0131n heyr\u0259t olunas\u0131 c\u0259sar\u0259ti \u015f\u00fcca\u0259t v\u0259 v\u0259t\u0259np\u0259rv\u0259rlik t\u0259c\u0259ss\u00fcm\u00fc idi. Q\u0259l\u0259b\u0259mizin \u015f\u00f6hr\u0259tin\u0259 q\u0259rq olark\u0259n, \u015f\u0259hidl\u0259rimizin f\u0259dakarl\u0131qlar\u0131n\u0131 he\u00e7 vaxt unutmamal\u0131y\u0131q. Bu v\u0259t\u0259np\u0259rv\u0259r Az\u0259rbaycan \u00f6vladlar\u0131 b\u00fct\u00fcn t\u0259hl\u00fck\u0259l\u0259ri bil\u0259-bil\u0259, ancaq v\u0259t\u0259n\u0259 m\u0259h\u0259bb\u0259tl\u0259 h\u0259v\u0259sl\u0259 \u00f6l\u00fcm\u00fcn g\u00f6z\u00fcn\u0259 dik baxaraq ir\u0259li gedirdil\u0259r. Onlar\u0131n f\u0259dakarl\u0131\u011f\u0131 bizim q\u0259l\u0259b\u0259miz\u0259 yol a\u00e7d\u0131 v\u0259 xatir\u0259l\u0259ri \u0259b\u0259di olaraq yadda\u015flarda qalacaq.  <\/p>\n<p>Zaman\u0131n qov\u015fa\u011f\u0131nda dayand\u0131\u011f\u0131m\u0131z \u00fc\u00e7\u00fcn biz g\u0259ncl\u0259rimiz\u0259 q\u0259l\u0259b\u0259mizin \u0259sas\u0131n\u0131 t\u0259\u015fkil ed\u0259n d\u0259y\u0259rl\u0259ri bundan sonra da a\u015f\u0131lamal\u0131y\u0131q. Qoy V\u0259t\u0259np\u0259rv\u0259rlik onlar\u0131n kompas\u0131, bilik zirehi, haz\u0131rl\u0131q is\u0259 q\u0131l\u0131nc\u0131 olsun. Q\u0259hr\u0259man \u015f\u0259hidl\u0259rimizin da\u015f\u0131d\u0131\u011f\u0131 m\u0259\u015f\u0259l onlar\u0131n ir\u0259liy\u0259 do\u011fru yollar\u0131n\u0131 \u0259b\u0259di i\u015f\u0131qland\u0131rs\u0131n.   <\/p>\n<p>Q\u0259l\u0259b\u0259mizi qeyd ed\u0259rk\u0259n g\u0259lin bunu q\u00fcrur, v\u0259t\u0259np\u0259rv\u0259rlik v\u0259 minn\u0259tdarl\u0131q hissi il\u0259 ed\u0259k, \u0259min olaq ki, yolumuz bizi daha parlaq v\u0259 \u00fcmidli g\u0259l\u0259c\u0259y\u0259 apar\u0131r.  <\/p>\n<p>Z\u0259f\u0259r bayram\u0131n m\u00fcbar\u0259k, Az\u0259rbaycan!  <\/p>\n<p><strong>\u015eahin R\u0259hmanl\u0131,<\/strong>  <\/p>\n<p><strong>\u201c\u0130R\u018fL\u0130\u201d \u0130ctimai Birliyinin s\u0259dri<\/strong>&#13;<br \/>\n        &#13;<br \/>\n&#13;<br \/>\n        &#13;<br \/>\n&#13;\n        <\/p>\n<p><noscript><\/p>\n<p>You must enable Javascript on your browser for the site to work optimally and display sections completely.<\/p>\n<p><\/noscript>\t\t&#13;<br \/>\n\t\t&#13;\n    <\/div>\n<p><script type=\"text\/javascript\">jQuery(document).ready(function () {\n(function(d, s, id) {\n    var js, fjs = d.getElementsByTagName(s)[0];\n    if (d.getElementById(id))\n        return;\n    js = d.createElement(s);\n    js.id = id;\n    js.src = \"\/\/connect.facebook.net\/az_AZ\/all.js#xfbml=1&appId=1002485763137712\";\n    fjs.parentNode.insertBefore(js, fjs);\n}(document, 'script', 'facebook-jssdk'));                \n});<\/script><\/p>\n","protected":false},"excerpt":{"rendered":"<p>&#13; &#13; Tarixin salnam\u0259sind\u0259 xalqlar\u0131n \u0259zmkarl\u0131\u011f\u0131n\u0131, g\u00fcc\u00fcn\u00fc m\u00fc\u0259yy\u0259n ed\u0259n m\u0259qamlar var. 44 g\u00fcnl\u00fck V\u0259t\u0259n M\u00fcharib\u0259si d\u0259 bizim \u00fc\u00e7\u00fcn sars\u0131lmaz ruhun, birliyin v\u0259 suverenliyin b\u0259rpas\u0131 \u00fc\u00e7\u00fcn \u0259n vacib \u00f6hd\u0259liyimizin s\u00fcbutu kimi q\u0259lbimizd\u0259 \u0259b\u0259di olaraq qalacaq m\u0259qamd\u0131r. Q\u0259l\u0259b\u0259y\u0259 aparan yol asan deyildi, \u00e7\u0259tinlikl\u0259r, qurbanlar v\u0259 q\u0259tiyy\u0259tli add\u0131mlarla yadda qald\u0131. Bununla bel\u0259, m\u0259hz bu ke\u015fm\u0259ke\u015fli vaxtlarda Az\u0259rbaycan xalq\u0131 &hellip;<\/p>\n","protected":false},"author":1,"featured_media":8345,"comment_status":"open","ping_status":"closed","sticky":false,"template":"","format":"standard","meta":{"footnotes":""},"categories":[9],"tags":[],"class_list":["post-8344","post","type-post","status-publish","format-standard","has-post-thumbnail","hentry","category-xeber"],"_links":{"self":[{"href":"https:\/\/millitv.net\/index.php?rest_route=\/wp\/v2\/posts\/8344","targetHints":{"allow":["GET"]}}],"collection":[{"href":"https:\/\/millitv.net\/index.php?rest_route=\/wp\/v2\/posts"}],"about":[{"href":"https:\/\/millitv.net\/index.php?rest_route=\/wp\/v2\/types\/post"}],"author":[{"embeddable":true,"href":"https:\/\/millitv.net\/index.php?rest_route=\/wp\/v2\/users\/1"}],"replies":[{"embeddable":true,"href":"https:\/\/millitv.net\/index.php?rest_route=%2Fwp%2Fv2%2Fcomments&post=8344"}],"version-history":[{"count":0,"href":"https:\/\/millitv.net\/index.php?rest_route=\/wp\/v2\/posts\/8344\/revisions"}],"wp:featuredmedia":[{"embeddable":true,"href":"https:\/\/millitv.net\/index.php?rest_route=\/wp\/v2\/media\/8345"}],"wp:attachment":[{"href":"https:\/\/millitv.net\/index.php?rest_route=%2Fwp%2Fv2%2Fmedia&parent=8344"}],"wp:term":[{"taxonomy":"category","embeddable":true,"href":"https:\/\/millitv.net\/index.php?rest_route=%2Fwp%2Fv2%2Fcategories&post=8344"},{"taxonomy":"post_tag","embeddable":true,"href":"https:\/\/millitv.net\/index.php?rest_route=%2Fwp%2Fv2%2Ftags&post=8344"}],"curies":[{"name":"wp","href":"https:\/\/api.w.org\/{rel}","templated":true}]}}