{"id":8315,"date":"2023-11-06T18:36:30","date_gmt":"2023-11-06T18:36:30","guid":{"rendered":"https:\/\/millinews.az\/xeber\/sahib%C9%99-qafarova-xorvatiyanin-bas-naziri-il%C9%99-gorusub\/"},"modified":"2023-11-06T18:36:30","modified_gmt":"2023-11-06T18:36:30","slug":"sahib%C9%99-qafarova-xorvatiyanin-bas-naziri-il%C9%99-gorusub","status":"publish","type":"post","link":"https:\/\/millitv.net\/?p=8315","title":{"rendered":"Sahib\u0259 Qafarova Xorvatiyan\u0131n Ba\u015f naziri il\u0259 g\u00f6r\u00fc\u015f\u00fcb"},"content":{"rendered":"<div id=\"maincontent\">&#13;<br \/>\n        &#13;<\/p>\n<p><strong>Noyabr\u0131n 6-da Milli M\u0259clisin s\u0259dri Sahib\u0259 Qafarova \u00f6lk\u0259mizd\u0259 s\u0259f\u0259rd\u0259 olan Xorvatiya Respublikas\u0131n\u0131n Ba\u015f naziri Andrey Plenkovi\u00e7in r\u0259hb\u0259rlik etdiyi n\u00fcmay\u0259nd\u0259 hey\u0259tini q\u0259bul edib.<\/strong><\/p>\n<p><a href=\"https:\/\/Millinews.az\" target=\"_blank\" class=\"kw-link\" rel=\"noopener\">Millinews.az<\/a> x\u0259b\u0259r verir ki, g\u00f6r\u00fc\u015fd\u0259 Milli M\u0259clisin s\u0259dri \u00f6lk\u0259l\u0259rimizi birl\u0259\u015fdir\u0259n dostluq m\u00fcnasib\u0259tl\u0259ri v\u0259 qar\u015f\u0131l\u0131ql\u0131 faydal\u0131 \u0259m\u0259kda\u015fl\u0131qdan dan\u0131\u015f\u0131b, son ill\u0259r \u0259rzind\u0259 ikit\u0259r\u0259fli m\u00fcnasib\u0259tl\u0259rin u\u011furla inki\u015faf etdiyini v\u0259 strateji t\u0259r\u0259fda\u015fl\u0131q s\u0259viyy\u0259sin\u0259 y\u00fcks\u0259ldiyini deyib, ikit\u0259r\u0259fli m\u00fcnasib\u0259tl\u0259rin d\u0259rinl\u0259\u015fm\u0259sind\u0259 ali v\u0259 y\u00fcks\u0259k s\u0259viyy\u0259li qar\u015f\u0131l\u0131ql\u0131 s\u0259f\u0259rl\u0259rin, g\u00f6r\u00fc\u015fl\u0259rin \u0259h\u0259miyy\u0259tini vur\u011fulay\u0131b. &#13;\n<\/p>\n<p>S\u00f6hb\u0259t zaman\u0131 m\u00fcxt\u0259lif sah\u0259l\u0259rd\u0259 \u0259laq\u0259l\u0259rl\u0259 yana\u015f\u0131, humanitar sah\u0259d\u0259 d\u0259 \u0259m\u0259kda\u015fl\u0131\u011f\u0131n \u0259h\u0259miyy\u0259tin\u0259 toxunan parlamentin s\u0259dri Az\u0259rbaycan il\u0259 Xorvatiya aras\u0131nda t\u0259hsil, elm, m\u0259d\u0259niyy\u0259t sah\u0259l\u0259rind\u0259 \u0259m\u0259kda\u015fl\u0131\u011f\u0131n davam etdirilm\u0259sinin, qar\u015f\u0131l\u0131ql\u0131 \u0259sasda m\u0259d\u0259ni t\u0259dbirl\u0259rin ke\u00e7irilm\u0259si kimi f\u0259aliyy\u0259tl\u0259rin d\u0259st\u0259kl\u0259nm\u0259sinin xalqlar\u0131m\u0131z\u0131n bir-birin\u0259 daha da yax\u0131nla\u015fmas\u0131na xidm\u0259t etdiyini bildirib.<\/p>\n<p>Parlamentl\u0259raras\u0131 \u0259m\u0259kda\u015fl\u0131qdan dan\u0131\u015fan S.Qafarova bu m\u00fcnasib\u0259tl\u0259ri Az\u0259rbaycan il\u0259 Xorvatiya aras\u0131nda ikit\u0259r\u0259fli v\u0259 \u00e7oxt\u0259r\u0259fli m\u00fcnasib\u0259tl\u0259r\u0259 m\u00fcsb\u0259t t\u0259sir g\u00f6st\u0259r\u0259n m\u00fch\u00fcm amil kimi qiym\u0259tl\u0259ndirib.<\/p>\n<p>G\u00f6r\u00fc\u015fd\u0259 ikit\u0259r\u0259fli m\u00fcnasib\u0259tl\u0259rin inki\u015faf\u0131nda h\u0259r iki \u00f6lk\u0259 parlamentl\u0259rind\u0259 f\u0259aliyy\u0259t g\u00f6st\u0259r\u0259n dostluq qruplar\u0131n\u0131n rolu vur\u011fulan\u0131b, m\u00fcnt\u0259z\u0259m t\u0259maslar\u0131n, dialoq v\u0259 fikir m\u00fcbadil\u0259sinin m\u00f6vcud \u0259laq\u0259l\u0259rin d\u0259rinl\u0259\u015fdirilm\u0259sind\u0259 x\u00fcsusi rolu qeyd olunub.<\/p>\n<p>S\u00f6hb\u0259t zaman\u0131 V\u0259t\u0259n m\u00fcharib\u0259si ba\u015fa \u00e7atd\u0131qdan sonrak\u0131 d\u00f6vrd\u0259 regionda m\u00f6vcud olan v\u0259ziyy\u0259t, cari ilin sentyabr\u0131nda Az\u0259rbaycan\u0131n h\u0259yata ke\u00e7irdiyi lokal antiterror t\u0259dbirl\u0259ri, i\u015f\u011faldan azad olunmu\u015f \u0259razil\u0259rimizd\u0259 h\u0259yata ke\u00e7iril\u0259n irimiqyasl\u0131 b\u0259rpa v\u0259 quruculuq i\u015fl\u0259ri bar\u0259d\u0259 dan\u0131\u015f\u0131l\u0131b.<\/p>\n<p>Diqq\u0259t\u0259 \u00e7atd\u0131r\u0131l\u0131b ki, Az\u0259rbaycan s\u00fclh ist\u0259yir v\u0259 s\u00fclh b\u00fct\u00fcn regionda sabitliyin v\u0259 t\u0259hl\u00fck\u0259sizliyin t\u0259min olunmas\u0131na xidm\u0259t ed\u0259c\u0259k.<\/p>\n<p>Az\u0259rbaycan parlamentind\u0259 olmaqdan m\u0259mnunlu\u011funu bildir\u0259n Ba\u015f nazir Andrey Plenkovi\u00e7 \u00f6lk\u0259miz\u0259 s\u0259f\u0259rinin m\u0259qs\u0259dl\u0259ri v\u0259 ke\u00e7irdiyi g\u00f6r\u00fc\u015fl\u0259r bar\u0259d\u0259 m\u0259lumat verib. Qonaq Xorvatiya il\u0259 Az\u0259rbaycan aras\u0131nda qar\u015f\u0131l\u0131ql\u0131 s\u0259f\u0259rl\u0259rin \u00f6n\u0259mini diqq\u0259t\u0259 \u00e7atd\u0131raraq, bu s\u0259f\u0259ri \u00e7\u0259r\u00e7iv\u0259sind\u0259 bir \u00e7ox m\u0259s\u0259l\u0259l\u0259r haqq\u0131nda m\u00fczakir\u0259l\u0259r apard\u0131\u011f\u0131n\u0131 bildirib.<\/p>\n<p>G\u00f6r\u00fc\u015fd\u0259 qar\u015f\u0131l\u0131ql\u0131 maraq do\u011furan dig\u0259r m\u0259s\u0259l\u0259l\u0259r \u0259traf\u0131nda da fikir m\u00fcbadil\u0259si apar\u0131l\u0131b.&#13;<br \/>\n        &#13;<br \/>\n&#13;<br \/>\n        &#13;<br \/>\n&#13;\n        <\/p>\n<p><noscript><\/p>\n<p>You must enable Javascript on your browser for the site to work optimally and display sections completely.<\/p>\n<p><\/noscript>\t\t&#13;<br \/>\n\t\t&#13;\n    <\/div>\n<p><script type=\"text\/javascript\">jQuery(document).ready(function () {\n(function(d, s, id) {\n    var js, fjs = d.getElementsByTagName(s)[0];\n    if (d.getElementById(id))\n        return;\n    js = d.createElement(s);\n    js.id = id;\n    js.src = \"\/\/connect.facebook.net\/az_AZ\/all.js#xfbml=1&appId=1002485763137712\";\n    fjs.parentNode.insertBefore(js, fjs);\n}(document, 'script', 'facebook-jssdk'));                \n$('.fancybox').fancybox();\n});<\/script><\/p>\n","protected":false},"excerpt":{"rendered":"<p>&#13; &#13; Noyabr\u0131n 6-da Milli M\u0259clisin s\u0259dri Sahib\u0259 Qafarova \u00f6lk\u0259mizd\u0259 s\u0259f\u0259rd\u0259 olan Xorvatiya Respublikas\u0131n\u0131n Ba\u015f naziri Andrey Plenkovi\u00e7in r\u0259hb\u0259rlik etdiyi n\u00fcmay\u0259nd\u0259 hey\u0259tini q\u0259bul edib. Millinews.az x\u0259b\u0259r verir ki, g\u00f6r\u00fc\u015fd\u0259 Milli M\u0259clisin s\u0259dri \u00f6lk\u0259l\u0259rimizi birl\u0259\u015fdir\u0259n dostluq m\u00fcnasib\u0259tl\u0259ri v\u0259 qar\u015f\u0131l\u0131ql\u0131 faydal\u0131 \u0259m\u0259kda\u015fl\u0131qdan dan\u0131\u015f\u0131b, son ill\u0259r \u0259rzind\u0259 ikit\u0259r\u0259fli m\u00fcnasib\u0259tl\u0259rin u\u011furla inki\u015faf etdiyini v\u0259 strateji t\u0259r\u0259fda\u015fl\u0131q s\u0259viyy\u0259sin\u0259 y\u00fcks\u0259ldiyini deyib, &hellip;<\/p>\n","protected":false},"author":1,"featured_media":8316,"comment_status":"open","ping_status":"closed","sticky":false,"template":"","format":"standard","meta":{"footnotes":""},"categories":[9],"tags":[],"class_list":["post-8315","post","type-post","status-publish","format-standard","has-post-thumbnail","hentry","category-xeber"],"_links":{"self":[{"href":"https:\/\/millitv.net\/index.php?rest_route=\/wp\/v2\/posts\/8315","targetHints":{"allow":["GET"]}}],"collection":[{"href":"https:\/\/millitv.net\/index.php?rest_route=\/wp\/v2\/posts"}],"about":[{"href":"https:\/\/millitv.net\/index.php?rest_route=\/wp\/v2\/types\/post"}],"author":[{"embeddable":true,"href":"https:\/\/millitv.net\/index.php?rest_route=\/wp\/v2\/users\/1"}],"replies":[{"embeddable":true,"href":"https:\/\/millitv.net\/index.php?rest_route=%2Fwp%2Fv2%2Fcomments&post=8315"}],"version-history":[{"count":0,"href":"https:\/\/millitv.net\/index.php?rest_route=\/wp\/v2\/posts\/8315\/revisions"}],"wp:featuredmedia":[{"embeddable":true,"href":"https:\/\/millitv.net\/index.php?rest_route=\/wp\/v2\/media\/8316"}],"wp:attachment":[{"href":"https:\/\/millitv.net\/index.php?rest_route=%2Fwp%2Fv2%2Fmedia&parent=8315"}],"wp:term":[{"taxonomy":"category","embeddable":true,"href":"https:\/\/millitv.net\/index.php?rest_route=%2Fwp%2Fv2%2Fcategories&post=8315"},{"taxonomy":"post_tag","embeddable":true,"href":"https:\/\/millitv.net\/index.php?rest_route=%2Fwp%2Fv2%2Ftags&post=8315"}],"curies":[{"name":"wp","href":"https:\/\/api.w.org\/{rel}","templated":true}]}}