{"id":8279,"date":"2023-11-06T14:08:25","date_gmt":"2023-11-06T14:08:25","guid":{"rendered":"https:\/\/millinews.az\/xeber\/az%C9%99rbaycanda-mikro-sahibkarlara-vergi-guz%C9%99stinin-s%C9%99rtl%C9%99ri-deyisdirilir\/"},"modified":"2023-11-06T14:08:25","modified_gmt":"2023-11-06T14:08:25","slug":"az%C9%99rbaycanda-mikro-sahibkarlara-vergi-guz%C9%99stinin-s%C9%99rtl%C9%99ri-deyisdirilir","status":"publish","type":"post","link":"https:\/\/millitv.net\/?p=8279","title":{"rendered":"Az\u0259rbaycanda mikro sahibkarlara vergi g\u00fcz\u0259\u015ftinin \u015f\u0259rtl\u0259ri D\u018fY\u0130\u015eD\u0130R\u0130L\u0130R"},"content":{"rendered":"<div id=\"maincontent\">&#13;<br \/>\n        &#13;<\/p>\n<p><strong>G\u0259l\u0259n ild\u0259n Az\u0259rbaycanda muzdlu i\u015f\u00e7il\u0259rinin orta ayl\u0131q say\u0131 3-d\u0259n az olan v\u0259 m\u0259cburi d\u00f6vl\u0259t sosial s\u0131\u011forta haqlar\u0131 \u00fczr\u0259 borcu olan mikro sahibkarlar g\u0259lirl\u0259rinin 5 %-i q\u0259d\u0259r deyil, 20 %-i q\u0259d\u0259r vergi \u00f6d\u0259y\u0259c\u0259kl\u0259r, ba\u015fqa s\u00f6zl\u0259, onlar \u00fc\u00e7\u00fcn 75 %-lik vergi g\u00fcz\u0259\u015fti v\u0259 azadolma t\u0259tbiq edilm\u0259y\u0259c\u0259k.<\/strong><\/p>\n<p><a href=\"https:\/\/Millinews.az\" target=\"_blank\" class=\"kw-link\" rel=\"noopener\">Millinews.az<\/a> x\u0259b\u0259r verir ki, bu, Vergi M\u0259c\u0259ll\u0259sind\u0259 d\u0259yi\u015fiklik edilm\u0259si bar\u0259d\u0259 qanun layih\u0259sind\u0259 \u00f6z \u0259ksini tap\u0131b. &#13;\n<\/p>\n<p>S\u0259n\u0259d\u0259 \u0259sas\u0259n, vergi \u00f6d\u0259yicisi vergi g\u00fcz\u0259\u015ftinin t\u0259tbiqi m\u0259qs\u0259dil\u0259 \u015f\u0259rtl\u0259r\u0259 cavab verm\u0259dikd\u0259, n\u00f6vb\u0259ti hesabat ilind\u0259 mikro sahibkarl\u0131q subyektind\u0259n dig\u0259r kateqoriya sahibkarl\u0131q subyektin\u0259 ke\u00e7dikd\u0259 f\u0259rdi sahibkar\u0131n mikro sahibkar oldu\u011fu \u0259vv\u0259lki 3 t\u0259qvim ilinin yekunlar\u0131na g\u00f6r\u0259 hesablanm\u0131\u015f v\u0259 \u00f6d\u0259nilmi\u015f g\u0259lir vergisinin 75 %-i q\u0259d\u0259r vergi g\u00fcz\u0259\u015fti m\u00fc\u0259yy\u0259n edilm\u0259dikd\u0259 dig\u0259r sahibkarl\u0131q subyekti oldu\u011fu d\u00f6vrl\u0259rd\u0259 g\u0259lir vergisi \u00f6hd\u0259liyind\u0259n \u00e7\u0131x\u0131l\u0131r.&#13;<br \/>\n        &#13;<br \/>\n&#13;<br \/>\n        &#13;<br \/>\n&#13;\n        <\/p>\n<p><noscript><\/p>\n<p>You must enable Javascript on your browser for the site to work optimally and display sections completely.<\/p>\n<p><\/noscript>\t\t&#13;<br \/>\n\t\t&#13;\n    <\/div>\n<p><script type=\"text\/javascript\">jQuery(document).ready(function () {\n(function(d, s, id) {\n    var js, fjs = d.getElementsByTagName(s)[0];\n    if (d.getElementById(id))\n        return;\n    js = d.createElement(s);\n    js.id = id;\n    js.src = \"\/\/connect.facebook.net\/az_AZ\/all.js#xfbml=1&appId=1002485763137712\";\n    fjs.parentNode.insertBefore(js, fjs);\n}(document, 'script', 'facebook-jssdk'));                \n});<\/script><\/p>\n","protected":false},"excerpt":{"rendered":"<p>&#13; &#13; G\u0259l\u0259n ild\u0259n Az\u0259rbaycanda muzdlu i\u015f\u00e7il\u0259rinin orta ayl\u0131q say\u0131 3-d\u0259n az olan v\u0259 m\u0259cburi d\u00f6vl\u0259t sosial s\u0131\u011forta haqlar\u0131 \u00fczr\u0259 borcu olan mikro sahibkarlar g\u0259lirl\u0259rinin 5 %-i q\u0259d\u0259r deyil, 20 %-i q\u0259d\u0259r vergi \u00f6d\u0259y\u0259c\u0259kl\u0259r, ba\u015fqa s\u00f6zl\u0259, onlar \u00fc\u00e7\u00fcn 75 %-lik vergi g\u00fcz\u0259\u015fti v\u0259 azadolma t\u0259tbiq edilm\u0259y\u0259c\u0259k. Millinews.az x\u0259b\u0259r verir ki, bu, Vergi M\u0259c\u0259ll\u0259sind\u0259 d\u0259yi\u015fiklik edilm\u0259si &hellip;<\/p>\n","protected":false},"author":1,"featured_media":8280,"comment_status":"open","ping_status":"closed","sticky":false,"template":"","format":"standard","meta":{"footnotes":""},"categories":[9],"tags":[],"class_list":["post-8279","post","type-post","status-publish","format-standard","has-post-thumbnail","hentry","category-xeber"],"_links":{"self":[{"href":"https:\/\/millitv.net\/index.php?rest_route=\/wp\/v2\/posts\/8279","targetHints":{"allow":["GET"]}}],"collection":[{"href":"https:\/\/millitv.net\/index.php?rest_route=\/wp\/v2\/posts"}],"about":[{"href":"https:\/\/millitv.net\/index.php?rest_route=\/wp\/v2\/types\/post"}],"author":[{"embeddable":true,"href":"https:\/\/millitv.net\/index.php?rest_route=\/wp\/v2\/users\/1"}],"replies":[{"embeddable":true,"href":"https:\/\/millitv.net\/index.php?rest_route=%2Fwp%2Fv2%2Fcomments&post=8279"}],"version-history":[{"count":0,"href":"https:\/\/millitv.net\/index.php?rest_route=\/wp\/v2\/posts\/8279\/revisions"}],"wp:featuredmedia":[{"embeddable":true,"href":"https:\/\/millitv.net\/index.php?rest_route=\/wp\/v2\/media\/8280"}],"wp:attachment":[{"href":"https:\/\/millitv.net\/index.php?rest_route=%2Fwp%2Fv2%2Fmedia&parent=8279"}],"wp:term":[{"taxonomy":"category","embeddable":true,"href":"https:\/\/millitv.net\/index.php?rest_route=%2Fwp%2Fv2%2Fcategories&post=8279"},{"taxonomy":"post_tag","embeddable":true,"href":"https:\/\/millitv.net\/index.php?rest_route=%2Fwp%2Fv2%2Ftags&post=8279"}],"curies":[{"name":"wp","href":"https:\/\/api.w.org\/{rel}","templated":true}]}}