{"id":8267,"date":"2023-11-06T13:30:07","date_gmt":"2023-11-06T13:30:07","guid":{"rendered":"https:\/\/millinews.az\/xeber\/h%C9%99min-siyahida-sabiq-nazirin-n%C9%99v%C9%99si-d%C9%99-var-imis\/"},"modified":"2023-11-06T13:30:07","modified_gmt":"2023-11-06T13:30:07","slug":"h%C9%99min-siyahida-sabiq-nazirin-n%C9%99v%C9%99si-d%C9%99-var-imis","status":"publish","type":"post","link":"https:\/\/millitv.net\/?p=8267","title":{"rendered":"H\u0259min siyah\u0131da sabiq nazirin n\u0259v\u0259si d\u0259 var imi\u015f"},"content":{"rendered":"<div id=\"maincontent\">&#13;<br \/>\n        &#13;<\/p>\n<p><strong>X\u0259b\u0259r verdiyimiz kimi, &#8220;Avroviziya 2024&#8221; mahn\u0131 m\u00fcsabiq\u0259sind\u0259 \u00f6lk\u0259mizi t\u0259msil ed\u0259c\u0259k i\u015ftirak\u00e7\u0131n\u0131n se\u00e7iml\u0259ri ba\u015flay\u0131b.<\/strong><\/p>\n<p><a href=\"https:\/\/Millinews.az\" target=\"_blank\" class=\"kw-link\" rel=\"noopener\">Millinews.az<\/a> Ax\u015fam.az-a istinad\u0259n bildirir ki, namiz\u0259dl\u0259r aras\u0131nda m\u0259rhum energetika naziri Natiq \u018fliyevin n\u0259v\u0259si Aliy\u0259 \u018fliyeva da yer al\u0131b. O, se\u00e7im turlar\u0131na Lexa ad\u0131 il\u0259 qat\u0131l\u0131b. &#13;\n<\/p>\n<p>Lexa 16 i\u015ftirak\u00e7\u0131 siyah\u0131s\u0131na d\u00fc\u015fs\u0259 d\u0259, canl\u0131 dinl\u0259m\u0259l\u0259rd\u0259n n\u00f6vb\u0259ti m\u0259rh\u0259l\u0259y\u0259 ke\u00e7\u0259 bilm\u0259yib.<\/p>\n<p>&#8220;M\u0259ni d\u0259st\u0259kl\u0259y\u0259n h\u0259r k\u0259s\u0259 d\u0259rin t\u0259\u015f\u0259kk\u00fcr\u00fcm\u00fc bildirir\u0259m. M\u0259ni d\u0259st\u0259kl\u0259m\u0259niz v\u0259 sevginiz i\u015fimi daha da d\u0259y\u0259rli hiss etdirdi. Bu yolda bir \u00e7ox \u0259yl\u0259nc\u0259li anlar ya\u015fad\u0131m. Bu t\u0259cr\u00fcb\u0259ni ke\u00e7diyim \u00fc\u00e7\u00fcn \u00f6z\u00fcml\u0259 f\u0259xr edir\u0259m. \u00c7ox sayda layih\u0259l\u0259rim var. Onlar\u0131n \u00fcz\u0259rind\u0259 i\u015fl\u0259yib, sizinl\u0259 b\u00f6l\u00fc\u015f\u0259c\u0259y\u0259m. Yar\u0131\u015fmada qalan i\u015ftirak\u00e7\u0131lara u\u011furlar arzulay\u0131ram&#8221; dey\u0259, Aliy\u0259 payla\u015f\u0131m\u0131nda yaz\u0131b.<\/p>\n<p>Qeyd ed\u0259k ki, Aliy\u0259 N.\u018fliyevin o\u011flu F\u0259rhad \u018fliyevin ilk evliliyind\u0259n olan q\u0131z\u0131d\u0131r. F.\u018fliyev haz\u0131rda &#8220;Avroviziya&#8221; t\u0259msil\u00e7il\u0259rimizd\u0259n olan Safur\u0259 \u018flizad\u0259 il\u0259 ail\u0259lidir. Onun bu nikahdan 3 \u00f6vlad\u0131 var.<\/p>\n<p>Aliy\u0259 bundan \u0259vv\u0259l &#8220;Zima&#8221; u\u015faq festival\u0131na qat\u0131l\u0131b.<\/p>\n<p><img decoding=\"async\" src=\"https:\/\/Millinews.az\/uploads\/317\/0ea69c62e1-291699268832.jpg\" alt=\"\" title=\"\"><\/p>\n<p><img decoding=\"async\" src=\"https:\/\/Millinews.az\/uploads\/317\/ad3b338de4-541699268832.jpg\" alt=\"\" title=\"\">&#13;<br \/>\n        &#13;<br \/>\n&#13;<br \/>\n        &#13;<br \/>\n&#13;\n        <\/p>\n<p><noscript><\/p>\n<p>You must enable Javascript on your browser for the site to work optimally and display sections completely.<\/p>\n<p><\/noscript>\t\t&#13;<br \/>\n\t\t&#13;\n    <\/div>\n<p><script type=\"text\/javascript\">jQuery(document).ready(function () {\n(function(d, s, id) {\n    var js, fjs = d.getElementsByTagName(s)[0];\n    if (d.getElementById(id))\n        return;\n    js = d.createElement(s);\n    js.id = id;\n    js.src = \"\/\/connect.facebook.net\/az_AZ\/all.js#xfbml=1&appId=1002485763137712\";\n    fjs.parentNode.insertBefore(js, fjs);\n}(document, 'script', 'facebook-jssdk'));                \n});<\/script><\/p>\n","protected":false},"excerpt":{"rendered":"<p>&#13; &#13; X\u0259b\u0259r verdiyimiz kimi, &#8220;Avroviziya 2024&#8221; mahn\u0131 m\u00fcsabiq\u0259sind\u0259 \u00f6lk\u0259mizi t\u0259msil ed\u0259c\u0259k i\u015ftirak\u00e7\u0131n\u0131n se\u00e7iml\u0259ri ba\u015flay\u0131b. Millinews.az Ax\u015fam.az-a istinad\u0259n bildirir ki, namiz\u0259dl\u0259r aras\u0131nda m\u0259rhum energetika naziri Natiq \u018fliyevin n\u0259v\u0259si Aliy\u0259 \u018fliyeva da yer al\u0131b. O, se\u00e7im turlar\u0131na Lexa ad\u0131 il\u0259 qat\u0131l\u0131b. &#13; Lexa 16 i\u015ftirak\u00e7\u0131 siyah\u0131s\u0131na d\u00fc\u015fs\u0259 d\u0259, canl\u0131 dinl\u0259m\u0259l\u0259rd\u0259n n\u00f6vb\u0259ti m\u0259rh\u0259l\u0259y\u0259 ke\u00e7\u0259 bilm\u0259yib. &#8220;M\u0259ni d\u0259st\u0259kl\u0259y\u0259n &hellip;<\/p>\n","protected":false},"author":1,"featured_media":8268,"comment_status":"open","ping_status":"closed","sticky":false,"template":"","format":"standard","meta":{"footnotes":""},"categories":[9],"tags":[],"class_list":["post-8267","post","type-post","status-publish","format-standard","has-post-thumbnail","hentry","category-xeber"],"_links":{"self":[{"href":"https:\/\/millitv.net\/index.php?rest_route=\/wp\/v2\/posts\/8267","targetHints":{"allow":["GET"]}}],"collection":[{"href":"https:\/\/millitv.net\/index.php?rest_route=\/wp\/v2\/posts"}],"about":[{"href":"https:\/\/millitv.net\/index.php?rest_route=\/wp\/v2\/types\/post"}],"author":[{"embeddable":true,"href":"https:\/\/millitv.net\/index.php?rest_route=\/wp\/v2\/users\/1"}],"replies":[{"embeddable":true,"href":"https:\/\/millitv.net\/index.php?rest_route=%2Fwp%2Fv2%2Fcomments&post=8267"}],"version-history":[{"count":0,"href":"https:\/\/millitv.net\/index.php?rest_route=\/wp\/v2\/posts\/8267\/revisions"}],"wp:featuredmedia":[{"embeddable":true,"href":"https:\/\/millitv.net\/index.php?rest_route=\/wp\/v2\/media\/8268"}],"wp:attachment":[{"href":"https:\/\/millitv.net\/index.php?rest_route=%2Fwp%2Fv2%2Fmedia&parent=8267"}],"wp:term":[{"taxonomy":"category","embeddable":true,"href":"https:\/\/millitv.net\/index.php?rest_route=%2Fwp%2Fv2%2Fcategories&post=8267"},{"taxonomy":"post_tag","embeddable":true,"href":"https:\/\/millitv.net\/index.php?rest_route=%2Fwp%2Fv2%2Ftags&post=8267"}],"curies":[{"name":"wp","href":"https:\/\/api.w.org\/{rel}","templated":true}]}}