{"id":8259,"date":"2023-11-06T12:58:48","date_gmt":"2023-11-06T12:58:48","guid":{"rendered":"https:\/\/millinews.az\/xeber\/ceyhun-bayramov-ruminiya-bas-naziri-il%C9%99-gorusdu\/"},"modified":"2023-11-06T12:58:48","modified_gmt":"2023-11-06T12:58:48","slug":"ceyhun-bayramov-ruminiya-bas-naziri-il%C9%99-gorusdu","status":"publish","type":"post","link":"https:\/\/millitv.net\/?p=8259","title":{"rendered":"Ceyhun Bayramov Rum\u0131niya Ba\u015f naziri il\u0259 g\u00f6r\u00fc\u015fd\u00fc"},"content":{"rendered":"<div id=\"maincontent\">&#13;<br \/>\n        &#13;<\/p>\n<p><strong>Xarici i\u015fl\u0259r naziri Ceyhun Bayramov Rum\u0131niyaya r\u0259smi s\u0259f\u0259ri \u00e7\u0259r\u00e7iv\u0259sind\u0259 bu \u00f6lk\u0259nin Ba\u015f naziri Mar\u00e7el \u00c7olaku il\u0259 g\u00f6r\u00fc\u015f\u00fcb.<\/strong><\/p>\n<p>X\u0130N-d\u0259n <a href=\"https:\/\/Millinews.az\" target=\"_blank\" class=\"kw-link\" rel=\"noopener\">Millinews.az<\/a>-a veril\u0259n x\u0259b\u0259r\u0259 g\u00f6r\u0259, t\u0259r\u0259fl\u0259r Az\u0259rbaycanla Rum\u0131niya aras\u0131nda \u0259n\u0259n\u0259vi dostluq v\u0259 strateji t\u0259r\u0259fda\u015fl\u0131q m\u00fcnasib\u0259tl\u0259rinin s\u0259viyy\u0259sind\u0259n m\u0259mnunluq ifad\u0259 ed\u0259r\u0259k, qar\u015f\u0131l\u0131ql\u0131 s\u0259f\u0259rl\u0259rin, y\u00fcks\u0259k s\u0259viyy\u0259li dialoqun, habel\u0259 m\u00fct\u0259madi \u0259sasda siyasi m\u0259sl\u0259h\u0259tl\u0259\u015fm\u0259l\u0259rin intensivl\u0259\u015fm\u0259sinin iki \u00f6lk\u0259 aras\u0131nda iqtisadi, humanitar, t\u0259hl\u00fck\u0259sizlik, t\u0259hsil v\u0259 dig\u0259r yeni sah\u0259l\u0259r \u00fczr\u0259 \u0259m\u0259kda\u015fl\u0131\u011f\u0131n inki\u015faf\u0131na t\u0259kan ver\u0259c\u0259yini vur\u011fulay\u0131blar.<\/p>\n<p>\u0130ki \u00f6lk\u0259 aras\u0131nda \u00e7ox\u00f6l\u00e7\u00fcl\u00fc strateji t\u0259r\u0259fda\u015fl\u0131\u011f\u0131n inki\u015faf etdirilm\u0259sinin \u00f6n\u0259min\u0259 toxunulub v\u0259 parlamentl\u0259raras\u0131 m\u00fcnasib\u0259tl\u0259rin inki\u015faf\u0131, regional v\u0259 beyn\u0259lxalq t\u0259\u015fkilatlar \u00e7\u0259r\u00e7iv\u0259sind\u0259 \u0259m\u0259kda\u015fl\u0131\u011f\u0131n g\u00fccl\u0259ndirilm\u0259si istiqam\u0259tind\u0259 fikir m\u00fcbadil\u0259si apar\u0131l\u0131b.<\/p>\n<p>Nazir Ceyhun Bayramov m\u00fcqabil t\u0259r\u0259fi Az\u0259rbaycan\u0131n C\u0259nubi Qafqaz regionunda dayan\u0131ql\u0131 s\u00fclh\u00fcn t\u0259sis edilm\u0259si planlar\u0131 v\u0259 bu istiqam\u0259td\u0259 at\u0131lan praktiki add\u0131mlar, habel\u0259 Erm\u0259nistanla normalla\u015fma g\u00fcnd\u0259liyi bar\u0259d\u0259 m\u0259lumatland\u0131r\u0131b. &#13;\n<\/p>\n<p>G\u00f6r\u00fc\u015fd\u0259 yeni \u0259m\u0259kda\u015fl\u0131q istiqam\u0259tl\u0259ri v\u0259 qar\u015f\u0131l\u0131ql\u0131 maraq k\u0259sb ed\u0259n dig\u0259r m\u00f6vzular \u0259traf\u0131nda fikir m\u00fcbadil\u0259si apar\u0131l\u0131b.<\/p>\n<p><noscript><\/p>\n<p>You must enable Javascript on your browser for the site to work optimally and display sections completely.<\/p>\n<p><\/noscript>\t\t&#13;<br \/>\n\t\t&#13;\n    <\/div>\n<p><script type=\"text\/javascript\">jQuery(document).ready(function () {\n(function(d, s, id) {\n    var js, fjs = d.getElementsByTagName(s)[0];\n    if (d.getElementById(id))\n        return;\n    js = d.createElement(s);\n    js.id = id;\n    js.src = \"\/\/connect.facebook.net\/az_AZ\/all.js#xfbml=1&appId=1002485763137712\";\n    fjs.parentNode.insertBefore(js, fjs);\n}(document, 'script', 'facebook-jssdk'));                \n});<\/script><\/p>\n","protected":false},"excerpt":{"rendered":"<p>&#13; &#13; Xarici i\u015fl\u0259r naziri Ceyhun Bayramov Rum\u0131niyaya r\u0259smi s\u0259f\u0259ri \u00e7\u0259r\u00e7iv\u0259sind\u0259 bu \u00f6lk\u0259nin Ba\u015f naziri Mar\u00e7el \u00c7olaku il\u0259 g\u00f6r\u00fc\u015f\u00fcb. X\u0130N-d\u0259n Millinews.az-a veril\u0259n x\u0259b\u0259r\u0259 g\u00f6r\u0259, t\u0259r\u0259fl\u0259r Az\u0259rbaycanla Rum\u0131niya aras\u0131nda \u0259n\u0259n\u0259vi dostluq v\u0259 strateji t\u0259r\u0259fda\u015fl\u0131q m\u00fcnasib\u0259tl\u0259rinin s\u0259viyy\u0259sind\u0259n m\u0259mnunluq ifad\u0259 ed\u0259r\u0259k, qar\u015f\u0131l\u0131ql\u0131 s\u0259f\u0259rl\u0259rin, y\u00fcks\u0259k s\u0259viyy\u0259li dialoqun, habel\u0259 m\u00fct\u0259madi \u0259sasda siyasi m\u0259sl\u0259h\u0259tl\u0259\u015fm\u0259l\u0259rin intensivl\u0259\u015fm\u0259sinin iki \u00f6lk\u0259 aras\u0131nda iqtisadi, humanitar, t\u0259hl\u00fck\u0259sizlik, &hellip;<\/p>\n","protected":false},"author":1,"featured_media":8260,"comment_status":"open","ping_status":"closed","sticky":false,"template":"","format":"standard","meta":{"footnotes":""},"categories":[9],"tags":[],"class_list":["post-8259","post","type-post","status-publish","format-standard","has-post-thumbnail","hentry","category-xeber"],"_links":{"self":[{"href":"https:\/\/millitv.net\/index.php?rest_route=\/wp\/v2\/posts\/8259","targetHints":{"allow":["GET"]}}],"collection":[{"href":"https:\/\/millitv.net\/index.php?rest_route=\/wp\/v2\/posts"}],"about":[{"href":"https:\/\/millitv.net\/index.php?rest_route=\/wp\/v2\/types\/post"}],"author":[{"embeddable":true,"href":"https:\/\/millitv.net\/index.php?rest_route=\/wp\/v2\/users\/1"}],"replies":[{"embeddable":true,"href":"https:\/\/millitv.net\/index.php?rest_route=%2Fwp%2Fv2%2Fcomments&post=8259"}],"version-history":[{"count":0,"href":"https:\/\/millitv.net\/index.php?rest_route=\/wp\/v2\/posts\/8259\/revisions"}],"wp:featuredmedia":[{"embeddable":true,"href":"https:\/\/millitv.net\/index.php?rest_route=\/wp\/v2\/media\/8260"}],"wp:attachment":[{"href":"https:\/\/millitv.net\/index.php?rest_route=%2Fwp%2Fv2%2Fmedia&parent=8259"}],"wp:term":[{"taxonomy":"category","embeddable":true,"href":"https:\/\/millitv.net\/index.php?rest_route=%2Fwp%2Fv2%2Fcategories&post=8259"},{"taxonomy":"post_tag","embeddable":true,"href":"https:\/\/millitv.net\/index.php?rest_route=%2Fwp%2Fv2%2Ftags&post=8259"}],"curies":[{"name":"wp","href":"https:\/\/api.w.org\/{rel}","templated":true}]}}