{"id":8254,"date":"2023-11-06T12:39:08","date_gmt":"2023-11-06T12:39:08","guid":{"rendered":"https:\/\/millinews.az\/xeber\/ilham-eliyevin-xorvatiyanin-bas-naziri-il%C9%99-t%C9%99kb%C9%99t%C9%99k-gorusu-olub\/"},"modified":"2023-11-06T12:39:08","modified_gmt":"2023-11-06T12:39:08","slug":"ilham-eliyevin-xorvatiyanin-bas-naziri-il%C9%99-t%C9%99kb%C9%99t%C9%99k-gorusu-olub","status":"publish","type":"post","link":"https:\/\/millitv.net\/?p=8254","title":{"rendered":"\u0130lham \u018fliyevin Xorvatiyan\u0131n Ba\u015f naziri il\u0259 t\u0259kb\u0259t\u0259k g\u00f6r\u00fc\u015f\u00fc olub"},"content":{"rendered":"<div id=\"maincontent\">&#13;<br \/>\n        &#13;<\/p>\n<p><strong>Noyabr\u0131n 6-da Az\u0259rbaycan Respublikas\u0131n\u0131n Prezidenti \u0130lham \u018fliyevin Xorvatiya Respublikas\u0131n\u0131n Ba\u015f naziri Andrey Plenkovi\u00e7 il\u0259 t\u0259kb\u0259t\u0259k g\u00f6r\u00fc\u015f\u00fc olub.<\/strong><\/p>\n<p><a href=\"https:\/\/Millinews.az\" target=\"_blank\" class=\"kw-link\" rel=\"noopener\">Millinews.az<\/a> x\u0259b\u0259r verir ki, sonra n\u00fcmay\u0259nd\u0259 hey\u0259tl\u0259rinin i\u015ftirak\u0131 il\u0259 Az\u0259rbaycan Prezidenti \u0130lham \u018fliyevin v\u0259 Xorvatiyan\u0131n Ba\u015f naziri Andrey Plenkovi\u00e7in nahar \u0259snas\u0131nda geni\u015f t\u0259rkibd\u0259 g\u00f6r\u00fc\u015f\u00fc olub. &#13;\n<\/p>\n<p>***<\/p>\n<p>Noyabr\u0131n 6-da Az\u0259rbaycan Respublikas\u0131n\u0131n Prezidenti \u0130lham \u018fliyevin Xorvatiya Respublikas\u0131n\u0131n Ba\u015f naziri Andrey Plenkovi\u00e7 il\u0259 t\u0259kb\u0259t\u0259k g\u00f6r\u00fc\u015f\u00fc olub.<\/p>\n<p>Bu bar\u0259d\u0259 Prezidentin M\u0259tbuat Xidm\u0259ti m\u0259lumat yay\u0131b.<\/p>\n<p>***<\/p>\n<p><strong>14:37<\/strong><\/p>\n<p><strong>Noyabr\u0131n 6-da Az\u0259rbaycan Respublikas\u0131n\u0131n Prezidenti \u0130lham \u018fliyevin Xorvatiya Respublikas\u0131n\u0131n Ba\u015f naziri Andrey Plenkovi\u00e7 il\u0259 t\u0259kb\u0259t\u0259k g\u00f6r\u00fc\u015f\u00fc ba\u015flay\u0131b.<\/strong><\/p>\n<p><a href=\"https:\/\/Millinews.az\" target=\"_blank\" class=\"kw-link\" rel=\"noopener\">Millinews.az<\/a> x\u0259b\u0259r verir ki, bu bar\u0259d\u0259 Prezidentin M\u0259tbuat Xidm\u0259ti m\u0259lumat yay\u0131b.&#13;<br \/>\n        &#13;<br \/>\n&#13;<br \/>\n        &#13;<br \/>\n&#13;\n        <\/p>\n<p><noscript><\/p>\n<p>You must enable Javascript on your browser for the site to work optimally and display sections completely.<\/p>\n<p><\/noscript>\t\t&#13;<br \/>\n\t\t&#13;\n    <\/div>\n<p><script type=\"text\/javascript\">jQuery(document).ready(function () {\n(function(d, s, id) {\n    var js, fjs = d.getElementsByTagName(s)[0];\n    if (d.getElementById(id))\n        return;\n    js = d.createElement(s);\n    js.id = id;\n    js.src = \"\/\/connect.facebook.net\/az_AZ\/all.js#xfbml=1&appId=1002485763137712\";\n    fjs.parentNode.insertBefore(js, fjs);\n}(document, 'script', 'facebook-jssdk'));                \n});<\/script><\/p>\n","protected":false},"excerpt":{"rendered":"<p>&#13; &#13; Noyabr\u0131n 6-da Az\u0259rbaycan Respublikas\u0131n\u0131n Prezidenti \u0130lham \u018fliyevin Xorvatiya Respublikas\u0131n\u0131n Ba\u015f naziri Andrey Plenkovi\u00e7 il\u0259 t\u0259kb\u0259t\u0259k g\u00f6r\u00fc\u015f\u00fc olub. Millinews.az x\u0259b\u0259r verir ki, sonra n\u00fcmay\u0259nd\u0259 hey\u0259tl\u0259rinin i\u015ftirak\u0131 il\u0259 Az\u0259rbaycan Prezidenti \u0130lham \u018fliyevin v\u0259 Xorvatiyan\u0131n Ba\u015f naziri Andrey Plenkovi\u00e7in nahar \u0259snas\u0131nda geni\u015f t\u0259rkibd\u0259 g\u00f6r\u00fc\u015f\u00fc olub. &#13; *** Noyabr\u0131n 6-da Az\u0259rbaycan Respublikas\u0131n\u0131n Prezidenti \u0130lham \u018fliyevin Xorvatiya Respublikas\u0131n\u0131n &hellip;<\/p>\n","protected":false},"author":1,"featured_media":8255,"comment_status":"open","ping_status":"closed","sticky":false,"template":"","format":"standard","meta":{"footnotes":""},"categories":[9],"tags":[],"class_list":["post-8254","post","type-post","status-publish","format-standard","has-post-thumbnail","hentry","category-xeber"],"_links":{"self":[{"href":"https:\/\/millitv.net\/index.php?rest_route=\/wp\/v2\/posts\/8254","targetHints":{"allow":["GET"]}}],"collection":[{"href":"https:\/\/millitv.net\/index.php?rest_route=\/wp\/v2\/posts"}],"about":[{"href":"https:\/\/millitv.net\/index.php?rest_route=\/wp\/v2\/types\/post"}],"author":[{"embeddable":true,"href":"https:\/\/millitv.net\/index.php?rest_route=\/wp\/v2\/users\/1"}],"replies":[{"embeddable":true,"href":"https:\/\/millitv.net\/index.php?rest_route=%2Fwp%2Fv2%2Fcomments&post=8254"}],"version-history":[{"count":0,"href":"https:\/\/millitv.net\/index.php?rest_route=\/wp\/v2\/posts\/8254\/revisions"}],"wp:featuredmedia":[{"embeddable":true,"href":"https:\/\/millitv.net\/index.php?rest_route=\/wp\/v2\/media\/8255"}],"wp:attachment":[{"href":"https:\/\/millitv.net\/index.php?rest_route=%2Fwp%2Fv2%2Fmedia&parent=8254"}],"wp:term":[{"taxonomy":"category","embeddable":true,"href":"https:\/\/millitv.net\/index.php?rest_route=%2Fwp%2Fv2%2Fcategories&post=8254"},{"taxonomy":"post_tag","embeddable":true,"href":"https:\/\/millitv.net\/index.php?rest_route=%2Fwp%2Fv2%2Ftags&post=8254"}],"curies":[{"name":"wp","href":"https:\/\/api.w.org\/{rel}","templated":true}]}}