{"id":8250,"date":"2023-11-06T12:25:49","date_gmt":"2023-11-06T12:25:49","guid":{"rendered":"https:\/\/millinews.az\/xeber\/evim%C9%99-gor%C9%99-qadinlar-m%C9%99n%C9%99-evlilik-t%C9%99klifi-edirl%C9%99r\/"},"modified":"2023-11-06T12:25:49","modified_gmt":"2023-11-06T12:25:49","slug":"evim%C9%99-gor%C9%99-qadinlar-m%C9%99n%C9%99-evlilik-t%C9%99klifi-edirl%C9%99r","status":"publish","type":"post","link":"https:\/\/millitv.net\/?p=8250","title":{"rendered":"\u201cEvim\u0259 g\u00f6r\u0259, qad\u0131nlar m\u0259n\u0259 evlilik t\u0259klifi edirl\u0259r\u201d"},"content":{"rendered":"<div id=\"maincontent\">&#13;<br \/>\n        &#13;<\/p>\n<p><strong>\u201cBizd\u0259 \u00e7ox g\u00f6z\u0259l qad\u0131nlar var. Bax\u0131ram v\u0259 f\u0259xr edir\u0259m ki, bizim bel\u0259 g\u00f6z\u0259l qad\u0131nlar\u0131m\u0131z var. Amma cavanlara bax\u0131b qa\u00e7\u0131ram. \u00c7\u00fcnki onlar ba\u015fqa c\u00fcrd\u00fcrl\u0259r. Onlar\u0131n z\u00f6vql\u0259ri korlan\u0131b. \u0130ndi zaman\u0259 ba\u015fqad\u0131r\u201d. <\/strong><\/p>\n<p><a href=\"https:\/\/Millinews.az\" target=\"_blank\" class=\"kw-link\" rel=\"noopener\">Millinews.az<\/a> Bizim.Media-ya istinad\u0259n x\u0259b\u0259r verir ki, bu s\u00f6zl\u0259ri Xalq artisti Cavan Zeynall\u0131 qonaq oldu\u011fu \u201cElgizl\u0259 izl\u0259\u201d ictimai-sosial verili\u015find\u0259 deyib. <\/p>\n<p>78 ya\u015fl\u0131 s\u0259n\u0259tkar bildirib ki, h\u0259yat yolda\u015f\u0131 R\u00f6ya xan\u0131m\u0131 itir\u0259nd\u0259n sonra b\u0131r s\u0131ra qad\u0131nlar ona evl\u0259nm\u0259k t\u0259klifi edibl\u0259r: <\/p>\n<p><q>Bu yax\u0131nlarda qad\u0131nlardan biri m\u0259n\u0259 evlilik t\u0259klifi etdi. S\u00f6yl\u0259di ki, Cavan m\u00fc\u0259llim g\u0259lin evl\u0259n\u0259k. \u00d6z\u00fc d\u0259 bax\u0131rsan, h\u0259min qad\u0131n \u00e7ox g\u00f6z\u0259ldir. Deyir ki, sabah sizinl\u0259 z\u0259ngl\u0259\u015f\u0259k. Amma m\u0259n bilir\u0259m ki, o m\u0259n\u0259 bu t\u0259klifi evimin oldu\u011funa g\u00f6r\u0259 edir&#8221;.<\/q><br \/>Qeyd ed\u0259k ki, Cavan Zeynall\u0131 2 d\u0259f\u0259 ail\u0259 h\u0259yat\u0131 qurub. \u0130lk d\u0259f\u0259 Moskvada evl\u0259n\u0259n s\u0259n\u0259tkar\u0131n 1981-ci il t\u0259v\u0259ll\u00fcdl\u00fc Nata\u015fa adl\u0131 bir q\u0131z\u0131 vard\u0131r. Musiqi\u00e7i ikinci d\u0259f\u0259 1996-c\u0131 ild\u0259 R\u00f6ya xan\u0131mla ail\u0259 h\u0259yat\u0131 qurub. C. Zeynall\u0131n\u0131n h\u0259yat yolda\u015f\u0131 R\u00f6ya xan\u0131m \u00f6t\u0259n ilin dekabr ay\u0131nda iflicd\u0259n d\u00fcnyas\u0131n\u0131 d\u0259yi\u015fib.  <br \/>&#13;\n<\/p>\n<p><iframe loading=\"lazy\" allow=\"autoplay; encrypted-media\" allowfullscreen=\"\" frameborder=\"0\" height=\"360\" seamless=\"\" src=\"https:\/\/player.bizim.media\/?v=23578\" width=\"640\" style=\"margin: 0px; padding: 0px; border-width: 0px; border-style: initial; font: inherit; vertical-align: baseline; max-width: 100%; display: block;\"><\/iframe>&#13;<br \/>\n        &#13;<br \/>\n&#13;<br \/>\n        &#13;<br \/>\n&#13;\n        <\/p>\n<p><noscript><\/p>\n<p>You must enable Javascript on your browser for the site to work optimally and display sections completely.<\/p>\n<p><\/noscript>\t\t&#13;<br \/>\n\t\t&#13;\n    <\/div>\n<p><script type=\"text\/javascript\">jQuery(document).ready(function () {\n(function(d, s, id) {\n    var js, fjs = d.getElementsByTagName(s)[0];\n    if (d.getElementById(id))\n        return;\n    js = d.createElement(s);\n    js.id = id;\n    js.src = \"\/\/connect.facebook.net\/az_AZ\/all.js#xfbml=1&appId=1002485763137712\";\n    fjs.parentNode.insertBefore(js, fjs);\n}(document, 'script', 'facebook-jssdk'));                \n});<\/script><\/p>\n","protected":false},"excerpt":{"rendered":"<p>&#13; &#13; \u201cBizd\u0259 \u00e7ox g\u00f6z\u0259l qad\u0131nlar var. Bax\u0131ram v\u0259 f\u0259xr edir\u0259m ki, bizim bel\u0259 g\u00f6z\u0259l qad\u0131nlar\u0131m\u0131z var. Amma cavanlara bax\u0131b qa\u00e7\u0131ram. \u00c7\u00fcnki onlar ba\u015fqa c\u00fcrd\u00fcrl\u0259r. Onlar\u0131n z\u00f6vql\u0259ri korlan\u0131b. \u0130ndi zaman\u0259 ba\u015fqad\u0131r\u201d. Millinews.az Bizim.Media-ya istinad\u0259n x\u0259b\u0259r verir ki, bu s\u00f6zl\u0259ri Xalq artisti Cavan Zeynall\u0131 qonaq oldu\u011fu \u201cElgizl\u0259 izl\u0259\u201d ictimai-sosial verili\u015find\u0259 deyib. 78 ya\u015fl\u0131 s\u0259n\u0259tkar bildirib ki, &hellip;<\/p>\n","protected":false},"author":1,"featured_media":8251,"comment_status":"open","ping_status":"closed","sticky":false,"template":"","format":"standard","meta":{"footnotes":""},"categories":[9],"tags":[],"class_list":["post-8250","post","type-post","status-publish","format-standard","has-post-thumbnail","hentry","category-xeber"],"_links":{"self":[{"href":"https:\/\/millitv.net\/index.php?rest_route=\/wp\/v2\/posts\/8250","targetHints":{"allow":["GET"]}}],"collection":[{"href":"https:\/\/millitv.net\/index.php?rest_route=\/wp\/v2\/posts"}],"about":[{"href":"https:\/\/millitv.net\/index.php?rest_route=\/wp\/v2\/types\/post"}],"author":[{"embeddable":true,"href":"https:\/\/millitv.net\/index.php?rest_route=\/wp\/v2\/users\/1"}],"replies":[{"embeddable":true,"href":"https:\/\/millitv.net\/index.php?rest_route=%2Fwp%2Fv2%2Fcomments&post=8250"}],"version-history":[{"count":0,"href":"https:\/\/millitv.net\/index.php?rest_route=\/wp\/v2\/posts\/8250\/revisions"}],"wp:featuredmedia":[{"embeddable":true,"href":"https:\/\/millitv.net\/index.php?rest_route=\/wp\/v2\/media\/8251"}],"wp:attachment":[{"href":"https:\/\/millitv.net\/index.php?rest_route=%2Fwp%2Fv2%2Fmedia&parent=8250"}],"wp:term":[{"taxonomy":"category","embeddable":true,"href":"https:\/\/millitv.net\/index.php?rest_route=%2Fwp%2Fv2%2Fcategories&post=8250"},{"taxonomy":"post_tag","embeddable":true,"href":"https:\/\/millitv.net\/index.php?rest_route=%2Fwp%2Fv2%2Ftags&post=8250"}],"curies":[{"name":"wp","href":"https:\/\/api.w.org\/{rel}","templated":true}]}}