{"id":8244,"date":"2023-11-06T11:52:52","date_gmt":"2023-11-06T11:52:52","guid":{"rendered":"https:\/\/millinews.az\/xeber\/ceyhun-bayramov-erm%C9%99nistana-sulh-sazisi-il%C9%99-bagli-cagiris-etdi\/"},"modified":"2023-11-06T11:52:52","modified_gmt":"2023-11-06T11:52:52","slug":"ceyhun-bayramov-erm%C9%99nistana-sulh-sazisi-il%C9%99-bagli-cagiris-etdi","status":"publish","type":"post","link":"https:\/\/millitv.net\/?p=8244","title":{"rendered":"Ceyhun Bayramov Erm\u0259nistana s\u00fclh sazi\u015fi il\u0259 ba\u011fl\u0131 \u00e7a\u011f\u0131r\u0131\u015f etdi"},"content":{"rendered":"<div id=\"maincontent\">&#13;<br \/>\n        &#13;<\/p>\n<p><strong>Az\u0259rbaycan torpaqlar\u0131n\u0131n 30 ild\u0259n sonra i\u015f\u011fal\u0131n\u0131n ba\u015fa \u00e7atmas\u0131 v\u0259 bu torpaqlarda suverenliyimiz b\u0259rpas\u0131 Az\u0259rbaycan v\u0259 Erm\u0259nistan aras\u0131nda m\u00fcnasib\u0259tl\u0259rin normalla\u015fmas\u0131 il\u0259 ba\u011fl\u0131 yeni perspektivl\u0259r a\u00e7\u0131r.<\/strong><\/p>\n<p><a href=\"https:\/\/Millinews.az\" target=\"_blank\" class=\"kw-link\" rel=\"noopener\">Millinews.az<\/a> x\u0259b\u0259r verir ki, bu bar\u0259d\u0259 Az\u0259rbaycan xarici i\u015fl\u0259r naziri Ceyhun Bayramov Buxarestd\u0259 rum\u0131niyal\u0131 h\u0259mkar\u0131 il\u0259 birg\u0259 m\u0259tbuat konfrans\u0131nda bildirib. &#13;\n<\/p>\n<p>\u201cBir-birinin suverenliyinin, \u0259razi b\u00fct\u00f6vl\u00fcy\u00fcn\u00fcn v\u0259 s\u0259rh\u0259dl\u0259rinin toxunulmazl\u0131\u011f\u0131n\u0131n qar\u015f\u0131l\u0131ql\u0131 tan\u0131nmas\u0131 v\u0259 h\u00f6rm\u0259t \u0259sas\u0131nda bu normalla\u015fma yaln\u0131z Az\u0259rbaycana v\u0259 Erm\u0259nistana xidm\u0259t etm\u0259y\u0259c\u0259k, bu, h\u0259m\u00e7inin region v\u0259 onun s\u0259rh\u0259dl\u0259ri xaricind\u0259 istifad\u0259 olunmam\u0131\u015f \u0259m\u0259kda\u015fl\u0131q imkanlar\u0131n\u0131n a\u00e7\u0131lmas\u0131n\u0131 t\u0259min ed\u0259c\u0259k. F\u00fcrs\u0259td\u0259n istifad\u0259 edib Az\u0259rbaycan\u0131n s\u00fclh g\u00fcnd\u0259liyini bir daha vur\u011fulay\u0131ram. Biz qar\u015f\u0131 t\u0259r\u0259fd\u0259n d\u0259 konstruktiv yana\u015fma v\u0259 qar\u015f\u0131l\u0131ql\u0131 add\u0131mlar g\u00f6zl\u0259yirik. Biz \u00fcmid edirik ki, bu x\u00fcsusi \u015fans bir daha itirilm\u0259y\u0259c\u0259k\u201d, &#8211; nazir qeyd edib.&#13;<br \/>\n        &#13;<br \/>\n&#13;<br \/>\n        &#13;<br \/>\n&#13;\n        <\/p>\n<p><noscript><\/p>\n<p>You must enable Javascript on your browser for the site to work optimally and display sections completely.<\/p>\n<p><\/noscript>\t\t&#13;<br \/>\n\t\t&#13;\n    <\/div>\n<p><script type=\"text\/javascript\">jQuery(document).ready(function () {\n(function(d, s, id) {\n    var js, fjs = d.getElementsByTagName(s)[0];\n    if (d.getElementById(id))\n        return;\n    js = d.createElement(s);\n    js.id = id;\n    js.src = \"\/\/connect.facebook.net\/az_AZ\/all.js#xfbml=1&appId=1002485763137712\";\n    fjs.parentNode.insertBefore(js, fjs);\n}(document, 'script', 'facebook-jssdk'));                \n});<\/script><\/p>\n","protected":false},"excerpt":{"rendered":"<p>&#13; &#13; Az\u0259rbaycan torpaqlar\u0131n\u0131n 30 ild\u0259n sonra i\u015f\u011fal\u0131n\u0131n ba\u015fa \u00e7atmas\u0131 v\u0259 bu torpaqlarda suverenliyimiz b\u0259rpas\u0131 Az\u0259rbaycan v\u0259 Erm\u0259nistan aras\u0131nda m\u00fcnasib\u0259tl\u0259rin normalla\u015fmas\u0131 il\u0259 ba\u011fl\u0131 yeni perspektivl\u0259r a\u00e7\u0131r. Millinews.az x\u0259b\u0259r verir ki, bu bar\u0259d\u0259 Az\u0259rbaycan xarici i\u015fl\u0259r naziri Ceyhun Bayramov Buxarestd\u0259 rum\u0131niyal\u0131 h\u0259mkar\u0131 il\u0259 birg\u0259 m\u0259tbuat konfrans\u0131nda bildirib. &#13; \u201cBir-birinin suverenliyinin, \u0259razi b\u00fct\u00f6vl\u00fcy\u00fcn\u00fcn v\u0259 s\u0259rh\u0259dl\u0259rinin toxunulmazl\u0131\u011f\u0131n\u0131n qar\u015f\u0131l\u0131ql\u0131 &hellip;<\/p>\n","protected":false},"author":1,"featured_media":8245,"comment_status":"open","ping_status":"closed","sticky":false,"template":"","format":"standard","meta":{"footnotes":""},"categories":[9],"tags":[],"class_list":["post-8244","post","type-post","status-publish","format-standard","has-post-thumbnail","hentry","category-xeber"],"_links":{"self":[{"href":"https:\/\/millitv.net\/index.php?rest_route=\/wp\/v2\/posts\/8244","targetHints":{"allow":["GET"]}}],"collection":[{"href":"https:\/\/millitv.net\/index.php?rest_route=\/wp\/v2\/posts"}],"about":[{"href":"https:\/\/millitv.net\/index.php?rest_route=\/wp\/v2\/types\/post"}],"author":[{"embeddable":true,"href":"https:\/\/millitv.net\/index.php?rest_route=\/wp\/v2\/users\/1"}],"replies":[{"embeddable":true,"href":"https:\/\/millitv.net\/index.php?rest_route=%2Fwp%2Fv2%2Fcomments&post=8244"}],"version-history":[{"count":0,"href":"https:\/\/millitv.net\/index.php?rest_route=\/wp\/v2\/posts\/8244\/revisions"}],"wp:featuredmedia":[{"embeddable":true,"href":"https:\/\/millitv.net\/index.php?rest_route=\/wp\/v2\/media\/8245"}],"wp:attachment":[{"href":"https:\/\/millitv.net\/index.php?rest_route=%2Fwp%2Fv2%2Fmedia&parent=8244"}],"wp:term":[{"taxonomy":"category","embeddable":true,"href":"https:\/\/millitv.net\/index.php?rest_route=%2Fwp%2Fv2%2Fcategories&post=8244"},{"taxonomy":"post_tag","embeddable":true,"href":"https:\/\/millitv.net\/index.php?rest_route=%2Fwp%2Fv2%2Ftags&post=8244"}],"curies":[{"name":"wp","href":"https:\/\/api.w.org\/{rel}","templated":true}]}}