{"id":8240,"date":"2023-11-06T11:40:31","date_gmt":"2023-11-06T11:40:31","guid":{"rendered":"https:\/\/millinews.az\/xeber\/canli-yayimda-tuxel-ozund%C9%99n-cixdi\/"},"modified":"2023-11-06T11:40:31","modified_gmt":"2023-11-06T11:40:31","slug":"canli-yayimda-tuxel-ozund%C9%99n-cixdi","status":"publish","type":"post","link":"https:\/\/millitv.net\/?p=8240","title":{"rendered":"Canl\u0131 yay\u0131mda Tuxel \u00f6z\u00fcnd\u0259n \u00e7\u0131xd\u0131"},"content":{"rendered":"<div id=\"maincontent\">&#13;<br \/>\n        &#13;<\/p>\n<p>\u201cBavariya\u201dn\u0131n ba\u015f m\u0259\u015fq\u00e7isi Tomas Tuxel \u201cBorussia Dortmund\u201d \u00fcz\u0259rind\u0259 4-0 q\u0259l\u0259b\u0259 il\u0259 yekunla\u015fan oyunla ba\u011fl\u0131 suallara cavab ver\u0259rk\u0259n, reportaj\u0131 yar\u0131m\u00e7\u0131q saxlay\u0131b. &#13;\n<\/p>\n<p><a href=\"https:\/\/Millinews.az\" target=\"_blank\" class=\"kw-link\" rel=\"noopener\">Millinews.az<\/a> x\u0259b\u0259r verir ki, Tomas Tuxel onu t\u0259nqid ed\u0259n Almaniya millisinin sabiq futbol\u00e7ular\u0131 Didi Hamann v\u0259 Lotar Mattausa s\u0259rt reaksiya verib. Tuxel birba\u015fa olaraq Hamaan v\u0259 Matthausa m\u00fcraci\u0259t ed\u0259r\u0259k deyib: <\/p>\n<p>&#8220;Komanda il\u0259 ba\u015f m\u0259\u015fq\u00e7i aras\u0131ndak\u0131 g\u0259rginliy\u0259 baxmayaraq 4:0 hesab\u0131 il\u0259 qalib g\u0259lm\u0259k \u00e7ox t\u0259\u0259cc\u00fcbl\u00fc idi. B\u0259s n\u0259 oldu? Lotar bilmirs\u0259 b\u0259lk\u0259 Didi bilir. Komandamdan raz\u0131yam.&#8221; Xo\u015fb\u0259xt\u0259m&#8221;.<\/p>\n<p>Matthaus Tuxel\u0259 cavab verm\u0259k ist\u0259y\u0259nd\u0259 o m\u00fcsahib\u0259ni bu s\u00f6zl\u0259rl\u0259 bitirib: &#8220;N\u0259 ist\u0259yirs\u0259n dey\u0259 bil\u0259rs\u0259n, amma m\u0259n m\u00fczakir\u0259nin bir hiss\u0259si olmaq ist\u0259mir\u0259m. 4-0 qalib g\u0259ldik, amma indi bir fikir s\u00f6yl\u0259m\u0259lis\u0259n. 180 d\u0259r\u0259c\u0259 d\u00f6n. \u018fyl\u0259n!&#8221;Qeyd ed\u0259k ki, Lotar Mattaus &#8220;Bavariya&#8221; Almaniya Kubokunda 3-c\u00fc Liqa komandas\u0131 \u201cSaarbr\u00fckken\u201d\u0259 uduzduqdan sonra Tuxeli t\u0259nqid etmi\u015fdi.&#13;<br \/>\n        &#13;<br \/>\n&#13;<br \/>\n        &#13;<br \/>\n&#13;\n        <\/p>\n<p><noscript><\/p>\n<p>You must enable Javascript on your browser for the site to work optimally and display sections completely.<\/p>\n<p><\/noscript>\t\t&#13;<br \/>\n\t\t&#13;\n    <\/div>\n<p><script type=\"text\/javascript\">jQuery(document).ready(function () {\n(function(d, s, id) {\n    var js, fjs = d.getElementsByTagName(s)[0];\n    if (d.getElementById(id))\n        return;\n    js = d.createElement(s);\n    js.id = id;\n    js.src = \"\/\/connect.facebook.net\/az_AZ\/all.js#xfbml=1&appId=1002485763137712\";\n    fjs.parentNode.insertBefore(js, fjs);\n}(document, 'script', 'facebook-jssdk'));                \n});<\/script><\/p>\n","protected":false},"excerpt":{"rendered":"<p>&#13; &#13; \u201cBavariya\u201dn\u0131n ba\u015f m\u0259\u015fq\u00e7isi Tomas Tuxel \u201cBorussia Dortmund\u201d \u00fcz\u0259rind\u0259 4-0 q\u0259l\u0259b\u0259 il\u0259 yekunla\u015fan oyunla ba\u011fl\u0131 suallara cavab ver\u0259rk\u0259n, reportaj\u0131 yar\u0131m\u00e7\u0131q saxlay\u0131b. &#13; Millinews.az x\u0259b\u0259r verir ki, Tomas Tuxel onu t\u0259nqid ed\u0259n Almaniya millisinin sabiq futbol\u00e7ular\u0131 Didi Hamann v\u0259 Lotar Mattausa s\u0259rt reaksiya verib. Tuxel birba\u015fa olaraq Hamaan v\u0259 Matthausa m\u00fcraci\u0259t ed\u0259r\u0259k deyib: &#8220;Komanda il\u0259 &hellip;<\/p>\n","protected":false},"author":1,"featured_media":8241,"comment_status":"open","ping_status":"closed","sticky":false,"template":"","format":"standard","meta":{"footnotes":""},"categories":[9],"tags":[],"class_list":["post-8240","post","type-post","status-publish","format-standard","has-post-thumbnail","hentry","category-xeber"],"_links":{"self":[{"href":"https:\/\/millitv.net\/index.php?rest_route=\/wp\/v2\/posts\/8240","targetHints":{"allow":["GET"]}}],"collection":[{"href":"https:\/\/millitv.net\/index.php?rest_route=\/wp\/v2\/posts"}],"about":[{"href":"https:\/\/millitv.net\/index.php?rest_route=\/wp\/v2\/types\/post"}],"author":[{"embeddable":true,"href":"https:\/\/millitv.net\/index.php?rest_route=\/wp\/v2\/users\/1"}],"replies":[{"embeddable":true,"href":"https:\/\/millitv.net\/index.php?rest_route=%2Fwp%2Fv2%2Fcomments&post=8240"}],"version-history":[{"count":0,"href":"https:\/\/millitv.net\/index.php?rest_route=\/wp\/v2\/posts\/8240\/revisions"}],"wp:featuredmedia":[{"embeddable":true,"href":"https:\/\/millitv.net\/index.php?rest_route=\/wp\/v2\/media\/8241"}],"wp:attachment":[{"href":"https:\/\/millitv.net\/index.php?rest_route=%2Fwp%2Fv2%2Fmedia&parent=8240"}],"wp:term":[{"taxonomy":"category","embeddable":true,"href":"https:\/\/millitv.net\/index.php?rest_route=%2Fwp%2Fv2%2Fcategories&post=8240"},{"taxonomy":"post_tag","embeddable":true,"href":"https:\/\/millitv.net\/index.php?rest_route=%2Fwp%2Fv2%2Ftags&post=8240"}],"curies":[{"name":"wp","href":"https:\/\/api.w.org\/{rel}","templated":true}]}}