{"id":8224,"date":"2023-11-06T10:34:04","date_gmt":"2023-11-06T10:34:04","guid":{"rendered":"https:\/\/millinews.az\/xeber\/h%C9%99rbi-prokurorluq-tovuzda-h%C9%99rbi-qulluqcularla-birg%C9%99-t%C9%99dbir-kecirdi\/"},"modified":"2023-11-06T10:34:04","modified_gmt":"2023-11-06T10:34:04","slug":"h%C9%99rbi-prokurorluq-tovuzda-h%C9%99rbi-qulluqcularla-birg%C9%99-t%C9%99dbir-kecirdi","status":"publish","type":"post","link":"https:\/\/millitv.net\/?p=8224","title":{"rendered":"H\u0259rbi Prokurorluq Tovuzda h\u0259rbi qulluq\u00e7ularla birg\u0259 t\u0259dbir ke\u00e7irdi"},"content":{"rendered":"<div id=\"maincontent\">&#13;<br \/>\n        &#13;<\/p>\n<p><strong>H\u0259rbi Prokurorluq Ulu \u00d6nd\u0259rin 100 illik yubileyi il\u0259 ba\u011fl\u0131 silsil\u0259 t\u0259dbirl\u0259ri davam etdirir.<\/strong><\/p>\n<p>H\u0259rbi Prokurorluqdan <a href=\"https:\/\/Millinews.az\" target=\"_blank\" class=\"kw-link\" rel=\"noopener\">Millinews.az<\/a>-a veril\u0259n m\u0259lumata g\u00f6r\u0259, Tovuz rayonunda rayon r\u0259hb\u0259rliyi v\u0259 M\u00fcdafi\u0259 Nazirliyinin h\u0259rbi qulluq\u00e7ular\u0131 il\u0259 birg\u0259 ke\u00e7iril\u0259n t\u0259dbird\u0259n \u0259vv\u0259l \u00dcmummilli Lider Heyd\u0259r \u018fliyevin abid\u0259sinin v\u0259 \u015f\u0259hidl\u0259r gu\u015f\u0259sinin \u00f6n\u00fcn\u0259 g\u00fcl d\u0259st\u0259l\u0259ri d\u00fcz\u00fcl\u0259r\u0259k, \u0259ziz v\u0259 unudulmaz xatir\u0259l\u0259ri bir d\u0259qiq\u0259lik s\u00fckutla yad edilib, Allahdan onlara r\u0259hm\u0259t, qazil\u0259r\u0259 \u015f\u0259fa arzulan\u0131b. Az\u0259rbaycan Respublikas\u0131n\u0131n D\u00f6vl\u0259t Himni s\u0259sl\u0259ndirilib. Ard\u0131nca Ba\u015f prokuror Kamran \u018fliyevin v\u0259 H\u0259rbi prokuror Xanlar V\u0259liyevin salamlar\u0131 \u015f\u0259xsi hey\u0259t\u0259 v\u0259 t\u0259dbir i\u015ftirak\u00e7\u0131lar\u0131na \u00e7atd\u0131r\u0131l\u0131b. &#13;\n<\/p>\n<p>M\u0259rasimd\u0259 \u00e7\u0131x\u0131\u015f ed\u0259n Tovuz Rayon \u0130cra Hakimiyy\u0259tinin ba\u015f\u00e7\u0131s\u0131 M\u0259mm\u0259d M\u0259mm\u0259dov, H\u0259rbi Prokurorlu\u011fun Kriminalistika v\u0259 \u0130nformasiya Texnologiya \u0130dar\u0259sinin r\u0259isi, \u0259dliyy\u0259 polkovniki Emil K\u0259rimov, H\u0259rbi prokurorun b\u00f6y\u00fck k\u00f6m\u0259k\u00e7isi, M\u0259tbuat Xidm\u0259tinin r\u0259hb\u0259ri, ba\u015f \u0259dliyy\u0259 m\u00fc\u015faviri Firad \u018fliyev, Tovuz rayon prokuroru, ba\u015f \u0259dliyy\u0259 m\u00fc\u015faviri Maarif H\u00fcseynov, \u015e\u0259mkir h\u0259rbi prokuroru, \u0259dliyy\u0259 polkovnik-leytenant\u0131 \u0130lham Babayev, polkovnik \u0130lqar Xasm\u0259mm\u0259dov v\u0259 dig\u0259r \u00e7\u0131x\u0131\u015f\u00e7\u0131lar m\u00fcst\u0259qillik yolumuzu v\u0259 firavan istiqbal\u0131m\u0131z\u0131 nurland\u0131ran, xalq\u0131n\u0131 zaman\u0131n s\u0259rt s\u0131naqlar\u0131ndan y\u00fcks\u0259k m\u0259har\u0259tl\u0259 \u00e7\u0131xararaq, h\u0259r bir \u00e7\u0259tin v\u0259ziyy\u0259td\u0259n \u0259n d\u00fczg\u00fcn \u00e7\u0131x\u0131\u015f yolu tapan n\u0259h\u0259ng tarixi \u015f\u0259xsiyy\u0259t Heyd\u0259r \u018fliyevin \u015f\u0259r\u0259fli v\u0259 m\u0259nal\u0131 \u00f6mr\u00fcnd\u0259n, \u00e7ox\u015fax\u0259li v\u0259 z\u0259ngin f\u0259aliyy\u0259tind\u0259n, d\u00f6vl\u0259timizin q\u00fcdr\u0259tl\u0259nm\u0259sind\u0259, xalq\u0131n rifah\u0131n\u0131n y\u00fcks\u0259ldilm\u0259sind\u0259 misilsiz xidm\u0259tl\u0259rind\u0259n v\u0259 d\u00fcnya siyas\u0259tin\u0259 verdiyi t\u00f6hf\u0259l\u0259rd\u0259n b\u0259hs edibl\u0259r.<\/p>\n<p>\u00c7\u0131x\u0131\u015f\u00e7\u0131lar, eyni zamanda, xalq\u0131m\u0131z\u0131n b\u00f6y\u00fck o\u011flu Heyd\u0259r \u018fliyevin Az\u0259rbaycan\u0131n parlaq g\u0259l\u0259c\u0259yin\u0259 hesablanm\u0131\u015f m\u00fck\u0259mm\u0259l siyas\u0259tini yeni m\u00fcst\u0259vid\u0259 d\u00f6vr\u00fcn t\u0259l\u0259bl\u0259rin\u0259 uy\u011fun \u015f\u0259kild\u0259 u\u011furla davam etdir\u0259n Prezident \u0130lham \u018fliyevin r\u0259hb\u0259rliyi il\u0259 son 20 il m\u00fcdd\u0259td\u0259 \u00f6lk\u0259mizd\u0259 g\u00f6r\u00fclm\u00fc\u015f misilsiz i\u015fl\u0259rd\u0259n, h\u0259yata ke\u00e7irilmi\u015f h\u0259rt\u0259r\u0259fli k\u00f6kl\u00fc islahatlardan, b\u00fct\u00fcn sah\u0259l\u0259rd\u0259 \u0259ld\u0259 olunmu\u015f m\u00fcst\u0259sna u\u011furlardan, o c\u00fcml\u0259d\u0259n q\u00fcdr\u0259tli Silahl\u0131 Q\u00fcvv\u0259l\u0259rimizin formala\u015fmas\u0131ndan, bu u\u011furlar\u0131n \u0259ld\u0259 olunmas\u0131nda Birinci vitse-prezident Mehriban xan\u0131m \u018fliyevan\u0131n d\u0259st\u0259yind\u0259n v\u0259 xalq\u0131n m\u00fcdrikliyind\u0259n dan\u0131\u015fd\u0131lar.<\/p>\n<p>T\u0259dbird\u0259, h\u0259m\u00e7inin M\u00fcz\u0259ff\u0259r Ali Ba\u015f Komandan\u0131n r\u0259hb\u0259rliyi il\u0259 qazan\u0131lm\u0131\u015f tarixi q\u0259l\u0259b\u0259 v\u0259 u\u011furlu antiterror \u0259m\u0259liyyatlar\u0131 x\u00fcsusi vur\u011fulanmaqla, V\u0259t\u0259n m\u00fcharib\u0259sind\u0259n, antiterror \u0259m\u0259liyyatlar\u0131ndan, o d\u00f6vrl\u0259rd\u0259 prokurorlu\u011fun, h\u0259m\u00e7inin h\u0259rbi prokurorlu\u011fun Silahl\u0131 Q\u00fcvv\u0259l\u0259rl\u0259, o c\u00fcml\u0259d\u0259n M\u00fcdafi\u0259 Nazirliyi il\u0259, el\u0259c\u0259 d\u0259 aidiyy\u0259ti rayonlar\u0131n r\u0259hb\u0259rlikl\u0259ri il\u0259 qar\u015f\u0131l\u0131ql\u0131 s\u0259m\u0259r\u0259li f\u0259aliyy\u0259tind\u0259n b\u0259hs edilib, iftixar dolu g\u00fcnl\u0259rin unudulmaz t\u0259\u0259ss\u00fcratlar\u0131 xat\u0131rlan\u0131b.<\/p>\n<p>M\u0259rasimd\u0259n sonra, h\u0259rbi qulluq\u00e7ular qar\u015f\u0131s\u0131nda h\u00fcquqi maarifl\u0259ndirici m\u0259zmunlu \u00e7\u0131x\u0131\u015flar olunub, onlar\u0131 maraqland\u0131ran suallar cavabland\u0131r\u0131l\u0131b, el\u0259c\u0259 d\u0259 h\u0259rb\u00e7il\u0259rin qay\u011f\u0131 v\u0259 probleml\u0259ri il\u0259 maraqlan\u0131l\u0131b.&#13;<br \/>\n        &#13;<br \/>\n&#13;<br \/>\n        &#13;<br \/>\n&#13;\n        <\/p>\n<p><noscript><\/p>\n<p>You must enable Javascript on your browser for the site to work optimally and display sections completely.<\/p>\n<p><\/noscript>\t\t&#13;<br \/>\n\t\t&#13;\n    <\/div>\n<p><script type=\"text\/javascript\">jQuery(document).ready(function () {\n(function(d, s, id) {\n    var js, fjs = d.getElementsByTagName(s)[0];\n    if (d.getElementById(id))\n        return;\n    js = d.createElement(s);\n    js.id = id;\n    js.src = \"\/\/connect.facebook.net\/az_AZ\/all.js#xfbml=1&appId=1002485763137712\";\n    fjs.parentNode.insertBefore(js, fjs);\n}(document, 'script', 'facebook-jssdk'));                \n$('.fancybox').fancybox();\n});<\/script><\/p>\n","protected":false},"excerpt":{"rendered":"<p>&#13; &#13; H\u0259rbi Prokurorluq Ulu \u00d6nd\u0259rin 100 illik yubileyi il\u0259 ba\u011fl\u0131 silsil\u0259 t\u0259dbirl\u0259ri davam etdirir. H\u0259rbi Prokurorluqdan Millinews.az-a veril\u0259n m\u0259lumata g\u00f6r\u0259, Tovuz rayonunda rayon r\u0259hb\u0259rliyi v\u0259 M\u00fcdafi\u0259 Nazirliyinin h\u0259rbi qulluq\u00e7ular\u0131 il\u0259 birg\u0259 ke\u00e7iril\u0259n t\u0259dbird\u0259n \u0259vv\u0259l \u00dcmummilli Lider Heyd\u0259r \u018fliyevin abid\u0259sinin v\u0259 \u015f\u0259hidl\u0259r gu\u015f\u0259sinin \u00f6n\u00fcn\u0259 g\u00fcl d\u0259st\u0259l\u0259ri d\u00fcz\u00fcl\u0259r\u0259k, \u0259ziz v\u0259 unudulmaz xatir\u0259l\u0259ri bir d\u0259qiq\u0259lik s\u00fckutla yad &hellip;<\/p>\n","protected":false},"author":1,"featured_media":8225,"comment_status":"open","ping_status":"closed","sticky":false,"template":"","format":"standard","meta":{"footnotes":""},"categories":[9],"tags":[],"class_list":["post-8224","post","type-post","status-publish","format-standard","has-post-thumbnail","hentry","category-xeber"],"_links":{"self":[{"href":"https:\/\/millitv.net\/index.php?rest_route=\/wp\/v2\/posts\/8224","targetHints":{"allow":["GET"]}}],"collection":[{"href":"https:\/\/millitv.net\/index.php?rest_route=\/wp\/v2\/posts"}],"about":[{"href":"https:\/\/millitv.net\/index.php?rest_route=\/wp\/v2\/types\/post"}],"author":[{"embeddable":true,"href":"https:\/\/millitv.net\/index.php?rest_route=\/wp\/v2\/users\/1"}],"replies":[{"embeddable":true,"href":"https:\/\/millitv.net\/index.php?rest_route=%2Fwp%2Fv2%2Fcomments&post=8224"}],"version-history":[{"count":0,"href":"https:\/\/millitv.net\/index.php?rest_route=\/wp\/v2\/posts\/8224\/revisions"}],"wp:featuredmedia":[{"embeddable":true,"href":"https:\/\/millitv.net\/index.php?rest_route=\/wp\/v2\/media\/8225"}],"wp:attachment":[{"href":"https:\/\/millitv.net\/index.php?rest_route=%2Fwp%2Fv2%2Fmedia&parent=8224"}],"wp:term":[{"taxonomy":"category","embeddable":true,"href":"https:\/\/millitv.net\/index.php?rest_route=%2Fwp%2Fv2%2Fcategories&post=8224"},{"taxonomy":"post_tag","embeddable":true,"href":"https:\/\/millitv.net\/index.php?rest_route=%2Fwp%2Fv2%2Ftags&post=8224"}],"curies":[{"name":"wp","href":"https:\/\/api.w.org\/{rel}","templated":true}]}}