{"id":8214,"date":"2023-11-06T09:54:21","date_gmt":"2023-11-06T09:54:21","guid":{"rendered":"https:\/\/millinews.az\/xeber\/ismayillida-heyd%C9%99r-eliyev-ilin%C9%99-h%C9%99sr-olunmus-qacis-yarisi-kecirilib\/"},"modified":"2023-11-06T09:54:21","modified_gmt":"2023-11-06T09:54:21","slug":"ismayillida-heyd%C9%99r-eliyev-ilin%C9%99-h%C9%99sr-olunmus-qacis-yarisi-kecirilib","status":"publish","type":"post","link":"https:\/\/millitv.net\/?p=8214","title":{"rendered":"\u0130smay\u0131ll\u0131da &#8220;Heyd\u0259r \u018fliyev \u0130li&#8221;n\u0259 h\u0259sr olunmu\u015f qa\u00e7\u0131\u015f yar\u0131\u015f\u0131 ke\u00e7irilib"},"content":{"rendered":"<div id=\"maincontent\">&#13;<br \/>\n        &#13;<\/p>\n<p><strong>Noyabr\u0131n 5-d\u0259 G\u0259ncl\u0259r v\u0259 \u0130dman Nazirliyi, Az\u0259rbaycan Atletika Federasiyas\u0131 v\u0259 \u201cRegional \u0130nki\u015faf\u201d \u0130ctimai Birliyinin birg\u0259 t\u0259\u015fkilat\u00e7\u0131l\u0131\u011f\u0131 il\u0259 \u0130smay\u0131ll\u0131 rayonunda &#8220;Heyd\u0259r \u018fliyev \u0130li&#8221;n\u0259 h\u0259sr olunmu\u015f qa\u00e7\u0131\u015f yar\u0131\u015f\u0131 ke\u00e7irilib.<\/strong><\/p>\n<p><a href=\"https:\/\/Millinews.az\" target=\"_blank\" class=\"kw-link\" rel=\"noopener\">Millinews.az<\/a> x\u0259b\u0259r verir ki, Heyd\u0259r \u018fliyev ad\u0131na \u0130smay\u0131ll\u0131 Rayon M\u0259d\u0259niyy\u0259t M\u0259rk\u0259zinin qar\u015f\u0131s\u0131nda ke\u00e7iril\u0259n a\u00e7\u0131l\u0131\u015f t\u0259dbirind\u0259 \u00e7\u0131x\u0131\u015f ed\u0259nl\u0259r Ulu \u00f6nd\u0259r Heyd\u0259r \u018fliyevin Az\u0259rbaycan idman\u0131n\u0131n inki\u015faf\u0131ndak\u0131 \u0259v\u0259zsiz xidm\u0259tl\u0259rind\u0259n, onun layiqli davam\u00e7\u0131s\u0131 olan Prezident \u0130lham \u018fliyevin bu sah\u0259y\u0259 daimi diqq\u0259t v\u0259 qay\u011f\u0131s\u0131ndan, \u00f6lk\u0259mizd\u0259 idman\u0131n inki\u015faf\u0131 \u00fc\u00e7\u00fcn yarad\u0131lan geni\u015f imkanlardan v\u0259 n\u0259tic\u0259d\u0259 idman\u00e7\u0131lar\u0131m\u0131z\u0131n m\u00fcxt\u0259lif beyn\u0259lxalq yar\u0131\u015flarda \u0259ld\u0259 etdiyi u\u011furlardan dan\u0131\u015f\u0131blar. \u00c7\u0131x\u0131\u015flarda, h\u0259m\u00e7inin idman\u0131n k\u00fctl\u0259viliyinin t\u0259\u015fviqi, \u0259hali aras\u0131nda sa\u011flam h\u0259yat t\u0259rzinin t\u0259bli\u011fi m\u0259qs\u0259dil\u0259 regionlarda m\u00fct\u0259madi olaraq idman t\u0259dbirl\u0259rinin ke\u00e7irilm\u0259sinin vacibliyi vur\u011fulan\u0131b v\u0259 bu bax\u0131mdan, \u0130smay\u0131ll\u0131da ke\u00e7iril\u0259n yar\u0131\u015f\u0131n x\u00fcsusi \u0259h\u0259miyy\u0259t da\u015f\u0131d\u0131\u011f\u0131 bildirilib. &#13;\n<\/p>\n<p>Sonra yar\u0131\u015fa start verilib. Fini\u015f x\u0259ttin\u0259 \u00e7atmaq \u00fc\u00e7\u00fcn yerli sakinl\u0259rl\u0259 yana\u015f\u0131, Bak\u0131, G\u0259nc\u0259, Sumqay\u0131t \u015f\u0259h\u0259rl\u0259ri v\u0259 \u015eamax\u0131, Neft\u00e7ala, G\u00f6y\u00e7ay rayonlar\u0131ndan qat\u0131lan t\u0259msil\u00e7il\u0259rl\u0259 birlikd\u0259, \u00fcmumilikd\u0259 300 n\u0259f\u0259rd\u0259n \u00e7ox i\u015ftirak\u00e7\u0131 m\u00fcbariz\u0259 apar\u0131b. M\u00fcxt\u0259lif ya\u015f qruplar\u0131 \u00fczr\u0259, m\u00fcvafiq uzunluq m\u0259saf\u0259sin\u0259 qa\u00e7an i\u015ftirak\u00e7\u0131lar aras\u0131ndan 16 kateqoriyada qalibl\u0259r m\u00fc\u0259yy\u0259n edilib.<\/p>\n<p>Z\u0259f\u0259r G\u00fcn\u00fc \u0259r\u0259f\u0259sin\u0259 t\u0259sad\u00fcf ed\u0259n yar\u0131\u015f qalibl\u0259rin m\u00fckafatland\u0131r\u0131lmas\u0131 il\u0259 y\u00fcks\u0259k \u0259hval-ruhiyy\u0259d\u0259 ba\u015fa \u00e7at\u0131b.&#13;<br \/>\n        &#13;<br \/>\n&#13;<br \/>\n        &#13;<br \/>\n&#13;\n        <\/p>\n<p><noscript><\/p>\n<p>You must enable Javascript on your browser for the site to work optimally and display sections completely.<\/p>\n<p><\/noscript>\t\t&#13;<br \/>\n\t\t&#13;\n    <\/div>\n<p><script type=\"text\/javascript\">jQuery(document).ready(function () {\n(function(d, s, id) {\n    var js, fjs = d.getElementsByTagName(s)[0];\n    if (d.getElementById(id))\n        return;\n    js = d.createElement(s);\n    js.id = id;\n    js.src = \"\/\/connect.facebook.net\/az_AZ\/all.js#xfbml=1&appId=1002485763137712\";\n    fjs.parentNode.insertBefore(js, fjs);\n}(document, 'script', 'facebook-jssdk'));                \n$('.fancybox').fancybox();\n});<\/script><\/p>\n","protected":false},"excerpt":{"rendered":"<p>&#13; &#13; Noyabr\u0131n 5-d\u0259 G\u0259ncl\u0259r v\u0259 \u0130dman Nazirliyi, Az\u0259rbaycan Atletika Federasiyas\u0131 v\u0259 \u201cRegional \u0130nki\u015faf\u201d \u0130ctimai Birliyinin birg\u0259 t\u0259\u015fkilat\u00e7\u0131l\u0131\u011f\u0131 il\u0259 \u0130smay\u0131ll\u0131 rayonunda &#8220;Heyd\u0259r \u018fliyev \u0130li&#8221;n\u0259 h\u0259sr olunmu\u015f qa\u00e7\u0131\u015f yar\u0131\u015f\u0131 ke\u00e7irilib. Millinews.az x\u0259b\u0259r verir ki, Heyd\u0259r \u018fliyev ad\u0131na \u0130smay\u0131ll\u0131 Rayon M\u0259d\u0259niyy\u0259t M\u0259rk\u0259zinin qar\u015f\u0131s\u0131nda ke\u00e7iril\u0259n a\u00e7\u0131l\u0131\u015f t\u0259dbirind\u0259 \u00e7\u0131x\u0131\u015f ed\u0259nl\u0259r Ulu \u00f6nd\u0259r Heyd\u0259r \u018fliyevin Az\u0259rbaycan idman\u0131n\u0131n inki\u015faf\u0131ndak\u0131 \u0259v\u0259zsiz xidm\u0259tl\u0259rind\u0259n, &hellip;<\/p>\n","protected":false},"author":1,"featured_media":8215,"comment_status":"open","ping_status":"closed","sticky":false,"template":"","format":"standard","meta":{"footnotes":""},"categories":[9],"tags":[],"class_list":["post-8214","post","type-post","status-publish","format-standard","has-post-thumbnail","hentry","category-xeber"],"_links":{"self":[{"href":"https:\/\/millitv.net\/index.php?rest_route=\/wp\/v2\/posts\/8214","targetHints":{"allow":["GET"]}}],"collection":[{"href":"https:\/\/millitv.net\/index.php?rest_route=\/wp\/v2\/posts"}],"about":[{"href":"https:\/\/millitv.net\/index.php?rest_route=\/wp\/v2\/types\/post"}],"author":[{"embeddable":true,"href":"https:\/\/millitv.net\/index.php?rest_route=\/wp\/v2\/users\/1"}],"replies":[{"embeddable":true,"href":"https:\/\/millitv.net\/index.php?rest_route=%2Fwp%2Fv2%2Fcomments&post=8214"}],"version-history":[{"count":0,"href":"https:\/\/millitv.net\/index.php?rest_route=\/wp\/v2\/posts\/8214\/revisions"}],"wp:featuredmedia":[{"embeddable":true,"href":"https:\/\/millitv.net\/index.php?rest_route=\/wp\/v2\/media\/8215"}],"wp:attachment":[{"href":"https:\/\/millitv.net\/index.php?rest_route=%2Fwp%2Fv2%2Fmedia&parent=8214"}],"wp:term":[{"taxonomy":"category","embeddable":true,"href":"https:\/\/millitv.net\/index.php?rest_route=%2Fwp%2Fv2%2Fcategories&post=8214"},{"taxonomy":"post_tag","embeddable":true,"href":"https:\/\/millitv.net\/index.php?rest_route=%2Fwp%2Fv2%2Ftags&post=8214"}],"curies":[{"name":"wp","href":"https:\/\/api.w.org\/{rel}","templated":true}]}}