{"id":8210,"date":"2023-11-06T09:43:12","date_gmt":"2023-11-06T09:43:12","guid":{"rendered":"https:\/\/millinews.az\/xeber\/veys%C9%99loglu-sirk%C9%99tl%C9%99r-qrupu-z%C9%99f%C9%99r-gunu-il%C9%99-bagli-biz-qayitdiq-qisa-filmini-t%C9%99qdim-edib\/"},"modified":"2023-11-06T09:43:12","modified_gmt":"2023-11-06T09:43:12","slug":"veys%C9%99loglu-sirk%C9%99tl%C9%99r-qrupu-z%C9%99f%C9%99r-gunu-il%C9%99-bagli-biz-qayitdiq-qisa-filmini-t%C9%99qdim-edib","status":"publish","type":"post","link":"https:\/\/millitv.net\/?p=8210","title":{"rendered":"\u200bVeys\u0259lo\u011flu \u015eirk\u0259tl\u0259r Qrupu Z\u0259f\u0259r G\u00fcn\u00fc il\u0259 ba\u011fl\u0131 \u201cBiz Qay\u0131td\u0131q\u201d q\u0131sa filmini t\u0259qdim edib"},"content":{"rendered":"<div id=\"maincontent\">&#13;<br \/>\n        &#13;<\/p>\n<p><strong style=\"background-color: initial;\"><i>Filmd\u0259 Qaraba\u011fa qay\u0131d\u0131\u015f\u0131m\u0131zla t\u0259bi\u0259tin dir\u00e7\u0259li\u015fi m\u00f6vzusuna diqq\u0259t \u00e7\u0259kilir.<\/i><\/strong><\/p>\n<p>Veys\u0259lo\u011flu \u015eirk\u0259tl\u0259r Qrupu Qaraba\u011f\u0131n i\u015f\u011faldan azad edilm\u0259sinin 3-c\u00fc ild\u00f6n\u00fcm\u00fc m\u00fcnasib\u0259til\u0259 \u201cBiz Qay\u0131td\u0131q\u201d adl\u0131 sosial film haz\u0131rlay\u0131b.  &#13;\n  <\/p>\n<p>Q\u0131sa film vasit\u0259si il\u0259 Qaraba\u011fda t\u00f6r\u0259dil\u0259n ekoloji terror v\u0259 torpaqlar\u0131n ya\u015f\u0131lla\u015fd\u0131r\u0131lmas\u0131n\u0131n vacibliyi m\u00f6vzusu x\u00fcsusi vur\u011fulan\u0131r. Filmd\u0259 yurdundan ayr\u0131 d\u00fc\u015fm\u00fc\u015f, u\u015faql\u0131q v\u0259 g\u0259nclik ill\u0259rini v\u0259t\u0259n h\u0259sr\u0259ti il\u0259 ke\u00e7irmi\u015f v\u0259 torpaqlar\u0131 q\u0259hr\u0259manl\u0131qla geri alm\u0131\u015f insan talel\u0259rind\u0259n b\u0259hs edilir.   <\/p>\n<p>Filmin \u0259sas q\u0259hr\u0259man\u0131 Ceyhun \u0259sl\u0259n Qaraba\u011fdan olan bir ail\u0259nin \u00f6vlad\u0131d\u0131r. O, u\u015faq ya\u015flar\u0131ndan ba\u015flayaraq bayramlarda do\u011fma k\u0259ndl\u0259rin\u0259 ged\u0259 bilm\u0259diyi \u00fc\u00e7\u00fcn k\u0259d\u0259rl\u0259nir. Ceyhunun yeniyetm\u0259lik ill\u0259ri d\u0259 bu h\u0259sr\u0259tl\u0259 ke\u00e7ir. Onun babas\u0131 h\u0259r bayramda \u00e7inar \u0259km\u0259y\u0259 \u00e7al\u0131\u015f\u0131r, lakin bu a\u011faclar b\u00f6y\u00fcm\u00fcr. Baba n\u0259v\u0259sin\u0259 \u00f6z k\u0259ndl\u0259rind\u0259ki uca \u00e7inar a\u011fac\u0131ndan b\u0259hs edir v\u0259 izah edir ki, indi \u0259kdiyi a\u011fac\u0131n yeti\u015f\u0259 bilm\u0259m\u0259sinin s\u0259b\u0259bi onun do\u011fma torpaqlardan ayr\u0131 olmas\u0131d\u0131r. Filmin sonunda Ceyhunun q\u0259hr\u0259man h\u0259rb\u00e7i oldu\u011funu, z\u0259f\u0259r v\u0259 q\u00fcrur hissini, baban\u0131n V\u0259t\u0259n\u0259 qay\u0131tmas\u0131n\u0131 v\u0259 evl\u0259rinin qar\u015f\u0131s\u0131ndak\u0131 \u00e7inar\u0131n k\u0259sildiyini g\u00f6r\u00fcr\u00fck. Lakin Ceyhun h\u0259min torpaqda yeni bir \u00e7inar a\u011fac\u0131 \u0259kir.  <\/p>\n<p>Veys\u0259lo\u011flu \u015eirk\u0259tl\u0259r Qrupunun ictimaiyy\u0259tl\u0259 \u0259laq\u0259l\u0259r departamentind\u0259n film bar\u0259d\u0259 bel\u0259 bildirilib: \u201cV\u0259t\u0259nda\u015fl\u0131\u011f\u0131n\u0131 d\u0259rk ed\u0259n bir \u015firk\u0259t kimi, bizim \u00fc\u00e7\u00fcn Qaraba\u011f m\u00f6vzusu, x\u00fcsusil\u0259 d\u0259 ekoloji terrora m\u0259ruz qalm\u0131\u015f torpaqlar\u0131m\u0131zda h\u0259yat\u0131n b\u0259rpas\u0131 \u00e7ox h\u0259ssas m\u0259s\u0259l\u0259dir. Odur ki, filmd\u0259 bu m\u00f6vzuya diqq\u0259t c\u0259lb etm\u0259k ist\u0259dik. \u00d6z\u0259l sektor olaraq torpaqlar\u0131m\u0131za vurulmu\u015f ekoloji z\u0259rb\u0259nin t\u0259sirl\u0259rinin aradan qald\u0131r\u0131lmas\u0131na t\u00f6hf\u0259 verm\u0259y\u0259 \u00e7al\u0131\u015f\u0131r\u0131q\u201d.  <\/p>\n<p>Qeyd ed\u0259k ki, Qaraba\u011f\u0131n azad olunmas\u0131 u\u011frunda \u015f\u0259r\u0259fli m\u00fcbariz\u0259d\u0259 Veys\u0259lo\u011flu \u015eirk\u0259tl\u0259r Qrupunun 600-d\u0259k \u0259m\u0259kda\u015f\u0131 i\u015ftirak edib. \u015eirk\u0259tin 13 \u0259m\u0259kda\u015f\u0131 \u015f\u0259hidlik zirv\u0259sin\u0259 ucal\u0131b, onlarla \u0259m\u0259kda\u015f\u0131 medallarla t\u0259ltif olunub.&#13;<br \/>\n        &#13;<br \/>\n&#13;<br \/>\n        &#13;<br \/>\n&#13;\n        <\/p>\n<p><noscript><\/p>\n<p>You must enable Javascript on your browser for the site to work optimally and display sections completely.<\/p>\n<p><\/noscript>\t\t&#13;<br \/>\n\t\t&#13;\n    <\/div>\n<p><script type=\"text\/javascript\">jQuery(document).ready(function () {\n(function(d, s, id) {\n    var js, fjs = d.getElementsByTagName(s)[0];\n    if (d.getElementById(id))\n        return;\n    js = d.createElement(s);\n    js.id = id;\n    js.src = \"\/\/connect.facebook.net\/az_AZ\/all.js#xfbml=1&appId=1002485763137712\";\n    fjs.parentNode.insertBefore(js, fjs);\n}(document, 'script', 'facebook-jssdk'));                \n});<\/script><\/p>\n","protected":false},"excerpt":{"rendered":"<p>&#13; &#13; Filmd\u0259 Qaraba\u011fa qay\u0131d\u0131\u015f\u0131m\u0131zla t\u0259bi\u0259tin dir\u00e7\u0259li\u015fi m\u00f6vzusuna diqq\u0259t \u00e7\u0259kilir. Veys\u0259lo\u011flu \u015eirk\u0259tl\u0259r Qrupu Qaraba\u011f\u0131n i\u015f\u011faldan azad edilm\u0259sinin 3-c\u00fc ild\u00f6n\u00fcm\u00fc m\u00fcnasib\u0259til\u0259 \u201cBiz Qay\u0131td\u0131q\u201d adl\u0131 sosial film haz\u0131rlay\u0131b. &#13; Q\u0131sa film vasit\u0259si il\u0259 Qaraba\u011fda t\u00f6r\u0259dil\u0259n ekoloji terror v\u0259 torpaqlar\u0131n ya\u015f\u0131lla\u015fd\u0131r\u0131lmas\u0131n\u0131n vacibliyi m\u00f6vzusu x\u00fcsusi vur\u011fulan\u0131r. Filmd\u0259 yurdundan ayr\u0131 d\u00fc\u015fm\u00fc\u015f, u\u015faql\u0131q v\u0259 g\u0259nclik ill\u0259rini v\u0259t\u0259n h\u0259sr\u0259ti il\u0259 ke\u00e7irmi\u015f v\u0259 &hellip;<\/p>\n","protected":false},"author":1,"featured_media":8211,"comment_status":"open","ping_status":"closed","sticky":false,"template":"","format":"standard","meta":{"footnotes":""},"categories":[9],"tags":[],"class_list":["post-8210","post","type-post","status-publish","format-standard","has-post-thumbnail","hentry","category-xeber"],"_links":{"self":[{"href":"https:\/\/millitv.net\/index.php?rest_route=\/wp\/v2\/posts\/8210","targetHints":{"allow":["GET"]}}],"collection":[{"href":"https:\/\/millitv.net\/index.php?rest_route=\/wp\/v2\/posts"}],"about":[{"href":"https:\/\/millitv.net\/index.php?rest_route=\/wp\/v2\/types\/post"}],"author":[{"embeddable":true,"href":"https:\/\/millitv.net\/index.php?rest_route=\/wp\/v2\/users\/1"}],"replies":[{"embeddable":true,"href":"https:\/\/millitv.net\/index.php?rest_route=%2Fwp%2Fv2%2Fcomments&post=8210"}],"version-history":[{"count":0,"href":"https:\/\/millitv.net\/index.php?rest_route=\/wp\/v2\/posts\/8210\/revisions"}],"wp:featuredmedia":[{"embeddable":true,"href":"https:\/\/millitv.net\/index.php?rest_route=\/wp\/v2\/media\/8211"}],"wp:attachment":[{"href":"https:\/\/millitv.net\/index.php?rest_route=%2Fwp%2Fv2%2Fmedia&parent=8210"}],"wp:term":[{"taxonomy":"category","embeddable":true,"href":"https:\/\/millitv.net\/index.php?rest_route=%2Fwp%2Fv2%2Fcategories&post=8210"},{"taxonomy":"post_tag","embeddable":true,"href":"https:\/\/millitv.net\/index.php?rest_route=%2Fwp%2Fv2%2Ftags&post=8210"}],"curies":[{"name":"wp","href":"https:\/\/api.w.org\/{rel}","templated":true}]}}