{"id":8175,"date":"2023-11-06T07:45:21","date_gmt":"2023-11-06T07:45:21","guid":{"rendered":"https:\/\/millinews.az\/xeber\/arda-hey%C9%99td%C9%99-yer-aldi-real-budr%C9%99di\/"},"modified":"2023-11-06T07:45:21","modified_gmt":"2023-11-06T07:45:21","slug":"arda-hey%C9%99td%C9%99-yer-aldi-real-budr%C9%99di","status":"publish","type":"post","link":"https:\/\/millitv.net\/?p=8175","title":{"rendered":"Arda hey\u0259td\u0259 yer ald\u0131: &#8220;Real&#8221; b\u00fcdr\u0259di"},"content":{"rendered":"<div id=\"maincontent\">&#13;<br \/>\n        &#13;<\/p>\n<p><strong>\u201cReal\u201d \u0130spaniya \u00e7empionat\u0131n\u0131n 12-ci turunun ev oyununda &#8220;Rayo Valyekano&#8221;nu m\u0259\u011flub ed\u0259 bilm\u0259yib.<\/strong>&#13;\n<\/p>\n<p><a href=\"https:\/\/Millinews.az\" target=\"_blank\" class=\"kw-link\" rel=\"noopener\">Millinews.az<\/a> x\u0259b\u0259r verir ki, g\u00f6r\u00fc\u015f qolsuz yekunla\u015f\u0131b. Arda G\u00fcler hey\u0259td\u0259 yer alsa da, oyuna daxil olmay\u0131b. <\/p>\n<p>M\u0259lumata g\u00f6r\u0259, Arda &#8220;Real&#8221; q\u0259l\u0259b\u0259ni t\u0259min ed\u0259c\u0259yi t\u0259qdird\u0259 oyuna burax\u0131lacaqd\u0131. <\/p>\n<p><iframe loading=\"lazy\" title=\"Real Madrid 0-0 Rayo Vallecano | HIGHLIGHTS | LaLiga 2023\/24\" width=\"500\" height=\"281\" src=\"https:\/\/www.youtube.com\/embed\/L7U7x_Ycjzo?feature=oembed\" frameborder=\"0\" allow=\"accelerometer; autoplay; clipboard-write; encrypted-media; gyroscope; picture-in-picture; web-share\" referrerpolicy=\"strict-origin-when-cross-origin\" allowfullscreen><\/iframe><\/p>\n<p><noscript><\/p>\n<p>You must enable Javascript on your browser for the site to work optimally and display sections completely.<\/p>\n<p><\/noscript>\t\t&#13;<br \/>\n\t\t&#13;\n    <\/div>\n<p><script type=\"text\/javascript\">jQuery(document).ready(function () {\n(function(d, s, id) {\n    var js, fjs = d.getElementsByTagName(s)[0];\n    if (d.getElementById(id))\n        return;\n    js = d.createElement(s);\n    js.id = id;\n    js.src = \"\/\/connect.facebook.net\/az_AZ\/all.js#xfbml=1&appId=1002485763137712\";\n    fjs.parentNode.insertBefore(js, fjs);\n}(document, 'script', 'facebook-jssdk'));                \n});<\/script><\/p>\n","protected":false},"excerpt":{"rendered":"<p>&#13; &#13; \u201cReal\u201d \u0130spaniya \u00e7empionat\u0131n\u0131n 12-ci turunun ev oyununda &#8220;Rayo Valyekano&#8221;nu m\u0259\u011flub ed\u0259 bilm\u0259yib.&#13; Millinews.az x\u0259b\u0259r verir ki, g\u00f6r\u00fc\u015f qolsuz yekunla\u015f\u0131b. Arda G\u00fcler hey\u0259td\u0259 yer alsa da, oyuna daxil olmay\u0131b. M\u0259lumata g\u00f6r\u0259, Arda &#8220;Real&#8221; q\u0259l\u0259b\u0259ni t\u0259min ed\u0259c\u0259yi t\u0259qdird\u0259 oyuna burax\u0131lacaqd\u0131. You must enable Javascript on your browser for the site to work optimally and display &hellip;<\/p>\n","protected":false},"author":1,"featured_media":8176,"comment_status":"open","ping_status":"closed","sticky":false,"template":"","format":"standard","meta":{"footnotes":""},"categories":[9],"tags":[],"class_list":["post-8175","post","type-post","status-publish","format-standard","has-post-thumbnail","hentry","category-xeber"],"_links":{"self":[{"href":"https:\/\/millitv.net\/index.php?rest_route=\/wp\/v2\/posts\/8175","targetHints":{"allow":["GET"]}}],"collection":[{"href":"https:\/\/millitv.net\/index.php?rest_route=\/wp\/v2\/posts"}],"about":[{"href":"https:\/\/millitv.net\/index.php?rest_route=\/wp\/v2\/types\/post"}],"author":[{"embeddable":true,"href":"https:\/\/millitv.net\/index.php?rest_route=\/wp\/v2\/users\/1"}],"replies":[{"embeddable":true,"href":"https:\/\/millitv.net\/index.php?rest_route=%2Fwp%2Fv2%2Fcomments&post=8175"}],"version-history":[{"count":0,"href":"https:\/\/millitv.net\/index.php?rest_route=\/wp\/v2\/posts\/8175\/revisions"}],"wp:featuredmedia":[{"embeddable":true,"href":"https:\/\/millitv.net\/index.php?rest_route=\/wp\/v2\/media\/8176"}],"wp:attachment":[{"href":"https:\/\/millitv.net\/index.php?rest_route=%2Fwp%2Fv2%2Fmedia&parent=8175"}],"wp:term":[{"taxonomy":"category","embeddable":true,"href":"https:\/\/millitv.net\/index.php?rest_route=%2Fwp%2Fv2%2Fcategories&post=8175"},{"taxonomy":"post_tag","embeddable":true,"href":"https:\/\/millitv.net\/index.php?rest_route=%2Fwp%2Fv2%2Ftags&post=8175"}],"curies":[{"name":"wp","href":"https:\/\/api.w.org\/{rel}","templated":true}]}}