{"id":8154,"date":"2023-11-06T06:16:25","date_gmt":"2023-11-06T06:16:25","guid":{"rendered":"https:\/\/millinews.az\/xeber\/bu-gun-teleradio-iscil%C9%99rinin-pes%C9%99-bayrami-gunudur\/"},"modified":"2023-11-06T06:16:25","modified_gmt":"2023-11-06T06:16:25","slug":"bu-gun-teleradio-iscil%C9%99rinin-pes%C9%99-bayrami-gunudur","status":"publish","type":"post","link":"https:\/\/millitv.net\/?p=8154","title":{"rendered":"Bu g\u00fcn teleradio i\u015f\u00e7il\u0259rinin pe\u015f\u0259 bayram\u0131 g\u00fcn\u00fcd\u00fcr"},"content":{"rendered":"<div id=\"maincontent\">&#13;<br \/>\n        &#13;<\/p>\n<p><strong>Bu g\u00fcn Az\u0259rbaycanda radio v\u0259 televiziya i\u015f\u00e7il\u0259rinin pe\u015f\u0259 bayram\u0131 g\u00fcn\u00fcd\u00fcr.<\/strong><\/p>\n<p><a href=\"https:\/\/Millinews.az\" target=\"_blank\" class=\"kw-link\" rel=\"noopener\">Millinews.az<\/a> xat\u0131rlad\u0131r ki, 1926-c\u0131 il noyabr\u0131n 6-da Az\u0259rbaycanda ilk d\u0259f\u0259 radio verili\u015fl\u0259rinin yay\u0131m\u0131na ba\u015flan\u0131l\u0131b. H\u0259min g\u00fcn \u00f6lk\u0259 paytaxt\u0131n\u0131n k\u00fc\u00e7\u0259 v\u0259 meydanlar\u0131nda qurulmu\u015f reproduktorlardan ilk d\u0259f\u0259 \u201cDan\u0131\u015f\u0131r Bak\u0131\u201d ifad\u0259si s\u0259sl\u0259nib. Bu hadis\u0259 o vaxt Az\u0259rbaycan xalq\u0131n\u0131n siyasi v\u0259 m\u0259d\u0259ni h\u0259yat\u0131nda b\u00f6y\u00fck bir yenilik idi. &#13;\n<\/p>\n<p>Az\u0259rbaycan Televiziyas\u0131 yaranandan sonra is\u0259 bu tarix t\u0259kc\u0259 radionun deyil, teleradionun da yaranma g\u00fcn\u00fc kimi qeyd olunma\u011fa ba\u015flay\u0131b. 1956-c\u0131 il fevral\u0131n 14-d\u0259 Bak\u0131 Televiziya Studiyas\u0131 ilk d\u0259f\u0259 efir\u0259 \u00e7\u0131x\u0131b. \u0130lk verili\u015f g\u00fcn\u00fc ekranda m\u0259rhum s\u0259n\u0259tkar\u0131m\u0131z N\u0259cib\u0259 M\u0259likova g\u00f6r\u00fcn\u00fcb v\u0259 o, \u00e7\u0131x\u0131\u015f\u0131na \u201cG\u00f6st\u0259rir Bak\u0131\u201d s\u00f6zl\u0259ri il\u0259 ba\u015flay\u0131b. H\u0259min g\u00fcn televiziyada \u201cB\u0259xtiyar\u201d b\u0259dii filmi n\u00fcmayi\u015f etdirilib.<\/p>\n<p>Az\u0259rbaycan m\u00fcst\u0259qillik \u0259ld\u0259 etdikd\u0259n sonra teleradio m\u0259kan\u0131nda b\u00f6y\u00fck d\u0259yi\u015fiklikl\u0259r ba\u015f verib. 2016-c\u0131 ild\u0259 is\u0259 daha bir yenilikl\u0259 &#8211; Bak\u0131, Sumqay\u0131t \u015f\u0259h\u0259rl\u0259ri v\u0259 Ab\u015feron yar\u0131madas\u0131nda r\u0259q\u0259mli televiziya yay\u0131m\u0131na ke\u00e7id ba\u015f verib.<\/p>\n<p>2020-ci ild\u0259 44 g\u00fcnl\u00fck V\u0259t\u0259n m\u00fcharib\u0259sind\u0259 torpaqlar\u0131m\u0131z i\u015f\u011faldan azad olunduqdan sonra bu \u0259razil\u0259rd\u0259 d\u0259 teleradio f\u0259aliyy\u0259t g\u00f6st\u0259rir.<\/p>\n<p>H\u0259m\u00e7inin, bu il oktyabr\u0131n 21-d\u0259 Az\u0259rbaycan Beyn\u0259lxalq Radiosu Qaraba\u011fda f\u0259aliyy\u0259t\u0259 ba\u015flay\u0131b, radio noyabr\u0131n 1-d\u0259n 24 saatl\u0131q yay\u0131m rejimin\u0259 ke\u00e7ib.<\/p>\n<p>Qeyd ed\u0259k ki, bu g\u00fcn \u00fcmumrespublika \u00fczr\u0259 yer\u00fcst\u00fc yay\u0131mlanan 12 telekanal, 16 radio, 7 regional telekanal v\u0259 3 regional radio, Nax\u00e7\u0131vanda is\u0259 1 telekanal f\u0259aliyy\u0259t g\u00f6st\u0259rir. \u00d6lk\u0259d\u0259 \u00fcmumilikd\u0259 5 televiziya peyk vasit\u0259sil\u0259, 15 telekanal is\u0259 elektron platformada (YouTube) yay\u0131mlan\u0131r.&#13;<br \/>\n        &#13;<br \/>\n&#13;<br \/>\n        &#13;<br \/>\n&#13;\n        <\/p>\n<p><noscript><\/p>\n<p>You must enable Javascript on your browser for the site to work optimally and display sections completely.<\/p>\n<p><\/noscript>\t\t&#13;<br \/>\n\t\t&#13;\n    <\/div>\n<p><script type=\"text\/javascript\">jQuery(document).ready(function () {\n(function(d, s, id) {\n    var js, fjs = d.getElementsByTagName(s)[0];\n    if (d.getElementById(id))\n        return;\n    js = d.createElement(s);\n    js.id = id;\n    js.src = \"\/\/connect.facebook.net\/az_AZ\/all.js#xfbml=1&appId=1002485763137712\";\n    fjs.parentNode.insertBefore(js, fjs);\n}(document, 'script', 'facebook-jssdk'));                \n});<\/script><\/p>\n","protected":false},"excerpt":{"rendered":"<p>&#13; &#13; Bu g\u00fcn Az\u0259rbaycanda radio v\u0259 televiziya i\u015f\u00e7il\u0259rinin pe\u015f\u0259 bayram\u0131 g\u00fcn\u00fcd\u00fcr. Millinews.az xat\u0131rlad\u0131r ki, 1926-c\u0131 il noyabr\u0131n 6-da Az\u0259rbaycanda ilk d\u0259f\u0259 radio verili\u015fl\u0259rinin yay\u0131m\u0131na ba\u015flan\u0131l\u0131b. H\u0259min g\u00fcn \u00f6lk\u0259 paytaxt\u0131n\u0131n k\u00fc\u00e7\u0259 v\u0259 meydanlar\u0131nda qurulmu\u015f reproduktorlardan ilk d\u0259f\u0259 \u201cDan\u0131\u015f\u0131r Bak\u0131\u201d ifad\u0259si s\u0259sl\u0259nib. Bu hadis\u0259 o vaxt Az\u0259rbaycan xalq\u0131n\u0131n siyasi v\u0259 m\u0259d\u0259ni h\u0259yat\u0131nda b\u00f6y\u00fck bir yenilik idi. &hellip;<\/p>\n","protected":false},"author":1,"featured_media":8155,"comment_status":"open","ping_status":"closed","sticky":false,"template":"","format":"standard","meta":{"footnotes":""},"categories":[9],"tags":[],"class_list":["post-8154","post","type-post","status-publish","format-standard","has-post-thumbnail","hentry","category-xeber"],"_links":{"self":[{"href":"https:\/\/millitv.net\/index.php?rest_route=\/wp\/v2\/posts\/8154","targetHints":{"allow":["GET"]}}],"collection":[{"href":"https:\/\/millitv.net\/index.php?rest_route=\/wp\/v2\/posts"}],"about":[{"href":"https:\/\/millitv.net\/index.php?rest_route=\/wp\/v2\/types\/post"}],"author":[{"embeddable":true,"href":"https:\/\/millitv.net\/index.php?rest_route=\/wp\/v2\/users\/1"}],"replies":[{"embeddable":true,"href":"https:\/\/millitv.net\/index.php?rest_route=%2Fwp%2Fv2%2Fcomments&post=8154"}],"version-history":[{"count":0,"href":"https:\/\/millitv.net\/index.php?rest_route=\/wp\/v2\/posts\/8154\/revisions"}],"wp:featuredmedia":[{"embeddable":true,"href":"https:\/\/millitv.net\/index.php?rest_route=\/wp\/v2\/media\/8155"}],"wp:attachment":[{"href":"https:\/\/millitv.net\/index.php?rest_route=%2Fwp%2Fv2%2Fmedia&parent=8154"}],"wp:term":[{"taxonomy":"category","embeddable":true,"href":"https:\/\/millitv.net\/index.php?rest_route=%2Fwp%2Fv2%2Fcategories&post=8154"},{"taxonomy":"post_tag","embeddable":true,"href":"https:\/\/millitv.net\/index.php?rest_route=%2Fwp%2Fv2%2Ftags&post=8154"}],"curies":[{"name":"wp","href":"https:\/\/api.w.org\/{rel}","templated":true}]}}