{"id":8110,"date":"2023-11-05T14:14:29","date_gmt":"2023-11-05T14:14:29","guid":{"rendered":"https:\/\/millinews.az\/xeber\/xacmazda-tanisini-oldurm%C9%99kd%C9%99-t%C9%99qsirl%C9%99ndiril%C9%99n-s%C9%99xs-h%C9%99bs-edildi\/"},"modified":"2023-11-05T14:14:29","modified_gmt":"2023-11-05T14:14:29","slug":"xacmazda-tanisini-oldurm%C9%99kd%C9%99-t%C9%99qsirl%C9%99ndiril%C9%99n-s%C9%99xs-h%C9%99bs-edildi","status":"publish","type":"post","link":"https:\/\/millitv.net\/?p=8110","title":{"rendered":"Xa\u00e7mazda tan\u0131\u015f\u0131n\u0131 \u00f6ld\u00fcrm\u0259kd\u0259 t\u0259qsirl\u0259ndiril\u0259n \u015f\u0259xs h\u0259bs edildi"},"content":{"rendered":"<div id=\"maincontent\">&#13;<br \/>\n        &#13;<\/p>\n<p><strong>Oktyabr\u0131n 31-d\u0259 Xa\u00e7maz \u015f\u0259h\u0259r sakini, 1961-ci il t\u0259v\u0259ll\u00fcdl\u00fc Mafiz\u0259 \u015eirinbalayevan\u0131n \u00fcz\u0259rind\u0259 x\u0259sar\u0259t izl\u0259ri olan meyitinin ya\u015fad\u0131\u011f\u0131 f\u0259rdi ya\u015fay\u0131\u015f evind\u0259 a\u015fkar edilm\u0259si bar\u0259d\u0259 rayon prokurorlu\u011funa m\u0259lumat daxil olub.<\/strong><\/p>\n<p>Ba\u015f Prokurorlu\u011fun M\u0259tbuat xidm\u0259tind\u0259n veril\u0259n m\u0259lumata g\u00f6r\u0259, h\u0259yata ke\u00e7iril\u0259n kompleks istintaq-\u0259m\u0259liyyat t\u0259dbirl\u0259ri n\u0259tic\u0259sind\u0259 1985-ci il t\u0259v\u0259ll\u00fcdl\u00fc \u015eahin \u018fhm\u0259dovun oktyabr\u0131n 21-d\u0259 aralar\u0131nda yaranm\u0131\u015f m\u00fcbahis\u0259 zaman\u0131 tan\u0131\u015f\u0131 Mafiz\u0259 \u015eirinbalayevan\u0131 b\u0131\u00e7aqla x\u0259sar\u0259tl\u0259r yetir\u0259r\u0259k q\u0259sd\u0259n \u00f6ld\u00fcrm\u0259sin\u0259 \u0259sasl\u0131 \u015f\u00fcbh\u0259l\u0259r m\u00fc\u0259yy\u0259n edilib.<\/p>\n<p>Faktla ba\u011fl\u0131 Xa\u00e7maz rayon prokurorlu\u011funda Cinay\u0259t M\u0259c\u0259ll\u0259sinin 120.1-ci (q\u0259sd\u0259n adam \u00f6ld\u00fcrm\u0259) madd\u0259sil\u0259 cinay\u0259t i\u015fi ba\u015flan\u0131b, \u015eahin \u018fhm\u0259dov t\u0259qsirl\u0259ndiril\u0259n \u015f\u0259xs qismind\u0259 c\u0259lb olunaraq bar\u0259sind\u0259 m\u0259hk\u0259m\u0259nin q\u0259rar\u0131 il\u0259 h\u0259bs q\u0259timkan t\u0259dbiri se\u00e7ilib.<\/p>\n<p>Haz\u0131rda ibtidai istintaq davam edir.<\/p>\n<p>&#13;<br \/>\n        &#13;<br \/>\n&#13;<br \/>\n        &#13;<br \/>\n&#13;<\/p>\n<p><noscript><\/p>\n<p>You must enable Javascript on your browser for the site to work optimally and display sections completely.<\/p>\n<p><\/noscript>\t\t&#13;<br \/>\n\t\t&#13;\n    <\/div>\n<p><script type=\"text\/javascript\">jQuery(document).ready(function () {\n(function(d, s, id) {\n    var js, fjs = d.getElementsByTagName(s)[0];\n    if (d.getElementById(id))\n        return;\n    js = d.createElement(s);\n    js.id = id;\n    js.src = \"\/\/connect.facebook.net\/az_AZ\/all.js#xfbml=1&appId=1002485763137712\";\n    fjs.parentNode.insertBefore(js, fjs);\n}(document, 'script', 'facebook-jssdk'));                \n});<\/script><\/p>\n","protected":false},"excerpt":{"rendered":"<p>&#13; &#13; Oktyabr\u0131n 31-d\u0259 Xa\u00e7maz \u015f\u0259h\u0259r sakini, 1961-ci il t\u0259v\u0259ll\u00fcdl\u00fc Mafiz\u0259 \u015eirinbalayevan\u0131n \u00fcz\u0259rind\u0259 x\u0259sar\u0259t izl\u0259ri olan meyitinin ya\u015fad\u0131\u011f\u0131 f\u0259rdi ya\u015fay\u0131\u015f evind\u0259 a\u015fkar edilm\u0259si bar\u0259d\u0259 rayon prokurorlu\u011funa m\u0259lumat daxil olub. Ba\u015f Prokurorlu\u011fun M\u0259tbuat xidm\u0259tind\u0259n veril\u0259n m\u0259lumata g\u00f6r\u0259, h\u0259yata ke\u00e7iril\u0259n kompleks istintaq-\u0259m\u0259liyyat t\u0259dbirl\u0259ri n\u0259tic\u0259sind\u0259 1985-ci il t\u0259v\u0259ll\u00fcdl\u00fc \u015eahin \u018fhm\u0259dovun oktyabr\u0131n 21-d\u0259 aralar\u0131nda yaranm\u0131\u015f m\u00fcbahis\u0259 zaman\u0131 tan\u0131\u015f\u0131 Mafiz\u0259 &hellip;<\/p>\n","protected":false},"author":1,"featured_media":8111,"comment_status":"open","ping_status":"closed","sticky":false,"template":"","format":"standard","meta":{"footnotes":""},"categories":[9],"tags":[],"class_list":["post-8110","post","type-post","status-publish","format-standard","has-post-thumbnail","hentry","category-xeber"],"_links":{"self":[{"href":"https:\/\/millitv.net\/index.php?rest_route=\/wp\/v2\/posts\/8110","targetHints":{"allow":["GET"]}}],"collection":[{"href":"https:\/\/millitv.net\/index.php?rest_route=\/wp\/v2\/posts"}],"about":[{"href":"https:\/\/millitv.net\/index.php?rest_route=\/wp\/v2\/types\/post"}],"author":[{"embeddable":true,"href":"https:\/\/millitv.net\/index.php?rest_route=\/wp\/v2\/users\/1"}],"replies":[{"embeddable":true,"href":"https:\/\/millitv.net\/index.php?rest_route=%2Fwp%2Fv2%2Fcomments&post=8110"}],"version-history":[{"count":0,"href":"https:\/\/millitv.net\/index.php?rest_route=\/wp\/v2\/posts\/8110\/revisions"}],"wp:featuredmedia":[{"embeddable":true,"href":"https:\/\/millitv.net\/index.php?rest_route=\/wp\/v2\/media\/8111"}],"wp:attachment":[{"href":"https:\/\/millitv.net\/index.php?rest_route=%2Fwp%2Fv2%2Fmedia&parent=8110"}],"wp:term":[{"taxonomy":"category","embeddable":true,"href":"https:\/\/millitv.net\/index.php?rest_route=%2Fwp%2Fv2%2Fcategories&post=8110"},{"taxonomy":"post_tag","embeddable":true,"href":"https:\/\/millitv.net\/index.php?rest_route=%2Fwp%2Fv2%2Ftags&post=8110"}],"curies":[{"name":"wp","href":"https:\/\/api.w.org\/{rel}","templated":true}]}}