{"id":8094,"date":"2023-11-05T08:56:23","date_gmt":"2023-11-05T08:56:23","guid":{"rendered":"https:\/\/millinews.az\/xeber\/t%C9%99rt%C9%99rd%C9%99-mina-partladi-x%C9%99sar%C9%99t-alan-var\/"},"modified":"2023-11-05T08:56:23","modified_gmt":"2023-11-05T08:56:23","slug":"t%C9%99rt%C9%99rd%C9%99-mina-partladi-x%C9%99sar%C9%99t-alan-var","status":"publish","type":"post","link":"https:\/\/millitv.net\/?p=8094","title":{"rendered":"T\u0259rt\u0259rd\u0259 mina partlad\u0131: X\u0259sar\u0259t alan var"},"content":{"rendered":"<div id=\"maincontent\">&#13;<br \/>\n        &#13;<\/p>\n<p><strong>Noyabr\u0131n 5-d\u0259 saat 12:00 rad\u0259l\u0259rind\u0259 T\u0259rt\u0259r rayonu T\u0259p\u0259k\u0259nd k\u0259ndinin minalardan t\u0259mizl\u0259nm\u0259y\u0259n \u0259razisind\u0259 mina partlay\u0131\u015f\u0131 ba\u015f verm\u0259si il\u0259 ba\u011fl\u0131 polis\u0259 m\u0259lumat daxil olub.<\/strong><\/p>\n<p>D\u0130N-in M\u0259tbuat Xidm\u0259tinin bildirilib ki, rayonun Seyidimli k\u0259nd sakini, 1965-ci il t\u0259v\u0259ll\u00fcdl\u00fc H\u00fcseynov Asif Novruz o\u011flu aya\u011f\u0131ndan x\u0259sar\u0259t al\u0131b.<\/p>\n<p>Faktla ba\u011fl\u0131 ara\u015fd\u0131rma apar\u0131l\u0131r.<\/p>\n<p>\u201cBir daha v\u0259t\u0259nda\u015flar\u0131 minalardan t\u0259mizl\u0259nm\u0259y\u0259n \u0259razil\u0259r\u0259 daxil olmama\u011fa, t\u0259l\u0259b olunan qaydalara riay\u0259t etm\u0259y\u0259 \u00e7a\u011f\u0131r\u0131r\u0131q\u201d-dey\u0259, m\u0259lumatda vur\u011fulan\u0131b.<\/p>\n<p>&#13;<br \/>\n        &#13;<br \/>\n&#13;<br \/>\n        &#13;<br \/>\n&#13;<\/p>\n<p><noscript><\/p>\n<p>You must enable Javascript on your browser for the site to work optimally and display sections completely.<\/p>\n<p><\/noscript>\t\t&#13;<br \/>\n\t\t&#13;\n    <\/div>\n<p><script type=\"text\/javascript\">jQuery(document).ready(function () {\n(function(d, s, id) {\n    var js, fjs = d.getElementsByTagName(s)[0];\n    if (d.getElementById(id))\n        return;\n    js = d.createElement(s);\n    js.id = id;\n    js.src = \"\/\/connect.facebook.net\/az_AZ\/all.js#xfbml=1&appId=1002485763137712\";\n    fjs.parentNode.insertBefore(js, fjs);\n}(document, 'script', 'facebook-jssdk'));                \n});<\/script><\/p>\n","protected":false},"excerpt":{"rendered":"<p>&#13; &#13; Noyabr\u0131n 5-d\u0259 saat 12:00 rad\u0259l\u0259rind\u0259 T\u0259rt\u0259r rayonu T\u0259p\u0259k\u0259nd k\u0259ndinin minalardan t\u0259mizl\u0259nm\u0259y\u0259n \u0259razisind\u0259 mina partlay\u0131\u015f\u0131 ba\u015f verm\u0259si il\u0259 ba\u011fl\u0131 polis\u0259 m\u0259lumat daxil olub. D\u0130N-in M\u0259tbuat Xidm\u0259tinin bildirilib ki, rayonun Seyidimli k\u0259nd sakini, 1965-ci il t\u0259v\u0259ll\u00fcdl\u00fc H\u00fcseynov Asif Novruz o\u011flu aya\u011f\u0131ndan x\u0259sar\u0259t al\u0131b. Faktla ba\u011fl\u0131 ara\u015fd\u0131rma apar\u0131l\u0131r. \u201cBir daha v\u0259t\u0259nda\u015flar\u0131 minalardan t\u0259mizl\u0259nm\u0259y\u0259n \u0259razil\u0259r\u0259 daxil olmama\u011fa, &hellip;<\/p>\n","protected":false},"author":1,"featured_media":8095,"comment_status":"open","ping_status":"closed","sticky":false,"template":"","format":"standard","meta":{"footnotes":""},"categories":[9],"tags":[],"class_list":["post-8094","post","type-post","status-publish","format-standard","has-post-thumbnail","hentry","category-xeber"],"_links":{"self":[{"href":"https:\/\/millitv.net\/index.php?rest_route=\/wp\/v2\/posts\/8094","targetHints":{"allow":["GET"]}}],"collection":[{"href":"https:\/\/millitv.net\/index.php?rest_route=\/wp\/v2\/posts"}],"about":[{"href":"https:\/\/millitv.net\/index.php?rest_route=\/wp\/v2\/types\/post"}],"author":[{"embeddable":true,"href":"https:\/\/millitv.net\/index.php?rest_route=\/wp\/v2\/users\/1"}],"replies":[{"embeddable":true,"href":"https:\/\/millitv.net\/index.php?rest_route=%2Fwp%2Fv2%2Fcomments&post=8094"}],"version-history":[{"count":0,"href":"https:\/\/millitv.net\/index.php?rest_route=\/wp\/v2\/posts\/8094\/revisions"}],"wp:featuredmedia":[{"embeddable":true,"href":"https:\/\/millitv.net\/index.php?rest_route=\/wp\/v2\/media\/8095"}],"wp:attachment":[{"href":"https:\/\/millitv.net\/index.php?rest_route=%2Fwp%2Fv2%2Fmedia&parent=8094"}],"wp:term":[{"taxonomy":"category","embeddable":true,"href":"https:\/\/millitv.net\/index.php?rest_route=%2Fwp%2Fv2%2Fcategories&post=8094"},{"taxonomy":"post_tag","embeddable":true,"href":"https:\/\/millitv.net\/index.php?rest_route=%2Fwp%2Fv2%2Ftags&post=8094"}],"curies":[{"name":"wp","href":"https:\/\/api.w.org\/{rel}","templated":true}]}}