{"id":8038,"date":"2023-11-04T16:13:30","date_gmt":"2023-11-04T16:13:30","guid":{"rendered":"https:\/\/millinews.az\/xeber\/ilham-eliyev-almaniyanin-xarici-isl%C9%99r-nazirini-q%C9%99bul-edib\/"},"modified":"2023-11-04T16:13:30","modified_gmt":"2023-11-04T16:13:30","slug":"ilham-eliyev-almaniyanin-xarici-isl%C9%99r-nazirini-q%C9%99bul-edib","status":"publish","type":"post","link":"https:\/\/millitv.net\/?p=8038","title":{"rendered":"\u0130lham \u018fliyev Almaniyan\u0131n xarici i\u015fl\u0259r nazirini q\u0259bul edib"},"content":{"rendered":"<div id=\"maincontent\">&#13;<br \/>\n        &#13;<\/p>\n<p><strong>Az\u0259rbaycan Respublikas\u0131n\u0131n Prezidenti \u0130lham \u018fliyev noyabr\u0131n 4-d\u0259 Almaniya Federativ Respublikas\u0131n\u0131n xarici i\u015fl\u0259r naziri Annalena Berboku q\u0259bul edib.<\/strong><\/p>\n<p><a href=\"https:\/\/Millinews.az\" target=\"_blank\" class=\"kw-link\" rel=\"noopener\">Millinews.az<\/a> x\u0259b\u0259r verir ki, g\u00f6r\u00fc\u015fd\u0259 Az\u0259rbaycan-Almaniya ikit\u0259r\u0259fli \u0259laq\u0259l\u0259ri, Erm\u0259nistan il\u0259 Az\u0259rbaycan aras\u0131nda m\u00fcnasib\u0259tl\u0259rin normalla\u015fd\u0131r\u0131lmas\u0131 v\u0259 b\u00fct\u00f6vl\u00fckd\u0259 C\u0259nubi Qafqaz regionunda s\u00fclh\u00fcn, sabitliyin v\u0259 t\u0259hl\u00fck\u0259sizliyin t\u0259min olunmas\u0131 m\u0259s\u0259l\u0259l\u0259ri \u0259traf\u0131nda fikir m\u00fcbadil\u0259si apar\u0131ld\u0131. &#13;\n<\/p>\n<p>Almaniyan\u0131n xarici i\u015fl\u0259r naziri \u00f6lk\u0259sinin Az\u0259rbaycan il\u0259 Erm\u0259nistan aras\u0131nda m\u00fcnasib\u0259tl\u0259rin normalla\u015fd\u0131r\u0131lmas\u0131, s\u00fclh m\u00fcqavil\u0259sinin imzalanmas\u0131 v\u0259 bu x\u00fcsusda Avropa \u0130ttifaq\u0131n\u0131n d\u0259st\u0259yi il\u0259 apar\u0131lan Br\u00fcssel platformas\u0131n\u0131 d\u0259st\u0259kl\u0259diyini diqq\u0259t\u0259 \u00e7atd\u0131rd\u0131. O, h\u0259m\u00e7inin Az\u0259rbaycan\u0131n \u00fczl\u0259\u015fdiyi humanitar mina probleminin aradan qald\u0131r\u0131lmas\u0131na Almaniyan\u0131n k\u00f6m\u0259k g\u00f6st\u0259rm\u0259y\u0259 haz\u0131r oldu\u011funu bildirdi.<\/p>\n<p>D\u00f6vl\u0259timizin ba\u015f\u00e7\u0131s\u0131 bu ilin mart\u0131nda Almaniyaya s\u0259f\u0259rini v\u0259 s\u0259f\u0259r \u00e7\u0259r\u00e7iv\u0259sind\u0259 Kansler Olaf \u015eolts, Prezident Frank-Valter \u015etaynmayer il\u0259 ke\u00e7irdiyi g\u00f6r\u00fc\u015fl\u0259ri m\u0259mnunluqla xat\u0131rlad\u0131.<\/p>\n<p>Prezident \u0130lham \u018fliyev Az\u0259rbaycan\u0131n C\u0259nubi Qafqaz \u00f6lk\u0259l\u0259ri aras\u0131nda regional \u0259m\u0259kda\u015fl\u0131\u011f\u0131 d\u0259st\u0259kl\u0259diyini bildirdi, Erm\u0259nistan\u0131n Az\u0259rbaycana t\u0259cav\u00fcz\u00fc n\u0259tic\u0259sind\u0259 bu \u00fc\u00e7 \u00f6lk\u0259 aras\u0131nda \u0259m\u0259kda\u015fl\u0131\u011f\u0131n indiy\u0259d\u0259k m\u00fcmk\u00fcn olmad\u0131\u011f\u0131n\u0131 qeyd etdi.<\/p>\n<p>D\u00f6vl\u0259timizin ba\u015f\u00e7\u0131s\u0131 Erm\u0259nistan\u0131n son \u00fc\u00e7 ild\u0259 Az\u0259rbaycan\u0131n Qaraba\u011f b\u00f6lg\u0259sin\u0259 silah-sursat\u0131n v\u0259 h\u0259rbi hey\u0259tin da\u015f\u0131nmas\u0131n\u0131 h\u0259yata ke\u00e7irdiyini vur\u011fulad\u0131. Prezident \u0130lham \u018fliyev sentyabr\u0131n 2-d\u0259 Nikol Pa\u015finyan\u0131n Erm\u0259nistan t\u0259r\u0259find\u0259n Az\u0259rbaycan \u0259razil\u0259rind\u0259 yarad\u0131lm\u0131\u015f v\u0259 d\u0259st\u0259kl\u0259n\u0259n qondarma rejimi t\u0259brik etm\u0259sini v\u0259 art\u0131q \u00f6z\u00fcn\u00fc l\u0259\u011fv etmi\u015f qondarma rejimin sentyabr\u0131n 9-da d\u0131rnaqaras\u0131 \u201cse\u00e7kil\u0259r\u201d ke\u00e7irm\u0259sini regionda v\u0259ziyy\u0259tin g\u0259rginl\u0259\u015fm\u0259sin\u0259 xidm\u0259t ed\u0259n t\u0259xribat\u00e7\u0131 add\u0131mlar oldu\u011funu bildirdi. Prezident \u0130lham \u018fliyev lokal xarakterli antiterror t\u0259dbirl\u0259ri n\u0259tic\u0259sind\u0259 Az\u0259rbaycan\u0131n suverenliyini b\u0259rpa etdiyini v\u0259 \u00f6lk\u0259mizin Erm\u0259nistan il\u0259 m\u00fcnasib\u0259tl\u0259rin normalla\u015fd\u0131r\u0131lmas\u0131n\u0131, s\u00fclh m\u00fcqavil\u0259sinin imzalanmas\u0131n\u0131, regional s\u00fclh g\u00fcnd\u0259liyini d\u0259st\u0259kl\u0259diyini diqq\u0259t\u0259 \u00e7atd\u0131rd\u0131.<\/p>\n<p>S\u00f6hb\u0259t \u0259snas\u0131nda Az\u0259rbaycan il\u0259 Almaniya aras\u0131nda ikit\u0259r\u0259fli \u0259laq\u0259l\u0259rin inki\u015faf perspektivl\u0259rin\u0259 dair fikir m\u00fcbadil\u0259si apar\u0131ld\u0131.&#13;<br \/>\n        &#13;<br \/>\n&#13;<br \/>\n        &#13;<br \/>\n&#13;\n        <\/p>\n<p><noscript><\/p>\n<p>You must enable Javascript on your browser for the site to work optimally and display sections completely.<\/p>\n<p><\/noscript>\t\t&#13;<br \/>\n\t\t&#13;\n    <\/div>\n<p><script type=\"text\/javascript\">jQuery(document).ready(function () {\n(function(d, s, id) {\n    var js, fjs = d.getElementsByTagName(s)[0];\n    if (d.getElementById(id))\n        return;\n    js = d.createElement(s);\n    js.id = id;\n    js.src = \"\/\/connect.facebook.net\/az_AZ\/all.js#xfbml=1&appId=1002485763137712\";\n    fjs.parentNode.insertBefore(js, fjs);\n}(document, 'script', 'facebook-jssdk'));                \n$('.fancybox').fancybox();\n});<\/script><\/p>\n","protected":false},"excerpt":{"rendered":"<p>&#13; &#13; Az\u0259rbaycan Respublikas\u0131n\u0131n Prezidenti \u0130lham \u018fliyev noyabr\u0131n 4-d\u0259 Almaniya Federativ Respublikas\u0131n\u0131n xarici i\u015fl\u0259r naziri Annalena Berboku q\u0259bul edib. Millinews.az x\u0259b\u0259r verir ki, g\u00f6r\u00fc\u015fd\u0259 Az\u0259rbaycan-Almaniya ikit\u0259r\u0259fli \u0259laq\u0259l\u0259ri, Erm\u0259nistan il\u0259 Az\u0259rbaycan aras\u0131nda m\u00fcnasib\u0259tl\u0259rin normalla\u015fd\u0131r\u0131lmas\u0131 v\u0259 b\u00fct\u00f6vl\u00fckd\u0259 C\u0259nubi Qafqaz regionunda s\u00fclh\u00fcn, sabitliyin v\u0259 t\u0259hl\u00fck\u0259sizliyin t\u0259min olunmas\u0131 m\u0259s\u0259l\u0259l\u0259ri \u0259traf\u0131nda fikir m\u00fcbadil\u0259si apar\u0131ld\u0131. &#13; Almaniyan\u0131n xarici i\u015fl\u0259r naziri \u00f6lk\u0259sinin &hellip;<\/p>\n","protected":false},"author":1,"featured_media":8039,"comment_status":"open","ping_status":"closed","sticky":false,"template":"","format":"standard","meta":{"footnotes":""},"categories":[9],"tags":[],"class_list":["post-8038","post","type-post","status-publish","format-standard","has-post-thumbnail","hentry","category-xeber"],"_links":{"self":[{"href":"https:\/\/millitv.net\/index.php?rest_route=\/wp\/v2\/posts\/8038","targetHints":{"allow":["GET"]}}],"collection":[{"href":"https:\/\/millitv.net\/index.php?rest_route=\/wp\/v2\/posts"}],"about":[{"href":"https:\/\/millitv.net\/index.php?rest_route=\/wp\/v2\/types\/post"}],"author":[{"embeddable":true,"href":"https:\/\/millitv.net\/index.php?rest_route=\/wp\/v2\/users\/1"}],"replies":[{"embeddable":true,"href":"https:\/\/millitv.net\/index.php?rest_route=%2Fwp%2Fv2%2Fcomments&post=8038"}],"version-history":[{"count":0,"href":"https:\/\/millitv.net\/index.php?rest_route=\/wp\/v2\/posts\/8038\/revisions"}],"wp:featuredmedia":[{"embeddable":true,"href":"https:\/\/millitv.net\/index.php?rest_route=\/wp\/v2\/media\/8039"}],"wp:attachment":[{"href":"https:\/\/millitv.net\/index.php?rest_route=%2Fwp%2Fv2%2Fmedia&parent=8038"}],"wp:term":[{"taxonomy":"category","embeddable":true,"href":"https:\/\/millitv.net\/index.php?rest_route=%2Fwp%2Fv2%2Fcategories&post=8038"},{"taxonomy":"post_tag","embeddable":true,"href":"https:\/\/millitv.net\/index.php?rest_route=%2Fwp%2Fv2%2Ftags&post=8038"}],"curies":[{"name":"wp","href":"https:\/\/api.w.org\/{rel}","templated":true}]}}