{"id":8015,"date":"2023-11-04T11:01:43","date_gmt":"2023-11-04T11:01:43","guid":{"rendered":"https:\/\/millinews.az\/xeber\/z%C9%99f%C9%99rin-s%C9%99si-adli-%C9%99d%C9%99bi-b%C9%99dii-t%C9%99dbir-kecirilib\/"},"modified":"2023-11-04T11:01:43","modified_gmt":"2023-11-04T11:01:43","slug":"z%C9%99f%C9%99rin-s%C9%99si-adli-%C9%99d%C9%99bi-b%C9%99dii-t%C9%99dbir-kecirilib","status":"publish","type":"post","link":"https:\/\/millitv.net\/?p=8015","title":{"rendered":"\u201cZ\u0259f\u0259rin S\u0259si\u201d adl\u0131 \u0259d\u0259bi-b\u0259dii t\u0259dbir ke\u00e7irilib"},"content":{"rendered":"<div id=\"maincontent\">&#13;<br \/>\n        &#13;<\/p>\n<p><strong>Noyabr\u0131n 4-d\u0259 \u201c\u0130R\u018fL\u0130\u201d \u0130ctimai Birliyi, Az\u0259rbaycan G\u0259nc M\u00fc\u0259lliml\u0259r Assosiasiyas\u0131 v\u0259 Az\u0259rbaycan Milli Konservatoriyas\u0131n\u0131n birg\u0259 t\u0259\u015fkilat\u00e7\u0131l\u0131\u011f\u0131 il\u0259 Z\u0259f\u0259r G\u00fcn\u00fc v\u0259 D\u00f6vl\u0259t Bayra\u011f\u0131 G\u00fcn\u00fcn\u0259 h\u0259sr olunmu\u015f \u201cZ\u0259f\u0259rin S\u0259si\u201d adl\u0131 \u0259d\u0259bi-b\u0259dii t\u0259dbir ke\u00e7irilib.<br \/><\/strong>  <\/p>\n<p><a href=\"https:\/\/Millinews.az\" target=\"_blank\" class=\"kw-link\" rel=\"noopener\">Millinews.az<\/a> x\u0259b\u0259r verir ki, Az\u0259rbaycan G\u0259ncl\u0259r Fondu, T\u0259hsilin \u0130nki\u015faf\u0131 Fondu, G\u0259ncl\u0259r T\u0259\u015fkilatlar\u0131 Milli \u015euras\u0131 (NAYORA) v\u0259 \u201cBir K\u00f6n\u00fcll\u00fc\u201d T\u0259l\u0259b\u0259 T\u0259\u015fkilat\u0131n\u0131n t\u0259r\u0259fda\u015fl\u0131\u011f\u0131 il\u0259 ke\u00e7iril\u0259n t\u0259dbir Az\u0259rbaycan Respublikas\u0131n\u0131n D\u00f6vl\u0259t Himninin s\u0259sl\u0259ndirilm\u0259si, el\u0259c\u0259 d\u0259 \u00dcmummilli Lider Heyd\u0259r \u018fliyevin v\u0259 V\u0259t\u0259nimizin azadl\u0131\u011f\u0131 v\u0259 suverenliyi u\u011frunda can\u0131ndan ke\u00e7mi\u015f \u015f\u0259hidl\u0259rin \u0259ziz xatir\u0259sinin bir d\u0259qiq\u0259lik s\u00fckutla yad edilm\u0259si il\u0259 ba\u015flay\u0131b. &#13;\n  <\/p>\n<p>T\u0259dbirin r\u0259smi hiss\u0259sind\u0259 \u201c\u0130R\u018fL\u0130\u201d \u0130ctimai Birliyinin s\u0259dri \u015eahin R\u0259hmanl\u0131, Az\u0259rbaycan G\u0259nc M\u00fc\u0259lliml\u0259r Assosiasiyas\u0131n\u0131n s\u0259dri R\u00fcf\u0259t \u018fs\u0259dzad\u0259, G\u0259ncl\u0259r v\u0259 \u0130dman Nazirliyinin \u0130ctimai inki\u015faf sektorunun m\u00fcdiri El\u015f\u0259n Q\u0259hr\u0259manov, T\u0259hsilin \u0130nki\u015faf\u0131 Fondunun \u0130dar\u0259 Hey\u0259tinin s\u0259dr m\u00fcavini v\u0259zif\u0259sini icra ed\u0259n N\u0259rgiz \u0130smay\u0131lova, Az\u0259rbaycan G\u0259ncl\u0259r Fondunun G\u0259ncl\u0259rl\u0259 i\u015f \u015f\u00f6b\u0259sinin \u0259m\u0259kda\u015f\u0131 Emil Yusifov v\u0259 Ab\u015feron rayon Masaz\u0131r k\u0259nd 5 n\u00f6mr\u0259li tam orta m\u0259kt\u0259bin m\u00fc\u0259llimi, V\u0259t\u0259n m\u00fcharib\u0259si qazisi R\u0259sul \u0130brahimli \u00e7\u0131x\u0131\u015flar\u0131 zaman\u0131 Prezident, M\u00fcz\u0259ff\u0259r Ali Ba\u015f Komandan c\u0259nab \u0130lham \u018fliyevin r\u0259hb\u0259rliyi alt\u0131nda 44 g\u00fcn \u0259rzind\u0259 Az\u0259rbaycan ordusunun qazand\u0131\u011f\u0131 tarixi q\u0259l\u0259b\u0259d\u0259n s\u00f6hb\u0259t a\u00e7\u0131blar. Bildirilib ki, ikinci Qaraba\u011f m\u00fcharib\u0259sind\u0259 \u0259ld\u0259 olunmu\u015f z\u0259f\u0259r ordumuzun g\u00fcc\u00fcn\u00fcn, xalq\u0131m\u0131z\u0131n birlik v\u0259 h\u0259mr\u0259yliyinin bariz t\u0259c\u0259ss\u00fcm\u00fc idi.  <\/p>\n<p>Cari il, sentyabr\u0131n 19-da Az\u0259rbaycan ordusunun ba\u015flatd\u0131\u011f\u0131 lokal xarakterli antiterror t\u0259dbirl\u0259ri n\u0259tic\u0259sind\u0259 \u00f6lk\u0259 \u0259razisind\u0259 suverenliyin b\u0259rpa olundu\u011funu qeyd ed\u0259n natiql\u0259r b\u00fct\u00fcn bu prosesl\u0259rin t\u0259m\u0259lind\u0259 Ulu \u00d6nd\u0259r Heyd\u0259r \u018fliyevin \u0259sas\u0131n\u0131 qoydu\u011fu v\u0259 haz\u0131rda Prezident \u0130lham \u018fliyevin r\u0259hb\u0259rliyi il\u0259 u\u011furla davam etdiril\u0259n d\u00f6vl\u0259t siyas\u0259tinin dayand\u0131\u011f\u0131n\u0131 diqq\u0259t\u0259 \u00e7atd\u0131r\u0131blar.  <\/p>\n<p>T\u0259dbirin b\u0259dii hiss\u0259sind\u0259 Az\u0259rbaycan Milli Konservatoriyan\u0131n t\u0259l\u0259b\u0259l\u0259rind\u0259n ibar\u0259t \u201cMilli Avaz\u201d xor kollektivi v\u0259 \u201cButa\u201d xalq \u00e7al\u011f\u0131 al\u0259tl\u0259ri orkestrinin ifas\u0131nda g\u00f6rk\u0259mli Az\u0259rbaycan b\u0259st\u0259karlar\u0131n\u0131n \u0259s\u0259rl\u0259ri, xalq mahn\u0131lar\u0131 v\u0259 instrumental musiqi n\u00fcmun\u0259l\u0259ri t\u0259qdim olunub.  <\/p>\n<p>Qeyd ed\u0259k ki, t\u0259dbirin \u0259sas m\u0259qs\u0259di m\u00fcasir d\u00f6vrd\u0259 m\u00fcxt\u0259lif ideologiyalar\u0131n t\u0259siri fonunda g\u0259ncl\u0259r aras\u0131nda milli d\u00fc\u015f\u00fcnc\u0259ni qoruyub saxlamaq, onlar\u0131n v\u0259t\u0259np\u0259rv\u0259r ruhda yeti\u015fm\u0259sin\u0259 nail olmaq, \u015f\u0259hid v\u0259 q\u0259hr\u0259manlar\u0131m\u0131z\u0131 tan\u0131tmaq, el\u0259c\u0259 d\u0259, onlar\u0131n ke\u00e7diyi tarixi z\u0259f\u0259r yolunu t\u0259bli\u011f etm\u0259k v\u0259 xatir\u0259l\u0259rini daim uca tutmaqd\u0131r.&#13;<br \/>\n        &#13;<br \/>\n&#13;<br \/>\n        &#13;<br \/>\n&#13;\n        <\/p>\n<p><noscript><\/p>\n<p>You must enable Javascript on your browser for the site to work optimally and display sections completely.<\/p>\n<p><\/noscript>\t\t&#13;<br \/>\n\t\t&#13;\n    <\/div>\n<p><script type=\"text\/javascript\">jQuery(document).ready(function () {\n(function(d, s, id) {\n    var js, fjs = d.getElementsByTagName(s)[0];\n    if (d.getElementById(id))\n        return;\n    js = d.createElement(s);\n    js.id = id;\n    js.src = \"\/\/connect.facebook.net\/az_AZ\/all.js#xfbml=1&appId=1002485763137712\";\n    fjs.parentNode.insertBefore(js, fjs);\n}(document, 'script', 'facebook-jssdk'));                \n$('.fancybox').fancybox();\n});<\/script><\/p>\n","protected":false},"excerpt":{"rendered":"<p>&#13; &#13; Noyabr\u0131n 4-d\u0259 \u201c\u0130R\u018fL\u0130\u201d \u0130ctimai Birliyi, Az\u0259rbaycan G\u0259nc M\u00fc\u0259lliml\u0259r Assosiasiyas\u0131 v\u0259 Az\u0259rbaycan Milli Konservatoriyas\u0131n\u0131n birg\u0259 t\u0259\u015fkilat\u00e7\u0131l\u0131\u011f\u0131 il\u0259 Z\u0259f\u0259r G\u00fcn\u00fc v\u0259 D\u00f6vl\u0259t Bayra\u011f\u0131 G\u00fcn\u00fcn\u0259 h\u0259sr olunmu\u015f \u201cZ\u0259f\u0259rin S\u0259si\u201d adl\u0131 \u0259d\u0259bi-b\u0259dii t\u0259dbir ke\u00e7irilib. Millinews.az x\u0259b\u0259r verir ki, Az\u0259rbaycan G\u0259ncl\u0259r Fondu, T\u0259hsilin \u0130nki\u015faf\u0131 Fondu, G\u0259ncl\u0259r T\u0259\u015fkilatlar\u0131 Milli \u015euras\u0131 (NAYORA) v\u0259 \u201cBir K\u00f6n\u00fcll\u00fc\u201d T\u0259l\u0259b\u0259 T\u0259\u015fkilat\u0131n\u0131n t\u0259r\u0259fda\u015fl\u0131\u011f\u0131 il\u0259 ke\u00e7iril\u0259n &hellip;<\/p>\n","protected":false},"author":1,"featured_media":8016,"comment_status":"open","ping_status":"closed","sticky":false,"template":"","format":"standard","meta":{"footnotes":""},"categories":[9],"tags":[],"class_list":["post-8015","post","type-post","status-publish","format-standard","has-post-thumbnail","hentry","category-xeber"],"_links":{"self":[{"href":"https:\/\/millitv.net\/index.php?rest_route=\/wp\/v2\/posts\/8015","targetHints":{"allow":["GET"]}}],"collection":[{"href":"https:\/\/millitv.net\/index.php?rest_route=\/wp\/v2\/posts"}],"about":[{"href":"https:\/\/millitv.net\/index.php?rest_route=\/wp\/v2\/types\/post"}],"author":[{"embeddable":true,"href":"https:\/\/millitv.net\/index.php?rest_route=\/wp\/v2\/users\/1"}],"replies":[{"embeddable":true,"href":"https:\/\/millitv.net\/index.php?rest_route=%2Fwp%2Fv2%2Fcomments&post=8015"}],"version-history":[{"count":0,"href":"https:\/\/millitv.net\/index.php?rest_route=\/wp\/v2\/posts\/8015\/revisions"}],"wp:featuredmedia":[{"embeddable":true,"href":"https:\/\/millitv.net\/index.php?rest_route=\/wp\/v2\/media\/8016"}],"wp:attachment":[{"href":"https:\/\/millitv.net\/index.php?rest_route=%2Fwp%2Fv2%2Fmedia&parent=8015"}],"wp:term":[{"taxonomy":"category","embeddable":true,"href":"https:\/\/millitv.net\/index.php?rest_route=%2Fwp%2Fv2%2Fcategories&post=8015"},{"taxonomy":"post_tag","embeddable":true,"href":"https:\/\/millitv.net\/index.php?rest_route=%2Fwp%2Fv2%2Ftags&post=8015"}],"curies":[{"name":"wp","href":"https:\/\/api.w.org\/{rel}","templated":true}]}}