{"id":7978,"date":"2023-11-04T08:09:52","date_gmt":"2023-11-04T08:09:52","guid":{"rendered":"https:\/\/millinews.az\/xeber\/sumqayit-dovl%C9%99t-universitetind%C9%99-yeni-t%C9%99yinatlar\/"},"modified":"2023-11-04T08:09:52","modified_gmt":"2023-11-04T08:09:52","slug":"sumqayit-dovl%C9%99t-universitetind%C9%99-yeni-t%C9%99yinatlar","status":"publish","type":"post","link":"https:\/\/millitv.net\/?p=7978","title":{"rendered":"Sumqay\u0131t D\u00f6vl\u0259t Universitetind\u0259 yeni t\u0259yinatlar"},"content":{"rendered":"<div id=\"maincontent\">&#13;<br \/>\n        &#13;<\/p>\n<p><strong>Sumqay\u0131t D\u00f6vl\u0259t Universitetind\u0259 yeni t\u0259yinatlar olub.<\/strong><\/p>\n<p><a href=\"https:\/\/Millinews.az\" target=\"_blank\" class=\"kw-link\" rel=\"noopener\">Millinews.az<\/a> x\u0259b\u0259r verir ki, K\u00f6n\u00fcl Abbasl\u0131 v\u0259 El\u015fad Abdullayev rektorun m\u00fc\u015favirl\u0259ri, N\u0259sib\u0259 \u018fmirb\u0259yova is\u0259 Karyera v\u0259 m\u0259zunlarla i\u015f m\u0259rk\u0259zinin m\u00fcdiri t\u0259yin edilibl\u0259r. &#13;\n<\/p>\n<p>Qeyd ed\u0259k ki, K\u00f6n\u00fcl Abbasl\u0131 pedaqogika \u00fczr\u0259 f\u0259ls\u0259f\u0259 doktorudur. Az\u0259rbaycan T\u0259hsil \u0130nstitutunun direktor m\u00fcavini v\u0259zif\u0259sind\u0259 \u00e7al\u0131\u015f\u0131b. Pedaqoji f\u0259aliyy\u0259tini ADA Universitetind\u0259 davam etdirir.<\/p>\n<p>El\u015fad Abdullayev 2009 \u2013 2018-ci ill\u0259rd\u0259 Radiasiya Probleml\u0259ri \u0130nstitutunda ard\u0131c\u0131l olaraq ki\u00e7ik elmi i\u015f\u00e7i, elmi i\u015f\u00e7i, b\u00f6y\u00fck elmi i\u015f\u00e7i v\u0259 apar\u0131c\u0131 elmi i\u015f\u00e7i v\u0259zif\u0259l\u0259rind\u0259 \u00e7al\u0131\u015f\u0131b. 2019 &#8211; 2023-c\u00fc ill\u0259rd\u0259 Bak\u0131 M\u00fch\u0259ndislik Universitetind\u0259 Pedaqoji fak\u00fclt\u0259nin dekan\u0131 v\u0259zif\u0259sind\u0259 \u00e7al\u0131\u015f\u0131b.<\/p>\n<p>N\u0259sib\u0259 \u018fmirb\u0259yova is\u0259 Elm v\u0259 T\u0259hsil Nazirliyinin SABAH layih\u0259sinin \u0130n\u015faat m\u00fch\u0259ndisliyi ixtisas\u0131n\u0131n m\u00fc\u0259llimi v\u0259 AzM\u0130U \u0130nnovativ Biznes \u0130nkubator M\u0259rk\u0259zinin r\u0259hb\u0259ri v\u0259zif\u0259sind\u0259 \u00e7al\u0131\u015f\u0131b.&#13;<br \/>\n        &#13;<br \/>\n&#13;<br \/>\n        &#13;<br \/>\n&#13;\n        <\/p>\n<p><noscript><\/p>\n<p>You must enable Javascript on your browser for the site to work optimally and display sections completely.<\/p>\n<p><\/noscript>\t\t&#13;<br \/>\n\t\t&#13;\n    <\/div>\n<p><script type=\"text\/javascript\">jQuery(document).ready(function () {\n(function(d, s, id) {\n    var js, fjs = d.getElementsByTagName(s)[0];\n    if (d.getElementById(id))\n        return;\n    js = d.createElement(s);\n    js.id = id;\n    js.src = \"\/\/connect.facebook.net\/az_AZ\/all.js#xfbml=1&appId=1002485763137712\";\n    fjs.parentNode.insertBefore(js, fjs);\n}(document, 'script', 'facebook-jssdk'));                \n});<\/script><\/p>\n","protected":false},"excerpt":{"rendered":"<p>&#13; &#13; Sumqay\u0131t D\u00f6vl\u0259t Universitetind\u0259 yeni t\u0259yinatlar olub. Millinews.az x\u0259b\u0259r verir ki, K\u00f6n\u00fcl Abbasl\u0131 v\u0259 El\u015fad Abdullayev rektorun m\u00fc\u015favirl\u0259ri, N\u0259sib\u0259 \u018fmirb\u0259yova is\u0259 Karyera v\u0259 m\u0259zunlarla i\u015f m\u0259rk\u0259zinin m\u00fcdiri t\u0259yin edilibl\u0259r. &#13; Qeyd ed\u0259k ki, K\u00f6n\u00fcl Abbasl\u0131 pedaqogika \u00fczr\u0259 f\u0259ls\u0259f\u0259 doktorudur. Az\u0259rbaycan T\u0259hsil \u0130nstitutunun direktor m\u00fcavini v\u0259zif\u0259sind\u0259 \u00e7al\u0131\u015f\u0131b. Pedaqoji f\u0259aliyy\u0259tini ADA Universitetind\u0259 davam etdirir. El\u015fad Abdullayev &hellip;<\/p>\n","protected":false},"author":1,"featured_media":7979,"comment_status":"open","ping_status":"closed","sticky":false,"template":"","format":"standard","meta":{"footnotes":""},"categories":[9],"tags":[],"class_list":["post-7978","post","type-post","status-publish","format-standard","has-post-thumbnail","hentry","category-xeber"],"_links":{"self":[{"href":"https:\/\/millitv.net\/index.php?rest_route=\/wp\/v2\/posts\/7978","targetHints":{"allow":["GET"]}}],"collection":[{"href":"https:\/\/millitv.net\/index.php?rest_route=\/wp\/v2\/posts"}],"about":[{"href":"https:\/\/millitv.net\/index.php?rest_route=\/wp\/v2\/types\/post"}],"author":[{"embeddable":true,"href":"https:\/\/millitv.net\/index.php?rest_route=\/wp\/v2\/users\/1"}],"replies":[{"embeddable":true,"href":"https:\/\/millitv.net\/index.php?rest_route=%2Fwp%2Fv2%2Fcomments&post=7978"}],"version-history":[{"count":0,"href":"https:\/\/millitv.net\/index.php?rest_route=\/wp\/v2\/posts\/7978\/revisions"}],"wp:featuredmedia":[{"embeddable":true,"href":"https:\/\/millitv.net\/index.php?rest_route=\/wp\/v2\/media\/7979"}],"wp:attachment":[{"href":"https:\/\/millitv.net\/index.php?rest_route=%2Fwp%2Fv2%2Fmedia&parent=7978"}],"wp:term":[{"taxonomy":"category","embeddable":true,"href":"https:\/\/millitv.net\/index.php?rest_route=%2Fwp%2Fv2%2Fcategories&post=7978"},{"taxonomy":"post_tag","embeddable":true,"href":"https:\/\/millitv.net\/index.php?rest_route=%2Fwp%2Fv2%2Ftags&post=7978"}],"curies":[{"name":"wp","href":"https:\/\/api.w.org\/{rel}","templated":true}]}}