{"id":7956,"date":"2023-11-04T06:36:23","date_gmt":"2023-11-04T06:36:23","guid":{"rendered":"https:\/\/millinews.az\/xeber\/az%C9%99rbaycan-ordusunda-komanda-q%C9%99rargah-t%C9%99limi-kecirildi\/"},"modified":"2023-11-04T06:36:23","modified_gmt":"2023-11-04T06:36:23","slug":"az%C9%99rbaycan-ordusunda-komanda-q%C9%99rargah-t%C9%99limi-kecirildi","status":"publish","type":"post","link":"https:\/\/millitv.net\/?p=7956","title":{"rendered":"Az\u0259rbaycan Ordusunda komanda-q\u0259rargah t\u0259limi ke\u00e7irildi"},"content":{"rendered":"<div id=\"maincontent\">&#13;<br \/>\n        &#13;<\/p>\n<p><strong>M\u00fcdafi\u0259 nazirinin t\u0259sdiq etdiyi 2023-c\u00fc ilin haz\u0131rl\u0131q plan\u0131na \u0259sas\u0259n, Az\u0259rbaycan Ordusunun T\u0259lim v\u0259 T\u0259dris M\u0259rk\u0259zind\u0259 motoat\u0131c\u0131 b\u00f6lm\u0259l\u0259r il\u0259 komanda-q\u0259rargah s\u0259f\u0259rb\u0259rlik t\u0259limi ke\u00e7irilib.<\/strong><\/p>\n<p>Bu bar\u0259d\u0259 <a href=\"https:\/\/Millinews.az\" target=\"_blank\" class=\"kw-link\" rel=\"noopener\">Millinews.az<\/a>-a M\u00fcdafi\u0259 Nazirliyind\u0259n m\u0259lumat verilib. &#13;\n<\/p>\n<p>T\u0259lim\u0259 birlik v\u0259 birl\u0259\u015fm\u0259l\u0259rin q\u0259rargahlar\u0131, h\u0259m\u00e7inin b\u00f6lm\u0259 komandirl\u0259ri c\u0259lb olunub.<\/p>\n<p>S\u0259f\u0259rb\u0259rlik t\u0259limi zaman\u0131 motoat\u0131c\u0131 b\u00f6lm\u0259l\u0259rin komplektl\u0259\u015fdirilm\u0259si, d\u00f6y\u00fc\u015f uzla\u015fmas\u0131n\u0131n t\u0259\u015fkili, d\u00f6y\u00fc\u015f t\u0259yinatl\u0131 rayona yerd\u0259yi\u015fm\u0259nin ke\u00e7irilm\u0259si, \u0259razid\u0259 yerl\u0259\u015fm\u0259 \u00fczr\u0259 hesabatlar\u0131n d\u0259qiql\u0259\u015fdirilm\u0259si v\u0259 n\u00f6vb\u0259ti tap\u015f\u0131r\u0131qlar\u0131n icras\u0131na haz\u0131rl\u0131q \u00fczr\u0259 m\u00fcvafiq f\u0259aliyy\u0259tl\u0259r yerin\u0259 yetirilib.<\/p>\n<p><iframe loading=\"lazy\" title=\"Az\u0259rbaycan Ordusunda komanda-q\u0259rargah s\u0259f\u0259rb\u0259rlik t\u0259limi ke\u00e7irilib\" width=\"500\" height=\"281\" src=\"https:\/\/www.youtube.com\/embed\/yrPTvaLpYAQ?feature=oembed\" frameborder=\"0\" allow=\"accelerometer; autoplay; clipboard-write; encrypted-media; gyroscope; picture-in-picture; web-share\" referrerpolicy=\"strict-origin-when-cross-origin\" allowfullscreen><\/iframe><br \/>&#13;<br \/>\n        &#13;<br \/>\n&#13;<br \/>\n        &#13;<br \/>\n&#13;\n        <\/p>\n<p><noscript><\/p>\n<p>You must enable Javascript on your browser for the site to work optimally and display sections completely.<\/p>\n<p><\/noscript>\t\t&#13;<br \/>\n\t\t&#13;\n    <\/div>\n<p><script type=\"text\/javascript\">jQuery(document).ready(function () {\n(function(d, s, id) {\n    var js, fjs = d.getElementsByTagName(s)[0];\n    if (d.getElementById(id))\n        return;\n    js = d.createElement(s);\n    js.id = id;\n    js.src = \"\/\/connect.facebook.net\/az_AZ\/all.js#xfbml=1&appId=1002485763137712\";\n    fjs.parentNode.insertBefore(js, fjs);\n}(document, 'script', 'facebook-jssdk'));                \n});<\/script><\/p>\n","protected":false},"excerpt":{"rendered":"<p>&#13; &#13; M\u00fcdafi\u0259 nazirinin t\u0259sdiq etdiyi 2023-c\u00fc ilin haz\u0131rl\u0131q plan\u0131na \u0259sas\u0259n, Az\u0259rbaycan Ordusunun T\u0259lim v\u0259 T\u0259dris M\u0259rk\u0259zind\u0259 motoat\u0131c\u0131 b\u00f6lm\u0259l\u0259r il\u0259 komanda-q\u0259rargah s\u0259f\u0259rb\u0259rlik t\u0259limi ke\u00e7irilib. Bu bar\u0259d\u0259 Millinews.az-a M\u00fcdafi\u0259 Nazirliyind\u0259n m\u0259lumat verilib. &#13; T\u0259lim\u0259 birlik v\u0259 birl\u0259\u015fm\u0259l\u0259rin q\u0259rargahlar\u0131, h\u0259m\u00e7inin b\u00f6lm\u0259 komandirl\u0259ri c\u0259lb olunub. S\u0259f\u0259rb\u0259rlik t\u0259limi zaman\u0131 motoat\u0131c\u0131 b\u00f6lm\u0259l\u0259rin komplektl\u0259\u015fdirilm\u0259si, d\u00f6y\u00fc\u015f uzla\u015fmas\u0131n\u0131n t\u0259\u015fkili, d\u00f6y\u00fc\u015f t\u0259yinatl\u0131 rayona yerd\u0259yi\u015fm\u0259nin &hellip;<\/p>\n","protected":false},"author":1,"featured_media":7957,"comment_status":"open","ping_status":"closed","sticky":false,"template":"","format":"standard","meta":{"footnotes":""},"categories":[9],"tags":[],"class_list":["post-7956","post","type-post","status-publish","format-standard","has-post-thumbnail","hentry","category-xeber"],"_links":{"self":[{"href":"https:\/\/millitv.net\/index.php?rest_route=\/wp\/v2\/posts\/7956","targetHints":{"allow":["GET"]}}],"collection":[{"href":"https:\/\/millitv.net\/index.php?rest_route=\/wp\/v2\/posts"}],"about":[{"href":"https:\/\/millitv.net\/index.php?rest_route=\/wp\/v2\/types\/post"}],"author":[{"embeddable":true,"href":"https:\/\/millitv.net\/index.php?rest_route=\/wp\/v2\/users\/1"}],"replies":[{"embeddable":true,"href":"https:\/\/millitv.net\/index.php?rest_route=%2Fwp%2Fv2%2Fcomments&post=7956"}],"version-history":[{"count":0,"href":"https:\/\/millitv.net\/index.php?rest_route=\/wp\/v2\/posts\/7956\/revisions"}],"wp:featuredmedia":[{"embeddable":true,"href":"https:\/\/millitv.net\/index.php?rest_route=\/wp\/v2\/media\/7957"}],"wp:attachment":[{"href":"https:\/\/millitv.net\/index.php?rest_route=%2Fwp%2Fv2%2Fmedia&parent=7956"}],"wp:term":[{"taxonomy":"category","embeddable":true,"href":"https:\/\/millitv.net\/index.php?rest_route=%2Fwp%2Fv2%2Fcategories&post=7956"},{"taxonomy":"post_tag","embeddable":true,"href":"https:\/\/millitv.net\/index.php?rest_route=%2Fwp%2Fv2%2Ftags&post=7956"}],"curies":[{"name":"wp","href":"https:\/\/api.w.org\/{rel}","templated":true}]}}