{"id":7918,"date":"2023-11-03T15:57:39","date_gmt":"2023-11-03T15:57:39","guid":{"rendered":"https:\/\/millinews.az\/xeber\/xosq%C9%99d%C9%99m-canli-efird%C9%99-dogusdan-aciqlama-istedi\/"},"modified":"2023-11-03T15:57:39","modified_gmt":"2023-11-03T15:57:39","slug":"xosq%C9%99d%C9%99m-canli-efird%C9%99-dogusdan-aciqlama-istedi","status":"publish","type":"post","link":"https:\/\/millitv.net\/?p=7918","title":{"rendered":"Xo\u015fq\u0259d\u0259m canl\u0131 efird\u0259 Do\u011fu\u015fdan A\u00c7IQLAMA \u0130ST\u018fD\u0130"},"content":{"rendered":"<div id=\"maincontent\">&#13;<br \/>\n        &#13;<\/p>\n<p><strong>Apar\u0131c\u0131 Xo\u015fq\u0259d\u0259m Hiday\u0259tq\u0131z\u0131 son g\u00fcnl\u0259r h\u0259yat yolda\u015f\u0131, m\u00fc\u011f\u0259nni Do\u011fu\u015fla ba\u011fl\u0131 yay\u0131lan m\u0259lumatlardan dan\u0131\u015f\u0131b. <\/strong><\/p>\n<p><a href=\"https:\/\/Millinews.az\" target=\"_blank\" class=\"kw-link\" rel=\"noopener\">Millinews.az<\/a> Lent.az-a istinad\u0259n x\u0259b\u0259r verir ki, o, canl\u0131 efird\u0259 Do\u011fu\u015fa z\u0259ng edib.  &#13;\n<\/p>\n<p>Apar\u0131c\u0131 Do\u011fu\u015fdan haqq\u0131nda yay\u0131lan m\u0259lumatlara g\u00f6r\u0259 a\u00e7\u0131qlama ist\u0259yib. Lakin Do\u011fu\u015f iclasda oldu\u011funu, dan\u0131\u015fa bilm\u0259diyini deyib. Xo\u015fq\u0259d\u0259m Hiday\u0259tq\u0131z\u0131dan bir m\u00fcdd\u0259t sonra z\u0259ng etm\u0259sini xahi\u015f edib. <\/p>\n<p>Qeyd ed\u0259k ki, m\u00fc\u011f\u0259nni Do\u011fu\u015f az\u0259rbaycanl\u0131 apar\u0131c\u0131 Xo\u015fq\u0259d\u0259m Hiday\u0259tq\u0131z\u0131 il\u0259 evlidir. C\u00fctl\u00fcy\u00fcn iki \u00f6vlad\u0131 var. Onlar\u0131n &#8220;ail\u0259 tablosu&#8221; \u00e7\u0259r\u00e7iv\u0259sind\u0259 birg\u0259 apard\u0131qlar\u0131 verili\u015fl\u0259ri d\u0259 var.<\/p>\n<p>\u00d6t\u0259n g\u00fcn T\u00fcrkiy\u0259nin &#8220;SHOW TV&#8221; kanal\u0131nda yay\u0131mlanan &#8220;Vaz Ke\u00e7m\u0259&#8221; adl\u0131 proqrama qat\u0131lan Esra adl\u0131 xan\u0131m 2020-ci ild\u0259 m\u00fc\u011f\u0259nni Do\u011fu\u015fla dini nikah k\u0259sdirdiyini, Do\u011fu\u015fun menecerinin buna \u015fahid oldu\u011funu deyib.<\/p>\n<p>O bildirib ki, Do\u011fu\u015f bu m\u00fcnasib\u0259tl\u0259rini arvad\u0131 bil\u0259rs\u0259, u\u015faqlar\u0131n\u0131 onun \u0259lind\u0259n alaca\u011f\u0131ndan qorxurmu\u015f. Do\u011fu\u015f d\u0259f\u0259l\u0259rl\u0259 ona xan\u0131m\u0131 Xo\u015fq\u0259d\u0259m Hiday\u0259tq\u0131z\u0131n\u0131n hikk\u0259li xarakterli olmas\u0131ndan b\u0259hs edib v\u0259 ondan \u00e7\u0259kindiyini deyib.<\/p>\n<p>Esra Do\u011fu\u015fun ona h\u0259diyy\u0259 etdiyi 70 min lir\u0259lik al\u0131\u015fqan\u0131 yeni sevgilisini susdurmaq \u00fc\u00e7\u00fcn satd\u0131\u011f\u0131n\u0131 deyib. \u00c7\u00fcnki sevgilisi onun Do\u011fu\u015fla m\u00fcnasib\u0259tl\u0259rini mediaya yayaca\u011f\u0131 il\u0259 \u015fantaj edibmi\u015f. Esra Do\u011fu\u015fun ona bo\u015fanaca\u011f\u0131n\u0131 v\u0259 onunla evl\u0259n\u0259c\u0259yini v\u0259d etdiyini deyib.<iframe loading=\"lazy\" src=\"https:\/\/cdn.apa.az\/storage\/lent.az\/video-cdn\/5c4566df99de3ff724efa30282d18dc2.mp4\" width=\"100%\" height=\"400\" frame=\"\" scrolling=\"no\" allowtransparency=\"true\" autoplay=\"false\" style=\"margin: 0px; padding: 0px; border-width: 0px; border-style: initial; font-variant-numeric: inherit; font-variant-east-asian: inherit; font-variant-alternates: inherit; font-variant-position: inherit; font-stretch: inherit; font-size: 18px; line-height: inherit; font-family: SFProDisplay, Arial, Helvetica, sans-serif; font-optical-sizing: inherit; font-kerning: inherit; font-feature-settings: inherit; font-variation-settings: inherit; vertical-align: baseline; max-width: 100%; color: rgb(14, 16, 19); background-color: rgb(244, 245, 246);\" rel=\"margin: 0px; padding: 0px; border-width: 0px; border-style: initial; font-variant-numeric: inherit; font-variant-east-asian: inherit; font-variant-alternates: inherit; font-variant-position: inherit; font-stretch: inherit; font-size: 18px; line-height: inherit; font-family: SFProDisplay, Arial, Helvetica, sans-serif; font-optical-sizing: inherit; font-kerning: inherit; font-feature-settings: inherit; font-variation-settings: inherit; vertical-align: baseline; max-width: 100%; color: rgb(14, 16, 19); background-color: rgb(244, 245, 246);\"><\/iframe>&#13;<br \/>\n        &#13;<br \/>\n&#13;<br \/>\n        &#13;<br \/>\n&#13;\n        <\/p>\n<p><noscript><\/p>\n<p>You must enable Javascript on your browser for the site to work optimally and display sections completely.<\/p>\n<p><\/noscript>\t\t&#13;<br \/>\n\t\t&#13;\n    <\/div>\n<p><script type=\"text\/javascript\">jQuery(document).ready(function () {\n(function(d, s, id) {\n    var js, fjs = d.getElementsByTagName(s)[0];\n    if (d.getElementById(id))\n        return;\n    js = d.createElement(s);\n    js.id = id;\n    js.src = \"\/\/connect.facebook.net\/az_AZ\/all.js#xfbml=1&appId=1002485763137712\";\n    fjs.parentNode.insertBefore(js, fjs);\n}(document, 'script', 'facebook-jssdk'));                \n});<\/script><\/p>\n","protected":false},"excerpt":{"rendered":"<p>&#13; &#13; Apar\u0131c\u0131 Xo\u015fq\u0259d\u0259m Hiday\u0259tq\u0131z\u0131 son g\u00fcnl\u0259r h\u0259yat yolda\u015f\u0131, m\u00fc\u011f\u0259nni Do\u011fu\u015fla ba\u011fl\u0131 yay\u0131lan m\u0259lumatlardan dan\u0131\u015f\u0131b. Millinews.az Lent.az-a istinad\u0259n x\u0259b\u0259r verir ki, o, canl\u0131 efird\u0259 Do\u011fu\u015fa z\u0259ng edib. &#13; Apar\u0131c\u0131 Do\u011fu\u015fdan haqq\u0131nda yay\u0131lan m\u0259lumatlara g\u00f6r\u0259 a\u00e7\u0131qlama ist\u0259yib. Lakin Do\u011fu\u015f iclasda oldu\u011funu, dan\u0131\u015fa bilm\u0259diyini deyib. Xo\u015fq\u0259d\u0259m Hiday\u0259tq\u0131z\u0131dan bir m\u00fcdd\u0259t sonra z\u0259ng etm\u0259sini xahi\u015f edib. Qeyd ed\u0259k ki, &hellip;<\/p>\n","protected":false},"author":1,"featured_media":7919,"comment_status":"open","ping_status":"closed","sticky":false,"template":"","format":"standard","meta":{"footnotes":""},"categories":[9],"tags":[],"class_list":["post-7918","post","type-post","status-publish","format-standard","has-post-thumbnail","hentry","category-xeber"],"_links":{"self":[{"href":"https:\/\/millitv.net\/index.php?rest_route=\/wp\/v2\/posts\/7918","targetHints":{"allow":["GET"]}}],"collection":[{"href":"https:\/\/millitv.net\/index.php?rest_route=\/wp\/v2\/posts"}],"about":[{"href":"https:\/\/millitv.net\/index.php?rest_route=\/wp\/v2\/types\/post"}],"author":[{"embeddable":true,"href":"https:\/\/millitv.net\/index.php?rest_route=\/wp\/v2\/users\/1"}],"replies":[{"embeddable":true,"href":"https:\/\/millitv.net\/index.php?rest_route=%2Fwp%2Fv2%2Fcomments&post=7918"}],"version-history":[{"count":0,"href":"https:\/\/millitv.net\/index.php?rest_route=\/wp\/v2\/posts\/7918\/revisions"}],"wp:featuredmedia":[{"embeddable":true,"href":"https:\/\/millitv.net\/index.php?rest_route=\/wp\/v2\/media\/7919"}],"wp:attachment":[{"href":"https:\/\/millitv.net\/index.php?rest_route=%2Fwp%2Fv2%2Fmedia&parent=7918"}],"wp:term":[{"taxonomy":"category","embeddable":true,"href":"https:\/\/millitv.net\/index.php?rest_route=%2Fwp%2Fv2%2Fcategories&post=7918"},{"taxonomy":"post_tag","embeddable":true,"href":"https:\/\/millitv.net\/index.php?rest_route=%2Fwp%2Fv2%2Ftags&post=7918"}],"curies":[{"name":"wp","href":"https:\/\/api.w.org\/{rel}","templated":true}]}}