{"id":7903,"date":"2023-11-03T14:07:16","date_gmt":"2023-11-03T14:07:16","guid":{"rendered":"https:\/\/millinews.az\/xeber\/bu-s%C9%99xsl%C9%99rin-maasi-artirilacaq-nazir-muavini-aciqladi\/"},"modified":"2023-11-03T14:07:16","modified_gmt":"2023-11-03T14:07:16","slug":"bu-s%C9%99xsl%C9%99rin-maasi-artirilacaq-nazir-muavini-aciqladi","status":"publish","type":"post","link":"https:\/\/millitv.net\/?p=7903","title":{"rendered":"Bu \u015f\u0259xsl\u0259rin maa\u015f\u0131 art\u0131r\u0131lacaq \u2013 Nazir m\u00fcavini a\u00e7\u0131qlad\u0131"},"content":{"rendered":"<div id=\"maincontent\">&#13;<br \/>\n        &#13;<\/p>\n<p><strong>Az\u0259rbaycanda t\u0259hsil m\u00fc\u0259ssis\u0259l\u0259rind\u0259 psixoloqlar Nazirl\u0259r Kabinetinin q\u0259rar\u0131na \u0259sas\u0259n t\u0259yin edilir.<\/strong><\/p>\n<p><a href=\"https:\/\/Millinews.az\" target=\"_blank\" class=\"kw-link\" rel=\"noopener\">Millinews.az<\/a> Trend-\u0259 istinad\u0259n x\u0259b\u0259r verir ki, bunu Az\u0259rbaycan Respublikas\u0131 Milli M\u0259clisinin \u0130ctimai birlikl\u0259r v\u0259 dini qurumlar, Elm v\u0259 t\u0259hsil, Ail\u0259, qad\u0131n v\u0259 u\u015faq m\u0259s\u0259l\u0259l\u0259ri, S\u0259hiyy\u0259 v\u0259 M\u0259d\u0259niyy\u0259t komit\u0259l\u0259rinin birg\u0259 iclas\u0131nda &#8220;Az\u0259rbaycan Respublikas\u0131n\u0131n 2024-c\u00fc il d\u00f6vl\u0259t b\u00fcdc\u0259si haqq\u0131nda&#8221; qanunun m\u00fczakir\u0259si zaman\u0131 t\u0259hsil nazirinin m\u00fcavini \u0130dris \u0130sayev deyib. &#13;\n<\/p>\n<p>O qeyd edib ki, \u015fagird say\u0131 1000 n\u0259f\u0259r olanda 1 \u015ftat vahidi, 1-3 min aras\u0131 olanda 2 \u015ftat vahidi, 3 mind\u0259n yuxar\u0131 \u015fagird say\u0131 olanda is\u0259 3 \u015ftat vahidi m\u00fc\u0259yy\u0259n olunur.<\/p>\n<p>Psixoloqun maa\u015f\u0131n\u0131n m\u00fc\u0259llimin maa\u015f\u0131ndan az olmas\u0131 m\u0259s\u0259l\u0259sin\u0259 g\u0259linc\u0259 is\u0259 nazir m\u00fcavini bildirib ki, m\u00fc\u0259lliml\u0259rin \u0259m\u0259khaqq\u0131 m\u0259s\u0259l\u0259si x\u00fcsusi sxeml\u0259, psixoloqlar\u0131n \u0259m\u0259khaqq\u0131 m\u0259s\u0259l\u0259si is\u0259 vahid tarif c\u0259dv\u0259li \u0259sas\u0131nda \u00f6d\u0259nilir. Ona g\u00f6r\u0259 d\u0259 f\u0259rq olur.<\/p>\n<p>Nazir m\u00fcavini bildirib ki, n\u00f6vb\u0259ti d\u00f6vrd\u0259 f\u0259rqin aradan qald\u0131r\u0131lmas\u0131 t\u0259min edil\u0259c\u0259k.&#13;<br \/>\n        &#13;<br \/>\n&#13;<br \/>\n        &#13;<br \/>\n&#13;\n        <\/p>\n<p><noscript><\/p>\n<p>You must enable Javascript on your browser for the site to work optimally and display sections completely.<\/p>\n<p><\/noscript>\t\t&#13;<br \/>\n\t\t&#13;\n    <\/div>\n<p><script type=\"text\/javascript\">jQuery(document).ready(function () {\n(function(d, s, id) {\n    var js, fjs = d.getElementsByTagName(s)[0];\n    if (d.getElementById(id))\n        return;\n    js = d.createElement(s);\n    js.id = id;\n    js.src = \"\/\/connect.facebook.net\/az_AZ\/all.js#xfbml=1&appId=1002485763137712\";\n    fjs.parentNode.insertBefore(js, fjs);\n}(document, 'script', 'facebook-jssdk'));                \n});<\/script><\/p>\n","protected":false},"excerpt":{"rendered":"<p>&#13; &#13; Az\u0259rbaycanda t\u0259hsil m\u00fc\u0259ssis\u0259l\u0259rind\u0259 psixoloqlar Nazirl\u0259r Kabinetinin q\u0259rar\u0131na \u0259sas\u0259n t\u0259yin edilir. Millinews.az Trend-\u0259 istinad\u0259n x\u0259b\u0259r verir ki, bunu Az\u0259rbaycan Respublikas\u0131 Milli M\u0259clisinin \u0130ctimai birlikl\u0259r v\u0259 dini qurumlar, Elm v\u0259 t\u0259hsil, Ail\u0259, qad\u0131n v\u0259 u\u015faq m\u0259s\u0259l\u0259l\u0259ri, S\u0259hiyy\u0259 v\u0259 M\u0259d\u0259niyy\u0259t komit\u0259l\u0259rinin birg\u0259 iclas\u0131nda &#8220;Az\u0259rbaycan Respublikas\u0131n\u0131n 2024-c\u00fc il d\u00f6vl\u0259t b\u00fcdc\u0259si haqq\u0131nda&#8221; qanunun m\u00fczakir\u0259si zaman\u0131 t\u0259hsil nazirinin m\u00fcavini &hellip;<\/p>\n","protected":false},"author":1,"featured_media":7904,"comment_status":"open","ping_status":"closed","sticky":false,"template":"","format":"standard","meta":{"footnotes":""},"categories":[9],"tags":[],"class_list":["post-7903","post","type-post","status-publish","format-standard","has-post-thumbnail","hentry","category-xeber"],"_links":{"self":[{"href":"https:\/\/millitv.net\/index.php?rest_route=\/wp\/v2\/posts\/7903","targetHints":{"allow":["GET"]}}],"collection":[{"href":"https:\/\/millitv.net\/index.php?rest_route=\/wp\/v2\/posts"}],"about":[{"href":"https:\/\/millitv.net\/index.php?rest_route=\/wp\/v2\/types\/post"}],"author":[{"embeddable":true,"href":"https:\/\/millitv.net\/index.php?rest_route=\/wp\/v2\/users\/1"}],"replies":[{"embeddable":true,"href":"https:\/\/millitv.net\/index.php?rest_route=%2Fwp%2Fv2%2Fcomments&post=7903"}],"version-history":[{"count":0,"href":"https:\/\/millitv.net\/index.php?rest_route=\/wp\/v2\/posts\/7903\/revisions"}],"wp:featuredmedia":[{"embeddable":true,"href":"https:\/\/millitv.net\/index.php?rest_route=\/wp\/v2\/media\/7904"}],"wp:attachment":[{"href":"https:\/\/millitv.net\/index.php?rest_route=%2Fwp%2Fv2%2Fmedia&parent=7903"}],"wp:term":[{"taxonomy":"category","embeddable":true,"href":"https:\/\/millitv.net\/index.php?rest_route=%2Fwp%2Fv2%2Fcategories&post=7903"},{"taxonomy":"post_tag","embeddable":true,"href":"https:\/\/millitv.net\/index.php?rest_route=%2Fwp%2Fv2%2Ftags&post=7903"}],"curies":[{"name":"wp","href":"https:\/\/api.w.org\/{rel}","templated":true}]}}