{"id":7875,"date":"2023-11-03T12:04:08","date_gmt":"2023-11-03T12:04:08","guid":{"rendered":"https:\/\/millinews.az\/xeber\/turkiy%C9%99siz-avropa-ucun-sulh-mumkun-deyil\/"},"modified":"2023-11-03T12:04:08","modified_gmt":"2023-11-03T12:04:08","slug":"turkiy%C9%99siz-avropa-ucun-sulh-mumkun-deyil","status":"publish","type":"post","link":"https:\/\/millitv.net\/?p=7875","title":{"rendered":"T\u00fcrkiy\u0259siz Avropa \u00fc\u00e7\u00fcn s\u00fclh m\u00fcmk\u00fcn deyil"},"content":{"rendered":"<div id=\"maincontent\">&#13;<br \/>\n        &#13;<\/p>\n<p><strong\/><strong>&#8220;Avropada yeni t\u0259hl\u00fck\u0259sizlik arxitekturas\u0131n\u0131n vaxt\u0131d\u0131r. T\u00fcrkiy\u0259 m\u00fctl\u0259q bunun i\u00e7ind\u0259 olmal\u0131d\u0131r. T\u00fcrkiy\u0259siz Avropa \u00fc\u00e7\u00fcn s\u00fclh m\u00fcmk\u00fcn deyil&#8221;. <\/strong><\/p>\n<p><a href=\"https:\/\/Millinews.az\" target=\"_blank\" class=\"kw-link\" rel=\"noopener\">Millinews.az<\/a> x\u0259b\u0259r verir ki, bunu Macar\u0131stan\u0131n ba\u015f naziri Viktor Orban T\u00fcrk D\u00f6vl\u0259tl\u0259ri T\u0259\u015fkilat\u0131n\u0131n \u201cT\u00fcrk \u018fsri\u201d \u00e7a\u011f\u0131r\u0131\u015f\u0131 alt\u0131nda Astanada ke\u00e7iril\u0259n 10-cu yubiley Zirv\u0259 g\u00f6r\u00fc\u015f\u00fcnd\u0259 \u00e7\u0131x\u0131\u015f\u0131nda deyib. T\u00fcrk d\u00f6vl\u0259tl\u0259ri \u00fc\u00e7\u00fcn m\u00fcsb\u0259t ir\u0259lil\u0259yi\u015fl\u0259rin oldu\u011funu ifad\u0259 ed\u0259n Orban bildirib ki, Avropada bir dilemma var.  &#13;\n<\/p>\n<p>\u201cAvropan\u0131n siyas\u0259td\u0259 \u00e7\u0259tinlikl\u0259rl\u0259 \u00fczl\u0259\u015fdiyini dey\u0259 bil\u0259r\u0259m. Avropa bax\u0131m\u0131ndan qlobal t\u0259hl\u00fck\u0259sizlik he\u00e7 vaxt bu q\u0259d\u0259r pis olmam\u0131\u015fd\u0131. Soyuq m\u00fcharib\u0259d\u0259n b\u0259ri biz bu q\u0259d\u0259r \u00e7\u0259tin t\u0259hl\u00fck\u0259sizlik v\u0259ziyy\u0259ti il\u0259 \u00fczl\u0259\u015fm\u0259mi\u015fdik. Rusiya-Ukrayna m\u00fcharib\u0259si, Yax\u0131n \u015e\u0259rqd\u0259ki silahl\u0131 qar\u015f\u0131durmalar, AB \u00f6lk\u0259l\u0259rin\u0259 qar\u015f\u0131 silahl\u0131 t\u0259hdidl\u0259r v\u0259 miqrasiya dal\u011falar\u0131n\u0131n Avropa siyas\u0259tini g\u0259rginl\u0259\u015fdirir\u201d \u2013 Orban deyib.&#13;<br \/>\n        &#13;<br \/>\n&#13;<br \/>\n        &#13;<br \/>\n&#13;\n        <\/p>\n<p><noscript><\/p>\n<p>You must enable Javascript on your browser for the site to work optimally and display sections completely.<\/p>\n<p><\/noscript>\t\t&#13;<br \/>\n\t\t&#13;\n    <\/div>\n<p><script type=\"text\/javascript\">jQuery(document).ready(function () {\n(function(d, s, id) {\n    var js, fjs = d.getElementsByTagName(s)[0];\n    if (d.getElementById(id))\n        return;\n    js = d.createElement(s);\n    js.id = id;\n    js.src = \"\/\/connect.facebook.net\/az_AZ\/all.js#xfbml=1&appId=1002485763137712\";\n    fjs.parentNode.insertBefore(js, fjs);\n}(document, 'script', 'facebook-jssdk'));                \n});<\/script><\/p>\n","protected":false},"excerpt":{"rendered":"<p>&#13; &#13; &#8220;Avropada yeni t\u0259hl\u00fck\u0259sizlik arxitekturas\u0131n\u0131n vaxt\u0131d\u0131r. T\u00fcrkiy\u0259 m\u00fctl\u0259q bunun i\u00e7ind\u0259 olmal\u0131d\u0131r. T\u00fcrkiy\u0259siz Avropa \u00fc\u00e7\u00fcn s\u00fclh m\u00fcmk\u00fcn deyil&#8221;. Millinews.az x\u0259b\u0259r verir ki, bunu Macar\u0131stan\u0131n ba\u015f naziri Viktor Orban T\u00fcrk D\u00f6vl\u0259tl\u0259ri T\u0259\u015fkilat\u0131n\u0131n \u201cT\u00fcrk \u018fsri\u201d \u00e7a\u011f\u0131r\u0131\u015f\u0131 alt\u0131nda Astanada ke\u00e7iril\u0259n 10-cu yubiley Zirv\u0259 g\u00f6r\u00fc\u015f\u00fcnd\u0259 \u00e7\u0131x\u0131\u015f\u0131nda deyib. T\u00fcrk d\u00f6vl\u0259tl\u0259ri \u00fc\u00e7\u00fcn m\u00fcsb\u0259t ir\u0259lil\u0259yi\u015fl\u0259rin oldu\u011funu ifad\u0259 ed\u0259n Orban bildirib ki, Avropada &hellip;<\/p>\n","protected":false},"author":1,"featured_media":7876,"comment_status":"open","ping_status":"closed","sticky":false,"template":"","format":"standard","meta":{"footnotes":""},"categories":[9],"tags":[],"class_list":["post-7875","post","type-post","status-publish","format-standard","has-post-thumbnail","hentry","category-xeber"],"_links":{"self":[{"href":"https:\/\/millitv.net\/index.php?rest_route=\/wp\/v2\/posts\/7875","targetHints":{"allow":["GET"]}}],"collection":[{"href":"https:\/\/millitv.net\/index.php?rest_route=\/wp\/v2\/posts"}],"about":[{"href":"https:\/\/millitv.net\/index.php?rest_route=\/wp\/v2\/types\/post"}],"author":[{"embeddable":true,"href":"https:\/\/millitv.net\/index.php?rest_route=\/wp\/v2\/users\/1"}],"replies":[{"embeddable":true,"href":"https:\/\/millitv.net\/index.php?rest_route=%2Fwp%2Fv2%2Fcomments&post=7875"}],"version-history":[{"count":0,"href":"https:\/\/millitv.net\/index.php?rest_route=\/wp\/v2\/posts\/7875\/revisions"}],"wp:featuredmedia":[{"embeddable":true,"href":"https:\/\/millitv.net\/index.php?rest_route=\/wp\/v2\/media\/7876"}],"wp:attachment":[{"href":"https:\/\/millitv.net\/index.php?rest_route=%2Fwp%2Fv2%2Fmedia&parent=7875"}],"wp:term":[{"taxonomy":"category","embeddable":true,"href":"https:\/\/millitv.net\/index.php?rest_route=%2Fwp%2Fv2%2Fcategories&post=7875"},{"taxonomy":"post_tag","embeddable":true,"href":"https:\/\/millitv.net\/index.php?rest_route=%2Fwp%2Fv2%2Ftags&post=7875"}],"curies":[{"name":"wp","href":"https:\/\/api.w.org\/{rel}","templated":true}]}}