{"id":7867,"date":"2023-11-03T11:26:31","date_gmt":"2023-11-03T11:26:31","guid":{"rendered":"https:\/\/millinews.az\/xeber\/meyxanacinin-mugam-oxumasina-em%C9%99kdar-artistd%C9%99n-reaksiya\/"},"modified":"2023-11-03T11:26:31","modified_gmt":"2023-11-03T11:26:31","slug":"meyxanacinin-mugam-oxumasina-em%C9%99kdar-artistd%C9%99n-reaksiya","status":"publish","type":"post","link":"https:\/\/millitv.net\/?p=7867","title":{"rendered":"Meyxana\u00e7\u0131n\u0131n mu\u011fam oxumas\u0131na \u018fm\u0259kdar artistd\u0259n REAKS\u0130YA"},"content":{"rendered":"<div id=\"maincontent\">&#13;<br \/>\n        &#13;<\/p>\n<p><strong\/>Meyxana ifa\u00e7\u0131s\u0131 Bal\u0259li X\u0259z\u0259r TV-d\u0259 yay\u0131mlanan \u201cX\u0259z\u0259r ax\u015fam\u0131 verili\u015find\u0259 mu\u011fam ifa etdiyi \u00fc\u00e7\u00fcn t\u0259nqid olunur. Bildirilir ki, meyxana mu\u011famdan tamamil\u0259 f\u0259rql\u0259nir, mu\u011fam\u0131n \u00f6z ustadlar\u0131 var. Mu\u011fam ifa\u00e7\u0131lar\u0131n\u0131n b\u0259zil\u0259ri sosial \u015f\u0259b\u0259k\u0259l\u0259rd\u0259 Bal\u0259linin ifas\u0131na naraz\u0131l\u0131qlar\u0131n\u0131 bildirs\u0259l\u0259r d\u0259, p\u0259r\u0259sti\u015fkarlar\u0131 meyxana\u00e7\u0131n\u0131n mu\u011fam oxumas\u0131n\u0131 m\u00fcsb\u0259t qar\u015f\u0131lay\u0131blar.<\/p>\n<p><a href=\"https:\/\/Millinews.az\" target=\"_blank\" class=\"kw-link\" rel=\"noopener\">Millinews.az<\/a> bildirir ki, tan\u0131nm\u0131\u015f mu\u011fam ifa\u00e7\u0131s\u0131, \u018fm\u0259kdar artist Nuriyy\u0259 H\u00fcseynova is\u0259 Pravda.az-a a\u00e7\u0131qlamas\u0131nda deyib ki, Bal\u0259linin oxudu\u011fu mu\u011fam deyil: &#13;\n<\/p>\n<p>&#8220;Bal\u0259li bar\u0259d\u0259 m\u0259lumat\u0131m yoxdur. Tan\u0131mad\u0131\u011f\u0131m \u015f\u0259xs haqq\u0131nda he\u00e7 vaxt fikir bildirmir\u0259m. Lakin meyxana\u00e7\u0131n\u0131n s\u00f6z\u00fcged\u0259n ifas\u0131n\u0131 dinl\u0259dim. O, mu\u011fam oxumur. Sad\u0259c\u0259, \u201cBayat\u0131-\u015eiraz\u201d mu\u011fam\u0131, y\u0259ni lad \u00fcz\u0259rind\u0259 avazla q\u0259z\u0259l deyir. Xaric oxumur. Y\u0259ni Bal\u0259li mu\u011fam oxumay\u0131b ki, onu t\u0259nqid ed\u0259k. Meyxana\u00e7\u0131n\u0131n s\u0259sl\u0259ndirdiyi q\u0259z\u0259lin m\u00fc\u0259llifinin kim oldu\u011funu da bilmir\u0259m. Mu\u011fam ba\u015fqa a\u011f\u0131r sah\u0259dir, \u00e7\u0259tin s\u0259n\u0259tdir, tam f\u0259rqlidir. Az\u0259rbaycan xalq musiqisind\u0259 7 \u0259sas mu\u011fam\u0131m\u0131z var. 7 m\u0259qam 7 lad dem\u0259kdir. Mu\u011fam b\u0259\u015f\u0259ri musiqidir. Meyxana\u00e7\u0131lar meyxanan\u0131, yazd\u0131qlar\u0131 qafiy\u0259l\u0259ri hans\u0131sa lad\u0131n \u00fcst\u00fcnd\u0259 oxuyurlar. Ya \u201cBayat\u0131-\u015eiraz\u201d, ya \u201cSeygah\u201d. Mu\u011fam lad\u0131nda hans\u0131sa q\u0259z\u0259li, \u015feiri avazla s\u0259sl\u0259ndirm\u0259k h\u0259l\u0259 mu\u011fam oxumaq dem\u0259k deyil. \u00dcmumiyy\u0259tl\u0259, meyxana janr\u0131n\u0131 \u00e7ox dinl\u0259mir\u0259m. T\u0259sad\u00fcf\u0259n televizoru a\u00e7anda qar\u015f\u0131ma \u00e7\u0131x\u0131r&#8221;.&#13;<br \/>\n        &#13;<br \/>\n&#13;<br \/>\n        &#13;<br \/>\n&#13;\n        <\/p>\n<p><noscript><\/p>\n<p>You must enable Javascript on your browser for the site to work optimally and display sections completely.<\/p>\n<p><\/noscript>\t\t&#13;<br \/>\n\t\t&#13;\n    <\/div>\n<p><script type=\"text\/javascript\">jQuery(document).ready(function () {\n(function(d, s, id) {\n    var js, fjs = d.getElementsByTagName(s)[0];\n    if (d.getElementById(id))\n        return;\n    js = d.createElement(s);\n    js.id = id;\n    js.src = \"\/\/connect.facebook.net\/az_AZ\/all.js#xfbml=1&appId=1002485763137712\";\n    fjs.parentNode.insertBefore(js, fjs);\n}(document, 'script', 'facebook-jssdk'));                \n});<\/script><\/p>\n","protected":false},"excerpt":{"rendered":"<p>&#13; &#13; Meyxana ifa\u00e7\u0131s\u0131 Bal\u0259li X\u0259z\u0259r TV-d\u0259 yay\u0131mlanan \u201cX\u0259z\u0259r ax\u015fam\u0131 verili\u015find\u0259 mu\u011fam ifa etdiyi \u00fc\u00e7\u00fcn t\u0259nqid olunur. Bildirilir ki, meyxana mu\u011famdan tamamil\u0259 f\u0259rql\u0259nir, mu\u011fam\u0131n \u00f6z ustadlar\u0131 var. Mu\u011fam ifa\u00e7\u0131lar\u0131n\u0131n b\u0259zil\u0259ri sosial \u015f\u0259b\u0259k\u0259l\u0259rd\u0259 Bal\u0259linin ifas\u0131na naraz\u0131l\u0131qlar\u0131n\u0131 bildirs\u0259l\u0259r d\u0259, p\u0259r\u0259sti\u015fkarlar\u0131 meyxana\u00e7\u0131n\u0131n mu\u011fam oxumas\u0131n\u0131 m\u00fcsb\u0259t qar\u015f\u0131lay\u0131blar. Millinews.az bildirir ki, tan\u0131nm\u0131\u015f mu\u011fam ifa\u00e7\u0131s\u0131, \u018fm\u0259kdar artist Nuriyy\u0259 H\u00fcseynova is\u0259 Pravda.az-a &hellip;<\/p>\n","protected":false},"author":1,"featured_media":7868,"comment_status":"open","ping_status":"closed","sticky":false,"template":"","format":"standard","meta":{"footnotes":""},"categories":[9],"tags":[],"class_list":["post-7867","post","type-post","status-publish","format-standard","has-post-thumbnail","hentry","category-xeber"],"_links":{"self":[{"href":"https:\/\/millitv.net\/index.php?rest_route=\/wp\/v2\/posts\/7867","targetHints":{"allow":["GET"]}}],"collection":[{"href":"https:\/\/millitv.net\/index.php?rest_route=\/wp\/v2\/posts"}],"about":[{"href":"https:\/\/millitv.net\/index.php?rest_route=\/wp\/v2\/types\/post"}],"author":[{"embeddable":true,"href":"https:\/\/millitv.net\/index.php?rest_route=\/wp\/v2\/users\/1"}],"replies":[{"embeddable":true,"href":"https:\/\/millitv.net\/index.php?rest_route=%2Fwp%2Fv2%2Fcomments&post=7867"}],"version-history":[{"count":0,"href":"https:\/\/millitv.net\/index.php?rest_route=\/wp\/v2\/posts\/7867\/revisions"}],"wp:featuredmedia":[{"embeddable":true,"href":"https:\/\/millitv.net\/index.php?rest_route=\/wp\/v2\/media\/7868"}],"wp:attachment":[{"href":"https:\/\/millitv.net\/index.php?rest_route=%2Fwp%2Fv2%2Fmedia&parent=7867"}],"wp:term":[{"taxonomy":"category","embeddable":true,"href":"https:\/\/millitv.net\/index.php?rest_route=%2Fwp%2Fv2%2Fcategories&post=7867"},{"taxonomy":"post_tag","embeddable":true,"href":"https:\/\/millitv.net\/index.php?rest_route=%2Fwp%2Fv2%2Ftags&post=7867"}],"curies":[{"name":"wp","href":"https:\/\/api.w.org\/{rel}","templated":true}]}}