{"id":7853,"date":"2023-11-03T10:35:03","date_gmt":"2023-11-03T10:35:03","guid":{"rendered":"https:\/\/millinews.az\/xeber\/bagcalarda-%C9%99rzaq-t%C9%99minati-ucun-ayrilan-v%C9%99sait-azalib\/"},"modified":"2023-11-03T10:35:03","modified_gmt":"2023-11-03T10:35:03","slug":"bagcalarda-%C9%99rzaq-t%C9%99minati-ucun-ayrilan-v%C9%99sait-azalib","status":"publish","type":"post","link":"https:\/\/millitv.net\/?p=7853","title":{"rendered":"Ba\u011f\u00e7alarda \u0259rzaq t\u0259minat\u0131 \u00fc\u00e7\u00fcn ayr\u0131lan v\u0259sait azal\u0131b"},"content":{"rendered":"<div id=\"maincontent\">&#13;<br \/>\n        &#13;<\/p>\n<p><strong>Maliyy\u0259 naziri Samir \u015e\u0259rifov ba\u011f\u00e7alarda \u0259rzaq t\u0259minat\u0131 \u00fc\u00e7\u00fcn ayr\u0131lan v\u0259saitin azald\u0131lmas\u0131 il\u0259 ba\u011fl\u0131 m\u0259s\u0259l\u0259y\u0259 ayd\u0131nl\u0131q g\u0259tirib.<\/strong><\/p>\n<p><a href=\"https:\/\/Millinews.az\" target=\"_blank\" class=\"kw-link\" rel=\"noopener\">Millinews.az<\/a> x\u0259b\u0259r verir ki, nazir parlamentd\u0259 \u201cAz\u0259rbaycan Respublikas\u0131n\u0131n 2024-c\u00fc il d\u00f6vl\u0259t b\u00fcdc\u0259si haqq\u0131nda\u201d qanun layih\u0259sinin m\u00fczakir\u0259sind\u0259 s\u0259sl\u0259ndiril\u0259n suallara cavab\u0131nda \u0259rzaq t\u0259minat\u0131 il\u0259 ba\u011fl\u0131 v\u0259saitin azalmas\u0131n\u0131 t\u0259sdiql\u0259yib. &#13;\n<\/p>\n<p>S.\u015e\u0259rifov bildirib ki, do\u011frudan da azalma var: \u201cAmma s\u00f6hb\u0259t madd\u0259l\u0259rd\u0259n gedir. Haz\u0131rda Elm v\u0259 T\u0259hsil Nazirliyi t\u0259k \u0259rzaq x\u0259rcl\u0259ri madd\u0259si \u00fczr\u0259 ba\u011f\u00e7alarda qidalanma m\u0259s\u0259l\u0259l\u0259rini h\u0259ll etmir, eyni zamanda isti yem\u0259k verilm\u0259si yolu il\u0259 ketrinq \u015firk\u0259tl\u0259rini bu i\u015fl\u0259r\u0259 c\u0259lb edirl\u0259r. Art\u0131q ba\u011f\u00e7alara isti yem\u0259kl\u0259r \u00e7atd\u0131r\u0131l\u0131r\u201d.&#13;<br \/>\n        &#13;<br \/>\n&#13;<br \/>\n        &#13;<br \/>\n&#13;\n        <\/p>\n<p><noscript><\/p>\n<p>You must enable Javascript on your browser for the site to work optimally and display sections completely.<\/p>\n<p><\/noscript>\t\t&#13;<br \/>\n\t\t&#13;\n    <\/div>\n<p><script type=\"text\/javascript\">jQuery(document).ready(function () {\n(function(d, s, id) {\n    var js, fjs = d.getElementsByTagName(s)[0];\n    if (d.getElementById(id))\n        return;\n    js = d.createElement(s);\n    js.id = id;\n    js.src = \"\/\/connect.facebook.net\/az_AZ\/all.js#xfbml=1&appId=1002485763137712\";\n    fjs.parentNode.insertBefore(js, fjs);\n}(document, 'script', 'facebook-jssdk'));                \n});<\/script><\/p>\n","protected":false},"excerpt":{"rendered":"<p>&#13; &#13; Maliyy\u0259 naziri Samir \u015e\u0259rifov ba\u011f\u00e7alarda \u0259rzaq t\u0259minat\u0131 \u00fc\u00e7\u00fcn ayr\u0131lan v\u0259saitin azald\u0131lmas\u0131 il\u0259 ba\u011fl\u0131 m\u0259s\u0259l\u0259y\u0259 ayd\u0131nl\u0131q g\u0259tirib. Millinews.az x\u0259b\u0259r verir ki, nazir parlamentd\u0259 \u201cAz\u0259rbaycan Respublikas\u0131n\u0131n 2024-c\u00fc il d\u00f6vl\u0259t b\u00fcdc\u0259si haqq\u0131nda\u201d qanun layih\u0259sinin m\u00fczakir\u0259sind\u0259 s\u0259sl\u0259ndiril\u0259n suallara cavab\u0131nda \u0259rzaq t\u0259minat\u0131 il\u0259 ba\u011fl\u0131 v\u0259saitin azalmas\u0131n\u0131 t\u0259sdiql\u0259yib. &#13; S.\u015e\u0259rifov bildirib ki, do\u011frudan da azalma var: \u201cAmma s\u00f6hb\u0259t madd\u0259l\u0259rd\u0259n &hellip;<\/p>\n","protected":false},"author":1,"featured_media":7854,"comment_status":"open","ping_status":"closed","sticky":false,"template":"","format":"standard","meta":{"footnotes":""},"categories":[9],"tags":[],"class_list":["post-7853","post","type-post","status-publish","format-standard","has-post-thumbnail","hentry","category-xeber"],"_links":{"self":[{"href":"https:\/\/millitv.net\/index.php?rest_route=\/wp\/v2\/posts\/7853","targetHints":{"allow":["GET"]}}],"collection":[{"href":"https:\/\/millitv.net\/index.php?rest_route=\/wp\/v2\/posts"}],"about":[{"href":"https:\/\/millitv.net\/index.php?rest_route=\/wp\/v2\/types\/post"}],"author":[{"embeddable":true,"href":"https:\/\/millitv.net\/index.php?rest_route=\/wp\/v2\/users\/1"}],"replies":[{"embeddable":true,"href":"https:\/\/millitv.net\/index.php?rest_route=%2Fwp%2Fv2%2Fcomments&post=7853"}],"version-history":[{"count":0,"href":"https:\/\/millitv.net\/index.php?rest_route=\/wp\/v2\/posts\/7853\/revisions"}],"wp:featuredmedia":[{"embeddable":true,"href":"https:\/\/millitv.net\/index.php?rest_route=\/wp\/v2\/media\/7854"}],"wp:attachment":[{"href":"https:\/\/millitv.net\/index.php?rest_route=%2Fwp%2Fv2%2Fmedia&parent=7853"}],"wp:term":[{"taxonomy":"category","embeddable":true,"href":"https:\/\/millitv.net\/index.php?rest_route=%2Fwp%2Fv2%2Fcategories&post=7853"},{"taxonomy":"post_tag","embeddable":true,"href":"https:\/\/millitv.net\/index.php?rest_route=%2Fwp%2Fv2%2Ftags&post=7853"}],"curies":[{"name":"wp","href":"https:\/\/api.w.org\/{rel}","templated":true}]}}