{"id":7847,"date":"2023-11-03T10:04:30","date_gmt":"2023-11-03T10:04:30","guid":{"rendered":"https:\/\/millinews.az\/xeber\/aygun-kazimova-olumd%C9%99n-dondu-video\/"},"modified":"2023-11-03T10:04:30","modified_gmt":"2023-11-03T10:04:30","slug":"aygun-kazimova-olumd%C9%99n-dondu-video","status":"publish","type":"post","link":"https:\/\/millitv.net\/?p=7847","title":{"rendered":"Ayg\u00fcn Kaz\u0131mova \u00f6l\u00fcmd\u0259n d\u00f6nd\u00fc &#8211; V\u0130DEO"},"content":{"rendered":"<div id=\"maincontent\">&#13;<br \/>\n        &#13;<\/p>\n<p><strong>Almaniyada xalq artisti Ayg\u00fcn Kaz\u0131mova \u00f6l\u00fcml\u0259 \u00fcz-\u00fcz\u0259 qal\u0131b. <\/strong><\/p>\n<p><a href=\"https:\/\/Millinews.az\" target=\"_blank\" class=\"kw-link\" rel=\"noopener\">Millinews.az<\/a> News24.az-a istinad\u0259n x\u0259b\u0259r verir ki, Xalq artisti, komandas\u0131 v\u0259 teleapar\u0131c\u0131 Afaq G\u0259nc\u0259li olan oteld\u0259 yan\u011f\u0131n h\u0259y\u0259can\u0131 ya\u015fan\u0131b. Tan\u0131nm\u0131\u015flar t\u0259cili olaraq oteld\u0259n ayr\u0131l\u0131b. &#13;\n<\/p>\n<p>A.Kaz\u0131movan\u0131n oteld\u0259n xalatla \u00e7\u0131xmas\u0131 da diqq\u0259t \u00e7\u0259kib.<\/p>\n<p><iframe loading=\"lazy\" title=\"Ayg\u00fcn Kaz\u0131mova Almaniyada \u00f6l\u00fcmd\u0259n d\u00f6nd\u00fc\" width=\"500\" height=\"281\" src=\"https:\/\/www.youtube.com\/embed\/8_rXDmf1VSg?feature=oembed\" frameborder=\"0\" allow=\"accelerometer; autoplay; clipboard-write; encrypted-media; gyroscope; picture-in-picture; web-share\" referrerpolicy=\"strict-origin-when-cross-origin\" allowfullscreen><\/iframe><br \/>&#13;<br \/>\n        &#13;<br \/>\n&#13;<br \/>\n        &#13;<br \/>\n&#13;\n        <\/p>\n<p><noscript><\/p>\n<p>You must enable Javascript on your browser for the site to work optimally and display sections completely.<\/p>\n<p><\/noscript>\t\t&#13;<br \/>\n\t\t&#13;\n    <\/div>\n<p><script type=\"text\/javascript\">jQuery(document).ready(function () {\n(function(d, s, id) {\n    var js, fjs = d.getElementsByTagName(s)[0];\n    if (d.getElementById(id))\n        return;\n    js = d.createElement(s);\n    js.id = id;\n    js.src = \"\/\/connect.facebook.net\/az_AZ\/all.js#xfbml=1&appId=1002485763137712\";\n    fjs.parentNode.insertBefore(js, fjs);\n}(document, 'script', 'facebook-jssdk'));                \n});<\/script><\/p>\n","protected":false},"excerpt":{"rendered":"<p>&#13; &#13; Almaniyada xalq artisti Ayg\u00fcn Kaz\u0131mova \u00f6l\u00fcml\u0259 \u00fcz-\u00fcz\u0259 qal\u0131b. Millinews.az News24.az-a istinad\u0259n x\u0259b\u0259r verir ki, Xalq artisti, komandas\u0131 v\u0259 teleapar\u0131c\u0131 Afaq G\u0259nc\u0259li olan oteld\u0259 yan\u011f\u0131n h\u0259y\u0259can\u0131 ya\u015fan\u0131b. Tan\u0131nm\u0131\u015flar t\u0259cili olaraq oteld\u0259n ayr\u0131l\u0131b. &#13; A.Kaz\u0131movan\u0131n oteld\u0259n xalatla \u00e7\u0131xmas\u0131 da diqq\u0259t \u00e7\u0259kib. &#13; &#13; &#13; &#13; &#13; You must enable Javascript on your browser for the &hellip;<\/p>\n","protected":false},"author":1,"featured_media":7848,"comment_status":"open","ping_status":"closed","sticky":false,"template":"","format":"standard","meta":{"footnotes":""},"categories":[9],"tags":[],"class_list":["post-7847","post","type-post","status-publish","format-standard","has-post-thumbnail","hentry","category-xeber"],"_links":{"self":[{"href":"https:\/\/millitv.net\/index.php?rest_route=\/wp\/v2\/posts\/7847","targetHints":{"allow":["GET"]}}],"collection":[{"href":"https:\/\/millitv.net\/index.php?rest_route=\/wp\/v2\/posts"}],"about":[{"href":"https:\/\/millitv.net\/index.php?rest_route=\/wp\/v2\/types\/post"}],"author":[{"embeddable":true,"href":"https:\/\/millitv.net\/index.php?rest_route=\/wp\/v2\/users\/1"}],"replies":[{"embeddable":true,"href":"https:\/\/millitv.net\/index.php?rest_route=%2Fwp%2Fv2%2Fcomments&post=7847"}],"version-history":[{"count":0,"href":"https:\/\/millitv.net\/index.php?rest_route=\/wp\/v2\/posts\/7847\/revisions"}],"wp:featuredmedia":[{"embeddable":true,"href":"https:\/\/millitv.net\/index.php?rest_route=\/wp\/v2\/media\/7848"}],"wp:attachment":[{"href":"https:\/\/millitv.net\/index.php?rest_route=%2Fwp%2Fv2%2Fmedia&parent=7847"}],"wp:term":[{"taxonomy":"category","embeddable":true,"href":"https:\/\/millitv.net\/index.php?rest_route=%2Fwp%2Fv2%2Fcategories&post=7847"},{"taxonomy":"post_tag","embeddable":true,"href":"https:\/\/millitv.net\/index.php?rest_route=%2Fwp%2Fv2%2Ftags&post=7847"}],"curies":[{"name":"wp","href":"https:\/\/api.w.org\/{rel}","templated":true}]}}