{"id":7833,"date":"2023-11-03T09:03:35","date_gmt":"2023-11-03T09:03:35","guid":{"rendered":"https:\/\/millinews.az\/xeber\/g%C9%99l%C9%99n-il-maas-v%C9%99-t%C9%99qaudl%C9%99r-artacaq\/"},"modified":"2023-11-03T09:03:35","modified_gmt":"2023-11-03T09:03:35","slug":"g%C9%99l%C9%99n-il-maas-v%C9%99-t%C9%99qaudl%C9%99r-artacaq","status":"publish","type":"post","link":"https:\/\/millitv.net\/?p=7833","title":{"rendered":"G\u0259l\u0259n il maa\u015f v\u0259 t\u0259qa\u00fcdl\u0259r artacaq?"},"content":{"rendered":"<div id=\"maincontent\">&#13;<br \/>\n        &#13;<\/p>\n<p><strong\/><strong>Maliyy\u0259 Nazirliyinin 2024-c\u00fc ilin d\u00f6vl\u0259t b\u00fcdc\u0259sinin x\u0259rcl\u0259rinin iqtisadi t\u0259snifat \u00fczr\u0259 b\u00f6lg\u00fcs\u00fcn\u0259 \u0259sas\u0259n n\u00f6vb\u0259ti ild\u0259 d\u00f6vl\u0259t b\u00fcc\u0259sind\u0259n \u0259m\u0259yin \u00f6d\u0259ni\u015fi \u00fczr\u0259 9 milyard 7,2 milyon manat\u0131n x\u0259rcl\u0259nm\u0259si n\u0259z\u0259rd\u0259 tutulur.<\/strong>  Qeyd edil\u0259n g\u00f6st\u0259ricinin hans\u0131 sah\u0259l\u0259rd\u0259 n\u0259 q\u0259d\u0259r \u0259m\u0259khaqq\u0131 art\u0131mlar\u0131n\u0131n olaca\u011f\u0131  bar\u0259d\u0259 suala cavab olaraq iqtisad\u00e7\u0131-ekspert P\u0259rviz Heyd\u0259rov <a href=\"https:\/\/Millinews.az\" target=\"_blank\" class=\"kw-link\" rel=\"noopener\">Millinews.az<\/a>-a bildirdi ki,  h\u00f6kum\u0259t, o c\u00fcml\u0259d\u0259n M\u0259rk\u0259zi Bank ilin sonuna inflyasiyan\u0131n bir r\u0259q\u0259mli s\u0259viyy\u0259d\u0259 qeyd\u0259 al\u0131nmas\u0131n\u0131  g\u00f6zl\u0259yir. Ekspert deyir ki, h\u0259m bu g\u00f6zl\u0259nti, h\u0259m d\u0259 d\u00f6vl\u0259t b\u00fcdc\u0259si bax\u0131m\u0131ndan ilin \u0259vv\u0259li \u00fc\u00e7\u00fcn sosial istiqam\u0259td\u0259 art\u0131mlar n\u0259z\u0259rd\u0259 tutulmur:<\/p>\n<p><img loading=\"lazy\" decoding=\"async\" src=\"https:\/\/Millinews.az\/uploads\/323\/af469d94a9-4075258090810005731920x08000f17309edf4d269c11e1badc35f5f3e91.jpg\" width=\"483\" height=\"273\" style=\"width: 483px; height: 273px;\" alt=\"\" title=\"\"><br \/>&#13;\n<\/p>\n<p>\u201c\u0130lkin variantda, y\u0259ni minimum \u0259m\u0259khaqq\u0131n\u0131n art\u0131r\u0131lmas\u0131, minimum pensiya m\u0259bl\u0259\u011finin y\u00fcks\u0259ldilm\u0259si v\u0259 s planla\u015fd\u0131r\u0131lmasa da, bu o dem\u0259k deyil ki, il \u0259rzind\u0259 bel\u0259 bir add\u0131m at\u0131lmaya bil\u0259r. Hesab edir\u0259m ki, hal-haz\u0131rk\u0131 d\u00f6vr, iqtisadi reall\u0131q bir q\u0259d\u0259r qeyri-m\u00fc\u0259yy\u0259n dumanl\u0131 xarakter da\u015f\u0131d\u0131\u011f\u0131ndan h\u00f6kum\u0259t h\u0259l\u0259lik bu bar\u0259d\u0259 konkret m\u00f6vqe se\u00e7m\u0259yib.  Prosesl\u0259rin gedi\u015fat\u0131ndan as\u0131l\u0131 olaraq ilin birinci r\u00fcb\u00fcnd\u0259n sonra v\u0259 yaxud da ikinci yar\u0131s\u0131nda bu add\u0131m\u0131n at\u0131lmas\u0131 ehtimal\u0131 m\u00f6vcuddur y\u0259ni  be\u015finci sosial paketin icras\u0131 m\u00fcmk\u00fcnd\u00fcr, amma h\u0259l\u0259 ki, ilin \u0259vv\u0259lind\u0259n bu n\u0259z\u0259rd\u0259 tutulur. Bununla bel\u0259, ola bilsin ki, bir s\u0131ra sosial \u00f6d\u0259ni\u015fl\u0259r \u00fczr\u0259 art\u0131mlar olsun.  <\/p>\n<p>Xat\u0131rlad\u0131m ki,  ilin \u0259vv\u0259lind\u0259 \u0259m\u0259k pensiyalar\u0131n\u0131n indeksl\u0259\u015fdirilm\u0259si d\u0259 h\u0259yata ke\u00e7iril\u0259c\u0259k. Y\u0259ni \u0259m\u0259k pensiyalar\u0131nda da art\u0131m ba\u015f ver\u0259c\u0259k. Bahala\u015fma, inflyasiya tempinin \u00f6z\u00fcn\u00fc hans\u0131 v\u0259ziyy\u0259td\u0259 g\u00f6st\u0259rm\u0259yind\u0259n as\u0131l\u0131 olaraq, h\u00f6kum\u0259t d\u0259 m\u00f6vcud b\u00fcdc\u0259 imkanlar\u0131na bax\u0131b 2024-c\u00fc il \u0259rzind\u0259 minimum \u0259m\u0259khaqq\u0131n\u0131n art\u0131r\u0131lmas\u0131 istiqam\u0259tind\u0259 add\u0131m ata bil\u0259r\u201d.<\/p>\n<p>Ekspert onu da qeyd etdi ki, 2019-cu ild\u0259n b\u0259ri son be\u015f il \u0259rzind\u0259 d\u00f6rd sosial paket h\u0259yata ke\u00e7irilib. Bunun n\u0259tic\u0259sind\u0259 \u00f6lk\u0259d\u0259 minimum \u0259m\u0259k haqq\u0131 345 manata, minimum pensiya m\u0259bl\u0259\u011fi 200 manata g\u0259lib \u00e7at\u0131b. \u018fhalinin g\u0259lirl\u0259rind\u0259, sosial m\u00fcavin\u0259tl\u0259r, t\u0259qa\u00fcdl\u0259r v\u0259 bir s\u0131ra \u00f6d\u0259ni\u015fl\u0259rin m\u0259bl\u0259\u011find\u0259 art\u0131mlar\u0131n oldu\u011funu vur\u011fulayan P\u0259rviz Heyd\u0259rov xat\u0131rlatd\u0131 ki, \u00f6lk\u0259d\u0259 orta ayl\u0131q \u0259m\u0259khaqq\u0131 s\u0259viyy\u0259si d\u0259 n\u00f6vb\u0259ti il \u00fc\u00e7\u00fcn 930 manatdan 980 manata y\u00fcks\u0259l\u0259c\u0259k.<\/p>\n<p>G\u00fclb\u0259niz H\u00fcseynli \/ <a href=\"https:\/\/Millinews.az\" target=\"_blank\" class=\"kw-link\" rel=\"noopener\">Millinews.az<\/a>&#13;<br \/>\n        &#13;<br \/>\n&#13;<br \/>\n        &#13;<br \/>\n&#13;\n        <\/p>\n<p><noscript><\/p>\n<p>You must enable Javascript on your browser for the site to work optimally and display sections completely.<\/p>\n<p><\/noscript>\t\t&#13;<br \/>\n\t\t&#13;\n    <\/div>\n<p><script type=\"text\/javascript\">jQuery(document).ready(function () {\n(function(d, s, id) {\n    var js, fjs = d.getElementsByTagName(s)[0];\n    if (d.getElementById(id))\n        return;\n    js = d.createElement(s);\n    js.id = id;\n    js.src = \"\/\/connect.facebook.net\/az_AZ\/all.js#xfbml=1&appId=1002485763137712\";\n    fjs.parentNode.insertBefore(js, fjs);\n}(document, 'script', 'facebook-jssdk'));                \n});<\/script><\/p>\n","protected":false},"excerpt":{"rendered":"<p>&#13; &#13; Maliyy\u0259 Nazirliyinin 2024-c\u00fc ilin d\u00f6vl\u0259t b\u00fcdc\u0259sinin x\u0259rcl\u0259rinin iqtisadi t\u0259snifat \u00fczr\u0259 b\u00f6lg\u00fcs\u00fcn\u0259 \u0259sas\u0259n n\u00f6vb\u0259ti ild\u0259 d\u00f6vl\u0259t b\u00fcc\u0259sind\u0259n \u0259m\u0259yin \u00f6d\u0259ni\u015fi \u00fczr\u0259 9 milyard 7,2 milyon manat\u0131n x\u0259rcl\u0259nm\u0259si n\u0259z\u0259rd\u0259 tutulur. Qeyd edil\u0259n g\u00f6st\u0259ricinin hans\u0131 sah\u0259l\u0259rd\u0259 n\u0259 q\u0259d\u0259r \u0259m\u0259khaqq\u0131 art\u0131mlar\u0131n\u0131n olaca\u011f\u0131 bar\u0259d\u0259 suala cavab olaraq iqtisad\u00e7\u0131-ekspert P\u0259rviz Heyd\u0259rov Millinews.az-a bildirdi ki, h\u00f6kum\u0259t, o c\u00fcml\u0259d\u0259n M\u0259rk\u0259zi Bank ilin &hellip;<\/p>\n","protected":false},"author":1,"featured_media":7834,"comment_status":"open","ping_status":"closed","sticky":false,"template":"","format":"standard","meta":{"footnotes":""},"categories":[9],"tags":[],"class_list":["post-7833","post","type-post","status-publish","format-standard","has-post-thumbnail","hentry","category-xeber"],"_links":{"self":[{"href":"https:\/\/millitv.net\/index.php?rest_route=\/wp\/v2\/posts\/7833","targetHints":{"allow":["GET"]}}],"collection":[{"href":"https:\/\/millitv.net\/index.php?rest_route=\/wp\/v2\/posts"}],"about":[{"href":"https:\/\/millitv.net\/index.php?rest_route=\/wp\/v2\/types\/post"}],"author":[{"embeddable":true,"href":"https:\/\/millitv.net\/index.php?rest_route=\/wp\/v2\/users\/1"}],"replies":[{"embeddable":true,"href":"https:\/\/millitv.net\/index.php?rest_route=%2Fwp%2Fv2%2Fcomments&post=7833"}],"version-history":[{"count":0,"href":"https:\/\/millitv.net\/index.php?rest_route=\/wp\/v2\/posts\/7833\/revisions"}],"wp:featuredmedia":[{"embeddable":true,"href":"https:\/\/millitv.net\/index.php?rest_route=\/wp\/v2\/media\/7834"}],"wp:attachment":[{"href":"https:\/\/millitv.net\/index.php?rest_route=%2Fwp%2Fv2%2Fmedia&parent=7833"}],"wp:term":[{"taxonomy":"category","embeddable":true,"href":"https:\/\/millitv.net\/index.php?rest_route=%2Fwp%2Fv2%2Fcategories&post=7833"},{"taxonomy":"post_tag","embeddable":true,"href":"https:\/\/millitv.net\/index.php?rest_route=%2Fwp%2Fv2%2Ftags&post=7833"}],"curies":[{"name":"wp","href":"https:\/\/api.w.org\/{rel}","templated":true}]}}